{"id":88345,"date":"2025-12-29T08:38:10","date_gmt":"2025-12-29T08:38:10","guid":{"rendered":"https:\/\/www.europesays.com\/lv\/88345\/"},"modified":"2025-12-29T08:38:10","modified_gmt":"2025-12-29T08:38:10","slug":"video-%e2%9f%a9-izdevas-saglabat-pieklajibu-zelenski-parsteidz-trampa-izteikums-par-putinu","status":"publish","type":"post","link":"https:\/\/www.europesays.com\/lv\/88345\/","title":{"rendered":"VIDEO \u27e9 &#8220;Izdev\u0101s saglab\u0101t piekl\u0101j\u012bbu.&#8221; Zelenski p\u0101rsteidz Trampa izteikums par Putinu"},"content":{"rendered":"<p>Jau v\u0113st\u012bts, ka Tramps sv\u0113tdien p\u0113c sarun\u0101m ar Zelenski pazi\u0146oja, ka Ukraina un <a href=\"https:\/\/www.apollo.lv\/term\/555452\/krievija\" class=\"topicLink\" target=\"_blank\" rel=\"nofollow noopener\">Krievija<\/a> tuvojas risin\u0101jumam par Donbasa teritoriju, ta\u010du tas joproj\u0101m ir sare\u017e\u0123\u012bti.<\/p>\n<p>&#8220;Tas nav atrisin\u0101ts, bet tas tuvojas. Tas ir \u013coti gr\u016bts jaut\u0101jums, bet, manupr\u0101t, tas tiks atrisin\u0101ts,&#8221; Tramps sac\u012bja \u017eurn\u0101listiem, atbildot uz jaut\u0101jumu par Donbasu, kop\u012bgi uzst\u0101joties sav\u0101 &#8220;Mar-a-Lago&#8221; \u012bpa\u0161um\u0101 ar Zelenski.<\/p>\n<p>Ukrainas prezidents piebilda, ka &#8220;m\u016bsu attieksme ir \u013coti skaidra. T\u0101d\u0113\u013c prezidents Tramps teica, ka \u0161is ir \u013coti sare\u017e\u0123\u012bts jaut\u0101jums, un, protams, m\u016bsu poz\u012bcija at\u0161\u0137iras no Krievijas poz\u012bcijas&#8221;.<\/p>\n<p>Tramps nosauca tik\u0161anos ar Zelenski par &#8220;br\u012bni\u0161\u0137\u012bgu&#8221;.<\/p>\n","protected":false},"excerpt":{"rendered":"Jau v\u0113st\u012bts, ka Tramps sv\u0113tdien p\u0113c sarun\u0101m ar Zelenski pazi\u0146oja, ka Ukraina un Krievija tuvojas risin\u0101jumam par Donbasa&hellip;\n","protected":false},"author":2,"featured_media":88346,"comment_status":"","ping_status":"","sticky":false,"template":"","format":"standard","meta":{"footnotes":""},"categories":[14],"tags":[23,57,28,29,542,32,33,22,234,74,30,31,35,39,38,36,37,34,40,20,26,27,24,25,276,54,55,56,21,58],"class_list":{"0":"post-88345","1":"post","2":"type-post","3":"status-publish","4":"format-standard","5":"has-post-thumbnail","7":"category-zinas-no-arvalstim","8":"tag-aktualitates","9":"tag-arvalstim","10":"tag-breaking-news","11":"tag-breakingnews","12":"tag-donalds-tramps","13":"tag-featured-news","14":"tag-featurednews","15":"tag-headlines","16":"tag-krievija","17":"tag-krievijas-iebrukums-ukraina","18":"tag-latest-news","19":"tag-latestnews","20":"tag-latvia","21":"tag-latvian","22":"tag-latviesu","23":"tag-latviesu-valoda","24":"tag-latviesuvaloda","25":"tag-latvija","26":"tag-lv","27":"tag-news","28":"tag-popularakas-zinas","29":"tag-popularakaszinas","30":"tag-top-stories","31":"tag-topstories","32":"tag-ukraina","33":"tag-world","34":"tag-world-news","35":"tag-worldnews","36":"tag-zinas","37":"tag-zinas-no-arvalstim"},"share_on_mastodon":{"url":"https:\/\/pubeurope.com\/@lv\/115801954962812405","error":""},"_links":{"self":[{"href":"https:\/\/www.europesays.com\/lv\/wp-json\/wp\/v2\/posts\/88345","targetHints":{"allow":["GET"]}}],"collection":[{"href":"https:\/\/www.europesays.com\/lv\/wp-json\/wp\/v2\/posts"}],"about":[{"href":"https:\/\/www.europesays.com\/lv\/wp-json\/wp\/v2\/types\/post"}],"author":[{"embeddable":true,"href":"https:\/\/www.europesays.com\/lv\/wp-json\/wp\/v2\/users\/2"}],"replies":[{"embeddable":true,"href":"https:\/\/www.europesays.com\/lv\/wp-json\/wp\/v2\/comments?post=88345"}],"version-history":[{"count":0,"href":"https:\/\/www.europesays.com\/lv\/wp-json\/wp\/v2\/posts\/88345\/revisions"}],"wp:featuredmedia":[{"embeddable":true,"href":"https:\/\/www.europesays.com\/lv\/wp-json\/wp\/v2\/media\/88346"}],"wp:attachment":[{"href":"https:\/\/www.europesays.com\/lv\/wp-json\/wp\/v2\/media?parent=88345"}],"wp:term":[{"taxonomy":"category","embeddable":true,"href":"https:\/\/www.europesays.com\/lv\/wp-json\/wp\/v2\/categories?post=88345"},{"taxonomy":"post_tag","embeddable":true,"href":"https:\/\/www.europesays.com\/lv\/wp-json\/wp\/v2\/tags?post=88345"}],"curies":[{"name":"wp","href":"https:\/\/api.w.org\/{rel}","templated":true}]}}