{"id":88354,"date":"2025-12-29T08:43:07","date_gmt":"2025-12-29T08:43:07","guid":{"rendered":"https:\/\/www.europesays.com\/lv\/88354\/"},"modified":"2025-12-29T08:43:07","modified_gmt":"2025-12-29T08:43:07","slug":"laba-zina-pateretajiem-nakamgad-gazes-cenas-turpinas-samazinaties","status":"publish","type":"post","link":"https:\/\/www.europesays.com\/lv\/88354\/","title":{"rendered":"&#8220;Laba zi\u0146a pat\u0113r\u0113t\u0101jiem.&#8221; N\u0101kamgad g\u0101zes cenas turpin\u0101s samazin\u0101ties"},"content":{"rendered":"<blockquote class=\"quote ck-widget\" contenteditable=\"false\">\n<p>&#8220;Laba zi\u0146a pat\u0113r\u0113t\u0101jiem ir, ka m\u016bs sagaida cenu stabilit\u0101te g\u0101zes tirg\u016b. Visticam\u0101k, cenas turpin\u0101s samazin\u0101ties, kas noz\u012bm\u0113, ka gan m\u0101jsaimniec\u012bbas, gan uz\u0146\u0113mumi arvien akt\u012bv\u0101k apspried\u012bs iesp\u0113jas apkurei izv\u0113l\u0113ties tie\u0161i dabasg\u0101zi,&#8221; pauda Skulte.<\/p>\n<\/blockquote>\n<p>Vi\u0146\u0161 nor\u0101d\u012bja, ka 2026. gad\u0101 b\u016btiski izaicin\u0101jumi elektroener\u0123ijas un dabasg\u0101zes tirg\u016b b\u016bs saist\u012bti ar pat\u0113ri\u0146a veicin\u0101\u0161anu. Nozar\u0113 past\u0101v pla\u0161as izaugsmes iesp\u0113jas, ta\u010du b\u016btisku invest\u012bciju, piem\u0113ram, infrastrukt\u016bras projektos, pamatot\u012bba un turpm\u0101ka nozares att\u012bst\u012bba ir iesp\u0113jama tikai tad, ja tam ir ekonomisks pamatojums, proti, ja kop\u0113jais ener\u0123ijas pat\u0113ri\u0146\u0161 pieaug. Latvij\u0101 elektr\u012bbas un dabasg\u0101zes pat\u0113ri\u0146\u0161 uz vienu iedz\u012bvot\u0101ju joproj\u0101m ir viens no zem\u0101kajiem Eiropas Savien\u012bb\u0101, un tas tie\u0161i atspogu\u013co valsts ekonomiskos apst\u0101k\u013cus.<\/p>\n<p>&#8220;Ja agr\u0101k galvenie izaicin\u0101jumi bija saist\u012bti ar dabasg\u0101zes pieg\u0101\u017eu apjomu un pieejam\u012bbu, tad patlaban uzman\u012bbas centr\u0101 ir piepras\u012bjuma veicin\u0101\u0161ana un pat\u0113ri\u0146a palielin\u0101\u0161ana. Savuk\u0101rt tas noz\u012bm\u0113 ar\u012b pla\u0161\u0101ku jaut\u0101jumu &#8211; valstij j\u0101dom\u0101 par kop\u0113j\u0101s ekonomisk\u0101s aktivit\u0101tes stiprin\u0101\u0161anu, kas rad\u012btu pamatu ener\u0123ijas tirgus att\u012bst\u012bbai,&#8221; pauda Skulte.<\/p>\n<p>Vi\u0146\u0161 nor\u0101d\u012bja, ka kopum\u0101 n\u0101kamais gads ener\u0123\u0113tikas nozarei b\u016bs stabils, ar turpm\u0101ku cenu samazin\u0101\u0161anos un aizvien liel\u0101ku uzsvaru uz viet\u0113jiem, atjaunojamiem energoresursiem un ener\u0123ijas uzglab\u0101\u0161anas risin\u0101jumiem.<\/p>\n<p>&#8220;Firmas.lv&#8221; inform\u0101cija liecina, ka &#8220;Elenger&#8221; apgroz\u012bjums pag\u0101ju\u0161aj\u0101 gad\u0101 bija 67,068 miljoni eiro, kas ir par 21,3% maz\u0101k nek\u0101 gadu iepriek\u0161, bet komp\u0101nijas pe\u013c\u0146a saruka par 49,1% un bija 1,97 miljoni eiro.<\/p>\n<p>&#8220;Elenger&#8221; re\u0123istr\u0113ta 2017. gad\u0101, un t\u0101 pamatkapit\u0101ls ir 2800 eiro. Komp\u0101nija pieder Igaunij\u0101 re\u0123istr\u0113tajai &#8220;Eesti Gaas&#8221;. Uz\u0146\u0113muma galvenie pieg\u0101des partneri ir starptautisk\u0101s ener\u0123\u0113tikas grupas &#8220;Vitol&#8221; un &#8220;Total&#8221;, k\u0101 ar\u012b Norv\u0113\u0123ijas izcelsmes komp\u0101nija &#8220;Equinor&#8221;.<\/p>\n","protected":false},"excerpt":{"rendered":"&#8220;Laba zi\u0146a pat\u0113r\u0113t\u0101jiem ir, ka m\u016bs sagaida cenu stabilit\u0101te g\u0101zes tirg\u016b. Visticam\u0101k, cenas turpin\u0101s samazin\u0101ties, kas noz\u012bm\u0113, ka&hellip;\n","protected":false},"author":2,"featured_media":88355,"comment_status":"","ping_status":"","sticky":false,"template":"","format":"standard","meta":{"footnotes":""},"categories":[16],"tags":[77,76,6978,3568,3569,35,39,38,36,37,34,40],"class_list":{"0":"post-88354","1":"post","2":"type-post","3":"status-publish","4":"format-standard","5":"has-post-thumbnail","7":"category-bizness","8":"tag-bizness","9":"tag-business","10":"tag-dabasgaze","11":"tag-gaze","12":"tag-gazes-tirgus","13":"tag-latvia","14":"tag-latvian","15":"tag-latviesu","16":"tag-latviesu-valoda","17":"tag-latviesuvaloda","18":"tag-latvija","19":"tag-lv"},"share_on_mastodon":{"url":"https:\/\/pubeurope.com\/@lv\/115801974701587129","error":""},"_links":{"self":[{"href":"https:\/\/www.europesays.com\/lv\/wp-json\/wp\/v2\/posts\/88354","targetHints":{"allow":["GET"]}}],"collection":[{"href":"https:\/\/www.europesays.com\/lv\/wp-json\/wp\/v2\/posts"}],"about":[{"href":"https:\/\/www.europesays.com\/lv\/wp-json\/wp\/v2\/types\/post"}],"author":[{"embeddable":true,"href":"https:\/\/www.europesays.com\/lv\/wp-json\/wp\/v2\/users\/2"}],"replies":[{"embeddable":true,"href":"https:\/\/www.europesays.com\/lv\/wp-json\/wp\/v2\/comments?post=88354"}],"version-history":[{"count":0,"href":"https:\/\/www.europesays.com\/lv\/wp-json\/wp\/v2\/posts\/88354\/revisions"}],"wp:featuredmedia":[{"embeddable":true,"href":"https:\/\/www.europesays.com\/lv\/wp-json\/wp\/v2\/media\/88355"}],"wp:attachment":[{"href":"https:\/\/www.europesays.com\/lv\/wp-json\/wp\/v2\/media?parent=88354"}],"wp:term":[{"taxonomy":"category","embeddable":true,"href":"https:\/\/www.europesays.com\/lv\/wp-json\/wp\/v2\/categories?post=88354"},{"taxonomy":"post_tag","embeddable":true,"href":"https:\/\/www.europesays.com\/lv\/wp-json\/wp\/v2\/tags?post=88354"}],"curies":[{"name":"wp","href":"https:\/\/api.w.org\/{rel}","templated":true}]}}