{"id":88356,"date":"2025-12-29T08:44:10","date_gmt":"2025-12-29T08:44:10","guid":{"rendered":"https:\/\/www.europesays.com\/lv\/88356\/"},"modified":"2025-12-29T08:44:10","modified_gmt":"2025-12-29T08:44:10","slug":"noslepumaina-soigu-vietnieka-nave-nra-lv","status":"publish","type":"post","link":"https:\/\/www.europesays.com\/lv\/88356\/","title":{"rendered":"Nosl\u0113pumain\u0101 \u0160oigu vietnieka n\u0101ve &#8211; nra.lv"},"content":{"rendered":"<p class=\"descr\">Sadovenko tika atlaists no Krievijas Aizsardz\u012bbas ministrijas 2024. gada maij\u0101 p\u0113c \u0160oigu atk\u0101p\u0161an\u0101s &#8211; t\u0101 bija da\u013ca no pla\u0161a m\u0113roga t\u012br\u012b\u0161anas, raksta \u201cdialog.ua\u201d.<\/p>\n<p>Krievijas mediji public\u0113ju\u0161i inform\u0101ciju par biju\u0161\u0101 ministra \u0160oigu vietnieka nosl\u0113pumaino n\u0101vi &#8211; saska\u0146\u0101 ar \u201cTelegram\u201d emu\u0101ru &#8220;VChK-OGPU&#8221;, kas specializ\u0113jas Krievijas dro\u0161\u012bbas amatpersonu inform\u0101cijas nopludin\u0101\u0161an\u0101, Jurija Sadovenko n\u0101ve \u0161\u0137iet \u013coti d\u012bvaina. Vi\u0146\u0161 p\u0113k\u0161\u0146i saslima 12. novembr\u012b &#8211; aptuveni taj\u0101 pa\u0161\u0101 laik\u0101 par\u0101d\u012bj\u0101s zi\u0146as par atent\u0101ta m\u0113\u0123in\u0101jumu pret \u0160oigu.<\/p>\n<p>Saska\u0146\u0101 ar sniegto inform\u0101ciju, 56 gadus veco Sadovenko steidzami nog\u0101d\u0101ja slimn\u012bc\u0101 Maskav\u0101. Vi\u0146a st\u0101voklis strauji pasliktin\u0101j\u0101s, un 17. novembr\u012b \u0101rsti veica neatliekamu sirds transplant\u0101ciju. Lai ar\u012b oper\u0101cija bija veiksm\u012bga, tom\u0113r biju\u0161ais ier\u0113dnis nomira m\u0113nesi v\u0113l\u0101k. <\/p>\n<p>Ofici\u0101li par vi\u0146a n\u0101vi tika pazi\u0146ots 25. decembr\u012b, nor\u0101dot neskaidru n\u0101ves c\u0113loni &#8211; &#8220;sirds slim\u012bba&#8221;. Neofici\u0101li tiek run\u0101ts par infekciju, nieru mazsp\u0113ju un aizku\u0146\u0123a dziedzera mazsp\u0113ju.<\/p>\n<p>Sadovenko tika atlaists no Krievijas Aizsardz\u012bbas ministrijas 2024. gada maij\u0101 p\u0113c \u0160oigu atk\u0101p\u0161an\u0101s no amata. Tas notika pla\u0161a m\u0113roga t\u012br\u012b\u0161anas ietvaros, kuras laik\u0101 tika arest\u0113ti augsta ranga ier\u0113d\u0146i.<\/p>\n<p>Tiek min\u0113ts, ka Sadovenko, iesp\u0113jams, sadarboj\u0101s ar FSB un nodeva Krievijas Aizsardz\u012bbas ministrijai inform\u0101ciju par korupciju, <a href=\"https:\/\/nra.lv\/pasaule\/505372-putina-augsta-ranga-ierednis-apsudz-rietumus-par-krievijas-sabrukuma-planiem.htm\" data-item-link=\"true\" data-item-id=\"505372\" rel=\"nofollow noopener\" target=\"_blank\">\u0160oigu<\/a> tuviem cilv\u0113kiem, Krievijas armijas patieso st\u0101vokli un gatavo\u0161anos karam pret Ukrainu.<\/p>\n<p>\t\t\t\t\t\tinfo<\/p>\n<p>Uzzini pirmais<br \/>kas interesants noticis Latvij\u0101 un pasaul\u0113,<br \/>pievienojoties mums <a href=\"https:\/\/t.me\/neatkariga\" rel=\"nofollow\">Telegram<\/a> vai <a href=\"https:\/\/whatsapp.com\/channel\/0029VaMLFUH5K3zLU5s4wm3y\" rel=\"nofollow noopener\" target=\"_blank\">Whatsapp<\/a> kan\u0101l\u0101<\/p>\n","protected":false},"excerpt":{"rendered":"Sadovenko tika atlaists no Krievijas Aizsardz\u012bbas ministrijas 2024. gada maij\u0101 p\u0113c \u0160oigu atk\u0101p\u0161an\u0101s &#8211; t\u0101 bija da\u013ca no&hellip;\n","protected":false},"author":2,"featured_media":88357,"comment_status":"","ping_status":"","sticky":false,"template":"","format":"standard","meta":{"footnotes":""},"categories":[14],"tags":[23,57,28,29,32,33,22,30,31,35,39,38,36,37,34,40,20,26,27,24,25,54,55,56,21,58],"class_list":{"0":"post-88356","1":"post","2":"type-post","3":"status-publish","4":"format-standard","5":"has-post-thumbnail","7":"category-zinas-no-arvalstim","8":"tag-aktualitates","9":"tag-arvalstim","10":"tag-breaking-news","11":"tag-breakingnews","12":"tag-featured-news","13":"tag-featurednews","14":"tag-headlines","15":"tag-latest-news","16":"tag-latestnews","17":"tag-latvia","18":"tag-latvian","19":"tag-latviesu","20":"tag-latviesu-valoda","21":"tag-latviesuvaloda","22":"tag-latvija","23":"tag-lv","24":"tag-news","25":"tag-popularakas-zinas","26":"tag-popularakaszinas","27":"tag-top-stories","28":"tag-topstories","29":"tag-world","30":"tag-world-news","31":"tag-worldnews","32":"tag-zinas","33":"tag-zinas-no-arvalstim"},"share_on_mastodon":{"url":"https:\/\/pubeurope.com\/@lv\/115801978547230618","error":""},"_links":{"self":[{"href":"https:\/\/www.europesays.com\/lv\/wp-json\/wp\/v2\/posts\/88356","targetHints":{"allow":["GET"]}}],"collection":[{"href":"https:\/\/www.europesays.com\/lv\/wp-json\/wp\/v2\/posts"}],"about":[{"href":"https:\/\/www.europesays.com\/lv\/wp-json\/wp\/v2\/types\/post"}],"author":[{"embeddable":true,"href":"https:\/\/www.europesays.com\/lv\/wp-json\/wp\/v2\/users\/2"}],"replies":[{"embeddable":true,"href":"https:\/\/www.europesays.com\/lv\/wp-json\/wp\/v2\/comments?post=88356"}],"version-history":[{"count":0,"href":"https:\/\/www.europesays.com\/lv\/wp-json\/wp\/v2\/posts\/88356\/revisions"}],"wp:featuredmedia":[{"embeddable":true,"href":"https:\/\/www.europesays.com\/lv\/wp-json\/wp\/v2\/media\/88357"}],"wp:attachment":[{"href":"https:\/\/www.europesays.com\/lv\/wp-json\/wp\/v2\/media?parent=88356"}],"wp:term":[{"taxonomy":"category","embeddable":true,"href":"https:\/\/www.europesays.com\/lv\/wp-json\/wp\/v2\/categories?post=88356"},{"taxonomy":"post_tag","embeddable":true,"href":"https:\/\/www.europesays.com\/lv\/wp-json\/wp\/v2\/tags?post=88356"}],"curies":[{"name":"wp","href":"https:\/\/api.w.org\/{rel}","templated":true}]}}