{"id":88358,"date":"2025-12-29T08:45:10","date_gmt":"2025-12-29T08:45:10","guid":{"rendered":"https:\/\/www.europesays.com\/lv\/88358\/"},"modified":"2025-12-29T08:45:10","modified_gmt":"2025-12-29T08:45:10","slug":"valsts-asinsdonoru-centrs-aicina-ziedot-asinis","status":"publish","type":"post","link":"https:\/\/www.europesays.com\/lv\/88358\/","title":{"rendered":"Valsts asinsdonoru centrs aicina ziedot asinis"},"content":{"rendered":"<p>\u0160obr\u012bd centr\u0101 gaida visu asins grupu donorus, \u012bpa\u0161i A-, B- un O-.<\/p>\n<p>Tuvojoties Jaun\u0101 gada br\u012bvdien\u0101m, <a href=\"https:\/\/www.tvnet.lv\/term\/565522\/valsts-asinsdonoru-centrs\" class=\"topicLink\" target=\"_blank\" rel=\"nofollow noopener\">Valsts asinsdonoru centrs<\/a> (<a href=\"https:\/\/www.tvnet.lv\/term\/568795\/vadc\" class=\"topicLink\" target=\"_blank\" rel=\"nofollow noopener\">VADC<\/a>) aicina sabiedr\u012bbu ziedot asinis un sniegt dz\u012bv\u012bbu gl\u0101bjo\u0161u atbalstu.<\/p>\n<p>Pacientu \u0101rst\u0113\u0161ana turpin\u0101s ar\u012b sv\u0113tkos, un tie\u0161i \u0161aj\u0101 laik\u0101 asins kr\u0101jumi ir \u012bpa\u0161i svar\u012bgi.<\/p>\n<p>VADC aicina ziedot pirmssv\u0113tku un starpsv\u0113tku dien\u0101s, kad centrs b\u016bs atv\u0113rts: 29. un 30. decembr\u012b, k\u0101 ar\u012b 2. janv\u0101r\u012b, k\u0101 ar\u012b izbraukumos pa visu Latviju. Ziedojumi \u0161aj\u0101 period\u0101 nodro\u0161ina, ka medi\u0137i var sniegt pal\u012bdz\u012bbu visiem pacientiem, kuriem t\u0101 ir nepiecie\u0161ama, ar\u012b sv\u0113tku dien\u0101s un p\u0113c sv\u0113tku period\u0101.<\/p>\n<blockquote class=\"quote ck-widget\" contenteditable=\"false\">\n<p>\u0160ajos sv\u0113tkos d\u0101v\u0101 to, kas patie\u0161\u0101m svar\u012bgi &#8211; dz\u012bv\u012bbu.<\/p>\n<\/blockquote>\n<p>Pla\u0161\u0101ka inform\u0101cija par darba laikiem un ziedo\u0161anas viet\u0101m pieejama donors.lv un VADC soci\u0101lajos medijos.<\/p>\n<p>VADC pateicas visiem donoriem par l\u012bdzciet\u012bbu, atbild\u012bbu un r\u016bp\u0113m par l\u012bdzcilv\u0113kiem<\/p>\n","protected":false},"excerpt":{"rendered":"\u0160obr\u012bd centr\u0101 gaida visu asins grupu donorus, \u012bpa\u0161i A-, B- un O-. Tuvojoties Jaun\u0101 gada br\u012bvdien\u0101m, Valsts asinsdonoru&hellip;\n","protected":false},"author":2,"featured_media":88359,"comment_status":"","ping_status":"","sticky":false,"template":"","format":"standard","meta":{"footnotes":""},"categories":[12],"tags":[23,28,29,32,33,22,30,31,35,39,38,36,37,34,40,20,26,27,24,25,22477,19104,21],"class_list":{"0":"post-88358","1":"post","2":"type-post","3":"status-publish","4":"format-standard","5":"has-post-thumbnail","7":"category-latvija","8":"tag-aktualitates","9":"tag-breaking-news","10":"tag-breakingnews","11":"tag-featured-news","12":"tag-featurednews","13":"tag-headlines","14":"tag-latest-news","15":"tag-latestnews","16":"tag-latvia","17":"tag-latvian","18":"tag-latviesu","19":"tag-latviesu-valoda","20":"tag-latviesuvaloda","21":"tag-latvija","22":"tag-lv","23":"tag-news","24":"tag-popularakas-zinas","25":"tag-popularakaszinas","26":"tag-top-stories","27":"tag-topstories","28":"tag-vadc","29":"tag-valsts-asinsdonoru-centrs","30":"tag-zinas"},"share_on_mastodon":{"url":"https:\/\/pubeurope.com\/@lv\/115801982458221101","error":""},"_links":{"self":[{"href":"https:\/\/www.europesays.com\/lv\/wp-json\/wp\/v2\/posts\/88358","targetHints":{"allow":["GET"]}}],"collection":[{"href":"https:\/\/www.europesays.com\/lv\/wp-json\/wp\/v2\/posts"}],"about":[{"href":"https:\/\/www.europesays.com\/lv\/wp-json\/wp\/v2\/types\/post"}],"author":[{"embeddable":true,"href":"https:\/\/www.europesays.com\/lv\/wp-json\/wp\/v2\/users\/2"}],"replies":[{"embeddable":true,"href":"https:\/\/www.europesays.com\/lv\/wp-json\/wp\/v2\/comments?post=88358"}],"version-history":[{"count":0,"href":"https:\/\/www.europesays.com\/lv\/wp-json\/wp\/v2\/posts\/88358\/revisions"}],"wp:featuredmedia":[{"embeddable":true,"href":"https:\/\/www.europesays.com\/lv\/wp-json\/wp\/v2\/media\/88359"}],"wp:attachment":[{"href":"https:\/\/www.europesays.com\/lv\/wp-json\/wp\/v2\/media?parent=88358"}],"wp:term":[{"taxonomy":"category","embeddable":true,"href":"https:\/\/www.europesays.com\/lv\/wp-json\/wp\/v2\/categories?post=88358"},{"taxonomy":"post_tag","embeddable":true,"href":"https:\/\/www.europesays.com\/lv\/wp-json\/wp\/v2\/tags?post=88358"}],"curies":[{"name":"wp","href":"https:\/\/api.w.org\/{rel}","templated":true}]}}