{"id":88390,"date":"2025-12-29T09:02:08","date_gmt":"2025-12-29T09:02:08","guid":{"rendered":"https:\/\/www.europesays.com\/lv\/88390\/"},"modified":"2025-12-29T09:02:08","modified_gmt":"2025-12-29T09:02:08","slug":"meksika-notikusi-vilciena-katastrofa-ar-13-bojagajusiem-cilvekiem","status":"publish","type":"post","link":"https:\/\/www.europesays.com\/lv\/88390\/","title":{"rendered":"Meksik\u0101 notikusi vilciena katastrofa ar 13 boj\u0101g\u0101ju\u0161iem cilv\u0113kiem"},"content":{"rendered":"<p class=\"descr\">Vilciena av\u0101rij\u0101 Meksik\u0101 g\u0101ju\u0161i boj\u0101 13 cilv\u0113ki un 98 cietu\u0161i, zi\u0146o amatpersonas.<\/p>\n<p>Valsts komp\u0101nijas &#8220;Tren Interoceanico&#8221; vilciens ar 250 cilv\u0113kiem sv\u0113tdien valsts dienvidos bija ce\u013c\u0101 Verakrusas uz Oahakas \u0161tatu, kad tas <a href=\"https:\/\/nra.lv\/birka\/vilciena-avarija\/\" target=\"_blank\" rel=\"noopener nofollow\">noskr\u0113ja no slied\u0113m<\/a> net\u0101lu no Nisandas.<\/p>\n<p>S\u0101kta izmekl\u0113\u0161ana, lai noskaidrotu <a href=\"https:\/\/nra.lv\/birka\/avarijas\/\" target=\"_blank\" rel=\"noopener nofollow\">av\u0101rijas<\/a> c\u0113lo\u0146us.<\/p>\n<p>Dzelzce\u013ca l\u012bnija savieno <a href=\"https:\/\/nra.lv\/birka\/meksika\/\" target=\"_blank\" rel=\"noopener nofollow\">Meksikas<\/a> l\u012bci un Kluso oke\u0101nu. To izmanto gan pasa\u017eieru, gan kravas vilcieni.<\/p>\n<p>L\u012bniju 2023. gad\u0101 atkl\u0101ja toreiz\u0113jais Meksikas prezidents Andress Manuels Lopess Obradors k\u0101 pla\u0161u <a href=\"https:\/\/nra.lv\/birka\/infrastruktura\/\" target=\"_blank\" rel=\"noopener nofollow\">infrastrukt\u016bras<\/a> projektu Meksikas dienvidu att\u012bst\u012bbai.<\/p>\n<p>20. decembr\u012b \u0161aj\u0101 l\u012bnij\u0101 notika kravas automa\u0161\u012bnas un vilciena <a href=\"https:\/\/nra.lv\/birka\/sadursme\/\" target=\"_blank\" rel=\"noopener nofollow\">sadursme<\/a>, ta\u010du taj\u0101 nebija upuru.<\/p>\n<blockquote class=\"twitter-tweet\" data-media-max-width=\"560\">\n<p lang=\"en\" dir=\"ltr\">\ufffd Horrific scenes from Mexico: a train derailed<\/p>\n<p>Media report 13 dead and 98 injured.<\/p>\n<p>The train, traveling between the Gulf of Mexico and the Pacific Ocean, was carrying 241 passengers and nine crew members.<\/p>\n<p>According to officials, the derailment happened as the train was\u2026 <a href=\"https:\/\/t.co\/1JTKPjlCHR\" rel=\"nofollow\">pic.twitter.com\/1JTKPjlCHR<\/a><\/p>\n<p>\u2014 NEXTA (@nexta_tv) <a href=\"https:\/\/twitter.com\/nexta_tv\/status\/2005529849700479372?ref_src=twsrc%5Etfw\" rel=\"nofollow noopener\" target=\"_blank\">December 29, 2025<\/a><\/p><\/blockquote>\n<p>\t\t\t\t\t\tinfo<\/p>\n<p>Uzzini pirmais<br \/>kas interesants noticis Latvij\u0101 un pasaul\u0113,<br \/>pievienojoties mums <a href=\"https:\/\/t.me\/neatkariga\" rel=\"nofollow\">Telegram<\/a> vai <a href=\"https:\/\/whatsapp.com\/channel\/0029VaMLFUH5K3zLU5s4wm3y\" rel=\"nofollow noopener\" target=\"_blank\">Whatsapp<\/a> kan\u0101l\u0101<\/p>\n<p>\t\t\t\t\t\t\t\t\t<script async src=\"https:\/\/platform.twitter.com\/widgets.js\" charset=\"utf-8\"><\/script><\/p>\n","protected":false},"excerpt":{"rendered":"Vilciena av\u0101rij\u0101 Meksik\u0101 g\u0101ju\u0161i boj\u0101 13 cilv\u0113ki un 98 cietu\u0161i, zi\u0146o amatpersonas. Valsts komp\u0101nijas &#8220;Tren Interoceanico&#8221; vilciens ar&hellip;\n","protected":false},"author":2,"featured_media":88391,"comment_status":"","ping_status":"","sticky":false,"template":"","format":"standard","meta":{"footnotes":""},"categories":[14],"tags":[23,57,28,29,32,33,22,30,31,35,39,38,36,37,34,40,20,26,27,24,25,54,55,56,21,58],"class_list":{"0":"post-88390","1":"post","2":"type-post","3":"status-publish","4":"format-standard","5":"has-post-thumbnail","7":"category-zinas-no-arvalstim","8":"tag-aktualitates","9":"tag-arvalstim","10":"tag-breaking-news","11":"tag-breakingnews","12":"tag-featured-news","13":"tag-featurednews","14":"tag-headlines","15":"tag-latest-news","16":"tag-latestnews","17":"tag-latvia","18":"tag-latvian","19":"tag-latviesu","20":"tag-latviesu-valoda","21":"tag-latviesuvaloda","22":"tag-latvija","23":"tag-lv","24":"tag-news","25":"tag-popularakas-zinas","26":"tag-popularakaszinas","27":"tag-top-stories","28":"tag-topstories","29":"tag-world","30":"tag-world-news","31":"tag-worldnews","32":"tag-zinas","33":"tag-zinas-no-arvalstim"},"share_on_mastodon":{"url":"https:\/\/pubeurope.com\/@lv\/115802049352081064","error":""},"_links":{"self":[{"href":"https:\/\/www.europesays.com\/lv\/wp-json\/wp\/v2\/posts\/88390","targetHints":{"allow":["GET"]}}],"collection":[{"href":"https:\/\/www.europesays.com\/lv\/wp-json\/wp\/v2\/posts"}],"about":[{"href":"https:\/\/www.europesays.com\/lv\/wp-json\/wp\/v2\/types\/post"}],"author":[{"embeddable":true,"href":"https:\/\/www.europesays.com\/lv\/wp-json\/wp\/v2\/users\/2"}],"replies":[{"embeddable":true,"href":"https:\/\/www.europesays.com\/lv\/wp-json\/wp\/v2\/comments?post=88390"}],"version-history":[{"count":0,"href":"https:\/\/www.europesays.com\/lv\/wp-json\/wp\/v2\/posts\/88390\/revisions"}],"wp:featuredmedia":[{"embeddable":true,"href":"https:\/\/www.europesays.com\/lv\/wp-json\/wp\/v2\/media\/88391"}],"wp:attachment":[{"href":"https:\/\/www.europesays.com\/lv\/wp-json\/wp\/v2\/media?parent=88390"}],"wp:term":[{"taxonomy":"category","embeddable":true,"href":"https:\/\/www.europesays.com\/lv\/wp-json\/wp\/v2\/categories?post=88390"},{"taxonomy":"post_tag","embeddable":true,"href":"https:\/\/www.europesays.com\/lv\/wp-json\/wp\/v2\/tags?post=88390"}],"curies":[{"name":"wp","href":"https:\/\/api.w.org\/{rel}","templated":true}]}}