{"id":88398,"date":"2025-12-29T09:08:08","date_gmt":"2025-12-29T09:08:08","guid":{"rendered":"https:\/\/www.europesays.com\/lv\/88398\/"},"modified":"2025-12-29T09:08:08","modified_gmt":"2025-12-29T09:08:08","slug":"kleitas-un-svarki-virs-biksem-atkal-mode-ta-tagad-gerbas-ari-pasaules-sovbiznesa-zvaigznes","status":"publish","type":"post","link":"https:\/\/www.europesays.com\/lv\/88398\/","title":{"rendered":"Kleitas un sv\u0101rki virs biks\u0113m atkal mod\u0113! T\u0101 tagad \u0123\u0113rbas ar\u012b pasaules \u0161ovbiznesa zvaigznes"},"content":{"rendered":"<p>2000. gados gan uz sarkanajiem pakl\u0101jiem, gan ikdien\u0101 bija ierasts redz\u0113t kleitas vai sv\u0101rkus, kas bija uzvilktas virs biks\u0113m vai d\u017einsiem. Nepag\u0101ja ne divdesmit gadu, kad \u0161\u0101ds savienojums atkal ir mod\u0113 &#8211; var izv\u0113l\u0113ties gan kontrast\u0113jo\u0161us komplektus, piem\u0113ram, gais\u012bgu kleitu un d\u017einsus, gan ar\u012b kleitu vai sv\u0101rkus un bikses no l\u012bdz\u012bga auduma. Der ar\u012b minikleitas un tunikas.<\/p>\n","protected":false},"excerpt":{"rendered":"2000. gados gan uz sarkanajiem pakl\u0101jiem, gan ikdien\u0101 bija ierasts redz\u0113t kleitas vai sv\u0101rkus, kas bija uzvilktas virs&hellip;\n","protected":false},"author":2,"featured_media":88399,"comment_status":"","ping_status":"","sticky":false,"template":"","format":"standard","meta":{"footnotes":""},"categories":[14],"tags":[23,57,28,29,32,33,22,30,31,35,39,38,36,37,34,40,20,26,27,24,25,54,55,56,21,58],"class_list":{"0":"post-88398","1":"post","2":"type-post","3":"status-publish","4":"format-standard","5":"has-post-thumbnail","7":"category-zinas-no-arvalstim","8":"tag-aktualitates","9":"tag-arvalstim","10":"tag-breaking-news","11":"tag-breakingnews","12":"tag-featured-news","13":"tag-featurednews","14":"tag-headlines","15":"tag-latest-news","16":"tag-latestnews","17":"tag-latvia","18":"tag-latvian","19":"tag-latviesu","20":"tag-latviesu-valoda","21":"tag-latviesuvaloda","22":"tag-latvija","23":"tag-lv","24":"tag-news","25":"tag-popularakas-zinas","26":"tag-popularakaszinas","27":"tag-top-stories","28":"tag-topstories","29":"tag-world","30":"tag-world-news","31":"tag-worldnews","32":"tag-zinas","33":"tag-zinas-no-arvalstim"},"share_on_mastodon":{"url":"https:\/\/pubeurope.com\/@lv\/115802072888005873","error":""},"_links":{"self":[{"href":"https:\/\/www.europesays.com\/lv\/wp-json\/wp\/v2\/posts\/88398","targetHints":{"allow":["GET"]}}],"collection":[{"href":"https:\/\/www.europesays.com\/lv\/wp-json\/wp\/v2\/posts"}],"about":[{"href":"https:\/\/www.europesays.com\/lv\/wp-json\/wp\/v2\/types\/post"}],"author":[{"embeddable":true,"href":"https:\/\/www.europesays.com\/lv\/wp-json\/wp\/v2\/users\/2"}],"replies":[{"embeddable":true,"href":"https:\/\/www.europesays.com\/lv\/wp-json\/wp\/v2\/comments?post=88398"}],"version-history":[{"count":0,"href":"https:\/\/www.europesays.com\/lv\/wp-json\/wp\/v2\/posts\/88398\/revisions"}],"wp:featuredmedia":[{"embeddable":true,"href":"https:\/\/www.europesays.com\/lv\/wp-json\/wp\/v2\/media\/88399"}],"wp:attachment":[{"href":"https:\/\/www.europesays.com\/lv\/wp-json\/wp\/v2\/media?parent=88398"}],"wp:term":[{"taxonomy":"category","embeddable":true,"href":"https:\/\/www.europesays.com\/lv\/wp-json\/wp\/v2\/categories?post=88398"},{"taxonomy":"post_tag","embeddable":true,"href":"https:\/\/www.europesays.com\/lv\/wp-json\/wp\/v2\/tags?post=88398"}],"curies":[{"name":"wp","href":"https:\/\/api.w.org\/{rel}","templated":true}]}}