{"id":88405,"date":"2025-12-29T09:14:08","date_gmt":"2025-12-29T09:14:08","guid":{"rendered":"https:\/\/www.europesays.com\/lv\/88405\/"},"modified":"2025-12-29T09:14:08","modified_gmt":"2025-12-29T09:14:08","slug":"zaluznijs-iespejams-gatavojas-veikt-nozimigu-soli-avoti-atklaj-kas-vinam-ir-padoma","status":"publish","type":"post","link":"https:\/\/www.europesays.com\/lv\/88405\/","title":{"rendered":"Zalu\u017enijs, iesp\u0113jams, gatavojas veikt noz\u012bm\u012bgu soli \u2013 avoti atkl\u0101j, kas vi\u0146am ir padom\u0101"},"content":{"rendered":"<p>    <img decoding=\"async\" src=\"https:\/\/www.europesays.com\/lv\/wp-content\/uploads\/2025\/12\/sdlk24mngcwezs-nh-1-1-800x534.jpg\" alt=\"&#10;Ukrainas armijas biju\u0161ais virspav\u0113lnieks Val\u0113rijs Zalu\u017enijs.&#10;\"\/><\/p>\n<p>Ukrainas armijas biju\u0161ais virspav\u0113lnieks Val\u0113rijs Zalu\u017enijs.<\/p>\n<p>Foto: AP\/SCANPIX\n<\/p>\n<p>11:04, 29. decembris 2025<\/p>\n<p>Ukrainas v\u0113stnieks Lielbrit\u0101nij\u0101 un biju\u0161ais Ukrainas Bru\u0146oto sp\u0113ku komandieris Val\u0113rijs Zalu\u017enijs janv\u0101ra s\u0101kum\u0101 pl\u0101no pamest diplom\u0101tisko amatu London\u0101, zi\u0146o Radio NV, atsaucoties uz \u010detriem avotiem politiskaj\u0101s un diplom\u0101tiskaj\u0101s aprind\u0101s.<\/p>\n<p>        Las\u012bt\u0101kie<br \/>\n        <a data-imagesrc=\"{&quot;300&quot;:&quot;https:\\\/\\\/lastatic.ams3.cdn.digitaloceanspaces.com\\\/2017\\\/12\\\/jaunais-300x200.jpg&quot;,&quot;768&quot;:&quot;https:\\\/\\\/lastatic.ams3.cdn.digitaloceanspaces.com\\\/2017\\\/12\\\/jaunais-768x512.jpg&quot;,&quot;80&quot;:&quot;https:\\\/\\\/lastatic.ams3.cdn.digitaloceanspaces.com\\\/2017\\\/12\\\/jaunais-80x48.jpg&quot;,&quot;112&quot;:&quot;https:\\\/\\\/lastatic.ams3.cdn.digitaloceanspaces.com\\\/2017\\\/12\\\/jaunais-112x64.jpg&quot;,&quot;664&quot;:&quot;https:\\\/\\\/lastatic.ams3.cdn.digitaloceanspaces.com\\\/2017\\\/12\\\/jaunais-664x443.jpg&quot;,&quot;240&quot;:&quot;https:\\\/\\\/lastatic.ams3.cdn.digitaloceanspaces.com\\\/2017\\\/12\\\/jaunais-240x160.jpg&quot;,&quot;263&quot;:&quot;https:\\\/\\\/lastatic.ams3.cdn.digitaloceanspaces.com\\\/2017\\\/12\\\/jaunais-263x175.jpg&quot;,&quot;507&quot;:&quot;https:\\\/\\\/lastatic.ams3.cdn.digitaloceanspaces.com\\\/2017\\\/12\\\/jaunais-507x338.jpg&quot;,&quot;118&quot;:&quot;https:\\\/\\\/lastatic.ams3.cdn.digitaloceanspaces.com\\\/2017\\\/12\\\/jaunais-118x70.jpg&quot;,&quot;348&quot;:&quot;https:\\\/\\\/lastatic.ams3.cdn.digitaloceanspaces.com\\\/2017\\\/12\\\/jaunais-348x225.jpg&quot;,&quot;640&quot;:&quot;https:\\\/\\\/lastatic.ams3.cdn.digitaloceanspaces.com\\\/2017\\\/12\\\/jaunais-640x640.jpg&quot;,&quot;90&quot;:&quot;https:\\\/\\\/lastatic.ams3.cdn.digitaloceanspaces.com\\\/2017\\\/12\\\/jaunais-90x58.jpg&quot;,&quot;960&quot;:&quot;https:\\\/\\\/lastatic.ams3.cdn.digitaloceanspaces.com\\\/2017\\\/12\\\/jaunais.jpg&quot;}\" data-focuspoint=\"&quot;&quot;\" data-p=\"2477013\" href=\"https:\/\/www.la.lv\/ko-vilkt-mugura-sagaidot-uguniga-zirga-gadu-padomi-katrai-zodiaka-zimei-lai-piesaistitu-veiksmi-un-harmoniju\" class=\"content-item lazy-load\" wp_automatic_readability=\"27.5\" rel=\"nofollow noopener\" target=\"_blank\"><\/p>\n<p>                                <img decoding=\"async\" src=\"\" alt=\"\" style=\"\" data-imageid=\"\"\/><\/p>\n<p>                                Kokteilis<\/p>\n<p>\n                                                Ko vilkt mugur\u0101, sagaidot Ugun\u012bg\u0101 Zirga gadu? Padomi katrai zodiaka z\u012bmei, lai piesaist\u012btu veiksmi un harmoniju\n                            <\/p>\n<p><\/a><a data-imagesrc=\"{&quot;300&quot;:&quot;https:\\\/\\\/lastatic.ams3.cdn.digitaloceanspaces.com\\\/2023\\\/12\\\/LET_24751196-1-300x197.jpg&quot;,&quot;768&quot;:&quot;https:\\\/\\\/lastatic.ams3.cdn.digitaloceanspaces.com\\\/2023\\\/12\\\/LET_24751196-1-768x503.jpg&quot;,&quot;200&quot;:&quot;https:\\\/\\\/lastatic.ams3.cdn.digitaloceanspaces.com\\\/2023\\\/12\\\/LET_24751196-1-200x131.jpg&quot;,&quot;400&quot;:&quot;https:\\\/\\\/lastatic.ams3.cdn.digitaloceanspaces.com\\\/2023\\\/12\\\/LET_24751196-1-400x262.jpg&quot;,&quot;500&quot;:&quot;https:\\\/\\\/lastatic.ams3.cdn.digitaloceanspaces.com\\\/2023\\\/12\\\/LET_24751196-1-500x328.jpg&quot;,&quot;800&quot;:&quot;https:\\\/\\\/lastatic.ams3.cdn.digitaloceanspaces.com\\\/2023\\\/12\\\/LET_24751196-1-800x524.jpg&quot;,&quot;1000&quot;:&quot;https:\\\/\\\/lastatic.ams3.cdn.digitaloceanspaces.com\\\/2023\\\/12\\\/LET_24751196-1.jpg&quot;}\" data-focuspoint=\"&quot;&quot;\" data-p=\"2481553\" href=\"https:\/\/www.la.lv\/silinai-udens-jo-jabut-ar-skaidru-galvu-bet-caksai-konjacins-uz-kuru-ciere-ari-finansu-ministrs-puce-izpeta-kadu-it-ka-nevainigu-foto-no-saeimas\" class=\"content-item lazy-load\" wp_automatic_readability=\"28\" rel=\"nofollow noopener\" target=\"_blank\"><\/p>\n<p>                                <img decoding=\"async\" src=\"\" alt=\"\" style=\"\" data-imageid=\"\"\/><\/p>\n<p>                                TV24<\/p>\n<p>                                            \u201cSili\u0146ai \u016bdens, jo j\u0101b\u016bt ar skaidru galvu, bet \u010cak\u0161ai konjaci\u0146\u0161, uz kuru cier\u0113 ar\u012b finan\u0161u ministrs!\u201d Pu\u010de izp\u0113ta k\u0101du it k\u0101 nevain\u012bgu foto no Saeimas\n                            <\/p>\n<p><\/a><a data-imagesrc=\"{&quot;300&quot;:&quot;https:\\\/\\\/lastatic.ams3.cdn.digitaloceanspaces.com\\\/2025\\\/12\\\/Facebook-300x225.jpg&quot;,&quot;1024&quot;:&quot;https:\\\/\\\/lastatic.ams3.cdn.digitaloceanspaces.com\\\/2025\\\/12\\\/Facebook-1024x768.jpg&quot;,&quot;1536&quot;:&quot;https:\\\/\\\/lastatic.ams3.cdn.digitaloceanspaces.com\\\/2025\\\/12\\\/Facebook-1536x1152.jpg&quot;,&quot;500&quot;:&quot;https:\\\/\\\/lastatic.ams3.cdn.digitaloceanspaces.com\\\/2025\\\/12\\\/Facebook-500x375.jpg&quot;,&quot;800&quot;:&quot;https:\\\/\\\/lastatic.ams3.cdn.digitaloceanspaces.com\\\/2025\\\/12\\\/Facebook-800x600.jpg&quot;,&quot;1600&quot;:&quot;https:\\\/\\\/lastatic.ams3.cdn.digitaloceanspaces.com\\\/2025\\\/12\\\/Facebook.jpg&quot;}\" data-focuspoint=\"&quot;&quot;\" data-p=\"2486385\" href=\"https:\/\/www.la.lv\/novelos-uz-vedera-un-auto-speks-mani-slukus-velk-pa-asfaltu-liesma-piedzivojusi-visai-biedejosu-situaciju-kas-velreiz-atgadina-cik-trausla-ir-dziviba\" class=\"content-item lazy-load\" wp_automatic_readability=\"27.5\" rel=\"nofollow noopener\" target=\"_blank\"><\/p>\n<p>                                <img decoding=\"async\" src=\"\" alt=\"\" style=\"\" data-imageid=\"\"\/><\/p>\n<p>\n                                                \u201cNove\u013cos uz v\u0113dera un auto sp\u0113ks mani \u0161\u013c\u016bkus velk pa asfaltu\u2026\u201d Liesma piedz\u012bvojusi visai bied\u0113jo\u0161u situ\u0101ciju, kas v\u0113lreiz atg\u0101dina, cik trausla ir dz\u012bv\u012bba<\/p>\n<p><\/a><br \/>\n        <a class=\"read-more\" href=\"https:\/\/www.la.lv\/top\" rel=\"nofollow noopener\" target=\"_blank\">Las\u012bt citas zi\u0146as<\/a><\/p>\n<p>Avoti, kas ir tuvi Ukrainas prezidenta birojam, nor\u0101da, ka Zalu\u017enijs v\u0113l da\u017eas ned\u0113\u013cas atpaka\u013c, uzturoties Kijiv\u0101, person\u012bgi pazi\u0146ojis Ukrainas prezidentam Volodimiram Zelenskim par v\u0113lmi atst\u0101t pa\u0161reiz\u0113jo amatu.<\/p>\n<p>\u201cVi\u0146i ar prezidentu apsprieda da\u017e\u0101das iesp\u0113jam\u0101s poz\u012bcija Zalu\u017enijam, s\u0101kot no premjerministra l\u012bdz prezidenta biroja vad\u012bt\u0101ja amatam, ta\u010du toreiz vi\u0146\u0161 neizr\u0101d\u012bja nek\u0101du interesi,\u201d st\u0101sta avoti.<\/p>\n<p>    CITI \u0160OBR\u012aD LASA<\/p>\n<p>Citi inform\u0101cijas avoti atz\u012bm\u0113, ka Zalu\u017enijs k\u0101du laiku apsv\u0113ris iesp\u0113ju ie\u0146emt ar\u012b Ukrainas v\u0113stnieka amatu ASV vai atgriezties k\u0101 Bru\u0146oto sp\u0113ku komandieris, ta\u010du \u0161obr\u012bd konkr\u0113ti l\u0113mumi v\u0113l nav pie\u0146emti. Pa\u0161laik par Ukrainas v\u0113stnieka mai\u0146u ASV netiek run\u0101ts.<\/p>\n<p>\u201cVisticam\u0101k, Zalu\u017enijs v\u0113las atgriezties Kijiv\u0101. Vi\u0146\u0161 var\u0113tu pazi\u0146ot par \u0161o l\u0113mumu jau n\u0101kam\u0101 gada 4.-5. janv\u0101r\u012b, ja nekas neietekm\u0113s vi\u0146a izv\u0113li,\u201d atkl\u0101j viens no avotiem. <\/p>\n<p>Radio NV m\u0113\u0123in\u0101ja sazin\u0101ties ar Ukrainas v\u0113stniec\u012bbas preses dienestu Lielbrit\u0101nij\u0101, ta\u010du atbildes pagaid\u0101m nav sa\u0146\u0113mu\u0161i.<\/p>\n<p>Valerijs Zalu\u017enijs tika atbr\u012bvots no Ukrainas Bru\u0146oto sp\u0113ku komandiera amata 2024. gada 8. febru\u0101r\u012b, bet 9. maij\u0101 taj\u0101 pa\u0161\u0101 gad\u0101 tika iecelts par Ukrainas v\u0113stnieku Lielbrit\u0101nij\u0101.<\/p>\n<p>T\u0113mas<\/p>\n<p>    SAIST\u012aTIE RAKSTI<\/p>\n","protected":false},"excerpt":{"rendered":"Ukrainas armijas biju\u0161ais virspav\u0113lnieks Val\u0113rijs Zalu\u017enijs. Foto: AP\/SCANPIX 11:04, 29. decembris 2025 Ukrainas v\u0113stnieks Lielbrit\u0101nij\u0101 un biju\u0161ais Ukrainas&hellip;\n","protected":false},"author":2,"featured_media":88406,"comment_status":"","ping_status":"","sticky":false,"template":"","format":"standard","meta":{"footnotes":""},"categories":[14],"tags":[23,57,28,29,32,33,22,30,31,35,39,38,36,37,34,40,20,26,27,24,25,54,55,56,21,58],"class_list":{"0":"post-88405","1":"post","2":"type-post","3":"status-publish","4":"format-standard","5":"has-post-thumbnail","7":"category-zinas-no-arvalstim","8":"tag-aktualitates","9":"tag-arvalstim","10":"tag-breaking-news","11":"tag-breakingnews","12":"tag-featured-news","13":"tag-featurednews","14":"tag-headlines","15":"tag-latest-news","16":"tag-latestnews","17":"tag-latvia","18":"tag-latvian","19":"tag-latviesu","20":"tag-latviesu-valoda","21":"tag-latviesuvaloda","22":"tag-latvija","23":"tag-lv","24":"tag-news","25":"tag-popularakas-zinas","26":"tag-popularakaszinas","27":"tag-top-stories","28":"tag-topstories","29":"tag-world","30":"tag-world-news","31":"tag-worldnews","32":"tag-zinas","33":"tag-zinas-no-arvalstim"},"share_on_mastodon":{"url":"https:\/\/pubeurope.com\/@lv\/115802097212010164","error":""},"_links":{"self":[{"href":"https:\/\/www.europesays.com\/lv\/wp-json\/wp\/v2\/posts\/88405","targetHints":{"allow":["GET"]}}],"collection":[{"href":"https:\/\/www.europesays.com\/lv\/wp-json\/wp\/v2\/posts"}],"about":[{"href":"https:\/\/www.europesays.com\/lv\/wp-json\/wp\/v2\/types\/post"}],"author":[{"embeddable":true,"href":"https:\/\/www.europesays.com\/lv\/wp-json\/wp\/v2\/users\/2"}],"replies":[{"embeddable":true,"href":"https:\/\/www.europesays.com\/lv\/wp-json\/wp\/v2\/comments?post=88405"}],"version-history":[{"count":0,"href":"https:\/\/www.europesays.com\/lv\/wp-json\/wp\/v2\/posts\/88405\/revisions"}],"wp:featuredmedia":[{"embeddable":true,"href":"https:\/\/www.europesays.com\/lv\/wp-json\/wp\/v2\/media\/88406"}],"wp:attachment":[{"href":"https:\/\/www.europesays.com\/lv\/wp-json\/wp\/v2\/media?parent=88405"}],"wp:term":[{"taxonomy":"category","embeddable":true,"href":"https:\/\/www.europesays.com\/lv\/wp-json\/wp\/v2\/categories?post=88405"},{"taxonomy":"post_tag","embeddable":true,"href":"https:\/\/www.europesays.com\/lv\/wp-json\/wp\/v2\/tags?post=88405"}],"curies":[{"name":"wp","href":"https:\/\/api.w.org\/{rel}","templated":true}]}}