{"id":88419,"date":"2025-12-29T09:22:11","date_gmt":"2025-12-29T09:22:11","guid":{"rendered":"https:\/\/www.europesays.com\/lv\/88419\/"},"modified":"2025-12-29T09:22:11","modified_gmt":"2025-12-29T09:22:11","slug":"razma-pasaules-cempionata-neparvar-treso-kartu","status":"publish","type":"post","link":"https:\/\/www.europesays.com\/lv\/88419\/","title":{"rendered":"Razma pasaules \u010dempion\u0101t\u0101 nep\u0101rvar tre\u0161o k\u0101rtu"},"content":{"rendered":"<p>C\u012b\u0146\u0101 par iek\u013c\u016b\u0161anu astotda\u013cfin\u0101l\u0101 Razma, kur\u0161 PDC rang\u0101 ie\u0146em 46. vietu, sp\u0113l\u0113 l\u012bdz \u010detriem uzvar\u0113tiem setiem, kur katr\u0101 j\u0101uzvar tr\u012bs legos, ar 1-4 piek\u0101p\u0101s ar desmito numuru izs\u0113tajam n\u012bderlandietim Piteram G\u0113rardam van V\u0113nam.<\/p>\n<p>Razma vid\u0113ji pieg\u0101jien\u0101 guva 89,40 punktus, izpild\u012bja \u010detrus 180 punktu g\u0101jienus un nosl\u0113dzo\u0161os metienus izpild\u012bja ar 38,46% precizit\u0101ti. Vi\u0146a pretinieks vid\u0113ji pieg\u0101jien\u0101 guva 97,91 punktu un nosl\u0113dzo\u0161os metienus izpild\u012bja ar 57,14% precizit\u0101ti, k\u0101 ar\u012b iekr\u0101ja tikpat 180 punktu g\u0101jienus, cik padev\u0101s Latvijas p\u0101rst\u0101vim.<\/p>\n<p>Pirmaj\u0101 k\u0101rt\u0101 latvietis ar 3-1 p\u0101rsp\u0113ja kvalifik\u0101ciju p\u0101rvar\u0113ju\u0161o n\u012bderlandieti D\u017eamaju van den Heriku (PDC 115.), bet otraj\u0101 ar 3-1 uzvar\u0113ja Derenu Beverid\u017eu no Skotijas (PDC 75.). Van V\u0113ns pirmaj\u0101 k\u0101rt\u0101 ar 3-1 guva virsroku p\u0101r sp\u0101ni Kristo Rejesu, bet otraj\u0101 ar t\u0101du pa\u0161u rezult\u0101tu uzveica skotu Alanu Souteru (PDC 54.).<\/p>\n<p>P\u0113rn Razma aizc\u012bn\u012bj\u0101s l\u012bdz tre\u0161ajai k\u0101rtai un c\u012b\u0146\u0101 par vietu astotda\u013cfin\u0101l\u0101 ar 1-4 piek\u0101p\u0101s tobr\u012bd pasaules ranga astotajam numuram St\u012bvenam Bantingam no Anglijas. Par visu laiku jaun\u0101ko pasaules \u010dempionu 17 gadu vecum\u0101 k\u013cuva anglis <a href=\"https:\/\/sports.tvnet.lv\/term\/838506\/luks-litlers\" class=\"topicLink\" target=\"_blank\" rel=\"nofollow noopener\">L\u016bks Litlers<\/a>.<\/p>\n<p>PDC pasaules \u010dempion\u0101ts l\u012bdz 3. janv\u0101rim norisin\u0101s &#8220;Alexandra Palace&#8221; London\u0101.<\/p>\n<p>Turn\u012bra kop\u0113jais balvu fonds ir pieci miljoni Lielbrit\u0101nijas m\u0101rci\u0146u (aptuveni 5,7 miljoni eiro), no kuriem vienu miljonu m\u0101rci\u0146u sa\u0146ems n\u0101kamais pasaules \u010dempions.<\/p>\n","protected":false},"excerpt":{"rendered":"C\u012b\u0146\u0101 par iek\u013c\u016b\u0161anu astotda\u013cfin\u0101l\u0101 Razma, kur\u0161 PDC rang\u0101 ie\u0146em 46. vietu, sp\u0113l\u0113 l\u012bdz \u010detriem uzvar\u0113tiem setiem, kur katr\u0101&hellip;\n","protected":false},"author":2,"featured_media":88420,"comment_status":"","ping_status":"","sticky":false,"template":"","format":"standard","meta":{"footnotes":""},"categories":[5],"tags":[23,28,29,32,33,22,30,31,35,39,38,36,37,34,21039,40,18811,20,26,27,18810,24,25,21],"class_list":{"0":"post-88419","1":"post","2":"type-post","3":"status-publish","4":"format-standard","5":"has-post-thumbnail","7":"category-aktualitates","8":"tag-aktualitates","9":"tag-breaking-news","10":"tag-breakingnews","11":"tag-featured-news","12":"tag-featurednews","13":"tag-headlines","14":"tag-latest-news","15":"tag-latestnews","16":"tag-latvia","17":"tag-latvian","18":"tag-latviesu","19":"tag-latviesu-valoda","20":"tag-latviesuvaloda","21":"tag-latvija","22":"tag-luks-litlers","23":"tag-lv","24":"tag-madars-razma","25":"tag-news","26":"tag-popularakas-zinas","27":"tag-popularakaszinas","28":"tag-sautrinmesana","29":"tag-top-stories","30":"tag-topstories","31":"tag-zinas"},"share_on_mastodon":{"url":"https:\/\/pubeurope.com\/@lv\/115802127939100675","error":""},"_links":{"self":[{"href":"https:\/\/www.europesays.com\/lv\/wp-json\/wp\/v2\/posts\/88419","targetHints":{"allow":["GET"]}}],"collection":[{"href":"https:\/\/www.europesays.com\/lv\/wp-json\/wp\/v2\/posts"}],"about":[{"href":"https:\/\/www.europesays.com\/lv\/wp-json\/wp\/v2\/types\/post"}],"author":[{"embeddable":true,"href":"https:\/\/www.europesays.com\/lv\/wp-json\/wp\/v2\/users\/2"}],"replies":[{"embeddable":true,"href":"https:\/\/www.europesays.com\/lv\/wp-json\/wp\/v2\/comments?post=88419"}],"version-history":[{"count":0,"href":"https:\/\/www.europesays.com\/lv\/wp-json\/wp\/v2\/posts\/88419\/revisions"}],"wp:featuredmedia":[{"embeddable":true,"href":"https:\/\/www.europesays.com\/lv\/wp-json\/wp\/v2\/media\/88420"}],"wp:attachment":[{"href":"https:\/\/www.europesays.com\/lv\/wp-json\/wp\/v2\/media?parent=88419"}],"wp:term":[{"taxonomy":"category","embeddable":true,"href":"https:\/\/www.europesays.com\/lv\/wp-json\/wp\/v2\/categories?post=88419"},{"taxonomy":"post_tag","embeddable":true,"href":"https:\/\/www.europesays.com\/lv\/wp-json\/wp\/v2\/tags?post=88419"}],"curies":[{"name":"wp","href":"https:\/\/api.w.org\/{rel}","templated":true}]}}