{"id":88423,"date":"2025-12-29T09:26:06","date_gmt":"2025-12-29T09:26:06","guid":{"rendered":"https:\/\/www.europesays.com\/lv\/88423\/"},"modified":"2025-12-29T09:26:06","modified_gmt":"2025-12-29T09:26:06","slug":"harijs-un-megana-vai-saseksas-hercogs-atgriezisies-lielbritanija","status":"publish","type":"post","link":"https:\/\/www.europesays.com\/lv\/88423\/","title":{"rendered":"Harijs un Megana: vai Saseksas hercogs atgriez\u012bsies Lielbrit\u0101nij\u0101?"},"content":{"rendered":"<p class=\"descr\">Lielbrit\u0101nijas karalis \u010c\u0101rlzs III v\u0113las, lai princis Harijs ie\u0146emtu stingr\u0101ku nost\u0101ju sav\u0101 laul\u012bb\u0101 ar Meganu M\u0101rklu, ja vi\u0146\u0161 v\u0113las atgriezties karaliskaj\u0101 \u0123imen\u0113, raksta \u201cRadar Online\u201d.<\/p>\n<p>Saska\u0146\u0101 ar inform\u0101cijas avotiem, 77 gadus vecais karalis, kur\u0161 nesen pazi\u0146oja par pozit\u012bvu progresu v\u0113\u017ea \u0101rst\u0113\u0161an\u0101, \u013coti p\u0101rdz\u012bvo kontakta tr\u016bkumu ar saviem jaun\u0101kajiem mazb\u0113rniem &#8211; se\u0161us gadus veco \u0100r\u010diju un \u010detrus gadus veco Lilibetu.<\/p>\n<p>Karalis atz\u012bst, ka vi\u0146am ir ierobe\u017eots laiks \u0123imenes sai\u0161u veido\u0161anai, t\u0101p\u0113c vi\u0146\u0161 cen\u0161as veidot pilnv\u0113rt\u012bgas attiec\u012bbas ar visiem saviem mazb\u0113rniem, ne tikai ar prin\u010da Viljama un Keitas Midltones b\u0113rniem. <\/p>\n<p>Tikm\u0113r <a href=\"https:\/\/nra.lv\/pasaule\/509848-megana-markla-atsakas-no-kontakta-ar-smagi-slimo-tevu.htm\" data-item-link=\"true\" data-item-id=\"509848\" rel=\"nofollow noopener\" target=\"_blank\">Megana M\u0101rkla<\/a>, k\u0101 zi\u0146ots, ir paudusi ap\u0146\u0113m\u012bbu dz\u012bvot tikai un vien\u012bgi Amerikas Savienotaj\u0101s Valst\u012bs.<\/p>\n<p>K\u0101 zin\u0101ms, pirms vair\u0101kiem m\u0113ne\u0161iem \u010c\u0101rlzs un Harijs sar\u012bkoja priv\u0101tu tik\u0161anos, lai m\u0113\u0123in\u0101tu rast ce\u013cu uz izl\u012bgumu. Saska\u0146\u0101 ar avotiem, karalis uzskata, ka Saseksas hercogam vajadz\u0113tu b\u016bt uzst\u0101j\u012bg\u0101kam un p\u0101rliecin\u0101t savu sievu \u013caut b\u0113rniem bie\u017e\u0101k apmekl\u0113t Lielbrit\u0101niju.<\/p>\n<p>Iek\u0161\u0113jie avoti nor\u0101da, ka \u010c\u0101rlzs nav zaud\u0113jis m\u012blest\u012bbu pret savu jaun\u0101ko d\u0113lu un patiesi lepojas ar to, k\u0101ds t\u0113vs ir k\u013cuvis Harijs. Vienlaikus monarhs ir noraiz\u0113jies, ka \u0100r\u010dijs un Lilibeta var\u0113tu zaud\u0113t saikni ar britu kult\u016bras mantojumu un savas \u0123imenes v\u0113sturi.<\/p>\n<p>Atg\u0101din\u0101m, ka kara\u013ca \u010c\u0101rlza p\u0113d\u0113j\u0101 Ziemassv\u0113tku run\u0101 tika man\u012btas nor\u0101des, kas liecina par vi\u0146a mazb\u0113rnu arvien pieaugo\u0161o lomu monarhij\u0101.<\/p>\n<p>\t\t\t\t\t\tinfo<\/p>\n<p>Uzzini pirmais<br \/>kas interesants noticis Latvij\u0101 un pasaul\u0113,<br \/>pievienojoties mums <a href=\"https:\/\/t.me\/neatkariga\" rel=\"nofollow\">Telegram<\/a> vai <a href=\"https:\/\/whatsapp.com\/channel\/0029VaMLFUH5K3zLU5s4wm3y\" rel=\"nofollow noopener\" target=\"_blank\">Whatsapp<\/a> kan\u0101l\u0101<\/p>\n","protected":false},"excerpt":{"rendered":"Lielbrit\u0101nijas karalis \u010c\u0101rlzs III v\u0113las, lai princis Harijs ie\u0146emtu stingr\u0101ku nost\u0101ju sav\u0101 laul\u012bb\u0101 ar Meganu M\u0101rklu, ja vi\u0146\u0161&hellip;\n","protected":false},"author":2,"featured_media":88424,"comment_status":"","ping_status":"","sticky":false,"template":"","format":"standard","meta":{"footnotes":""},"categories":[14],"tags":[23,57,28,29,32,33,22,30,31,35,39,38,36,37,34,40,20,26,27,24,25,54,55,56,21,58],"class_list":{"0":"post-88423","1":"post","2":"type-post","3":"status-publish","4":"format-standard","5":"has-post-thumbnail","7":"category-zinas-no-arvalstim","8":"tag-aktualitates","9":"tag-arvalstim","10":"tag-breaking-news","11":"tag-breakingnews","12":"tag-featured-news","13":"tag-featurednews","14":"tag-headlines","15":"tag-latest-news","16":"tag-latestnews","17":"tag-latvia","18":"tag-latvian","19":"tag-latviesu","20":"tag-latviesu-valoda","21":"tag-latviesuvaloda","22":"tag-latvija","23":"tag-lv","24":"tag-news","25":"tag-popularakas-zinas","26":"tag-popularakaszinas","27":"tag-top-stories","28":"tag-topstories","29":"tag-world","30":"tag-world-news","31":"tag-worldnews","32":"tag-zinas","33":"tag-zinas-no-arvalstim"},"share_on_mastodon":{"url":"https:\/\/pubeurope.com\/@lv\/115802143745182769","error":""},"_links":{"self":[{"href":"https:\/\/www.europesays.com\/lv\/wp-json\/wp\/v2\/posts\/88423","targetHints":{"allow":["GET"]}}],"collection":[{"href":"https:\/\/www.europesays.com\/lv\/wp-json\/wp\/v2\/posts"}],"about":[{"href":"https:\/\/www.europesays.com\/lv\/wp-json\/wp\/v2\/types\/post"}],"author":[{"embeddable":true,"href":"https:\/\/www.europesays.com\/lv\/wp-json\/wp\/v2\/users\/2"}],"replies":[{"embeddable":true,"href":"https:\/\/www.europesays.com\/lv\/wp-json\/wp\/v2\/comments?post=88423"}],"version-history":[{"count":0,"href":"https:\/\/www.europesays.com\/lv\/wp-json\/wp\/v2\/posts\/88423\/revisions"}],"wp:featuredmedia":[{"embeddable":true,"href":"https:\/\/www.europesays.com\/lv\/wp-json\/wp\/v2\/media\/88424"}],"wp:attachment":[{"href":"https:\/\/www.europesays.com\/lv\/wp-json\/wp\/v2\/media?parent=88423"}],"wp:term":[{"taxonomy":"category","embeddable":true,"href":"https:\/\/www.europesays.com\/lv\/wp-json\/wp\/v2\/categories?post=88423"},{"taxonomy":"post_tag","embeddable":true,"href":"https:\/\/www.europesays.com\/lv\/wp-json\/wp\/v2\/tags?post=88423"}],"curies":[{"name":"wp","href":"https:\/\/api.w.org\/{rel}","templated":true}]}}