{"id":88434,"date":"2025-12-29T09:32:08","date_gmt":"2025-12-29T09:32:08","guid":{"rendered":"https:\/\/www.europesays.com\/lv\/88434\/"},"modified":"2025-12-29T09:32:08","modified_gmt":"2025-12-29T09:32:08","slug":"projekts-green-industrial-areas-veicina-zalo-industrialo-zonu-attistibu","status":"publish","type":"post","link":"https:\/\/www.europesays.com\/lv\/88434\/","title":{"rendered":"Projekts \u201cGreen Industrial Areas\u201d veicina za\u013co industri\u0101lo zonu att\u012bst\u012bbu"},"content":{"rendered":"<p>Starptautiskais projekts \u201cGreen Industrial Areas\u201d, kas \u012bstenots INTERREG Baltijas j\u016bras re\u0123iona programmas 2021\u20132027 ietvaros, tuvojas nosl\u0113gumam. Tr\u012bs gadu laik\u0101 projekta partneri no vair\u0101k\u0101m Eiropas valst\u012bm ir izstr\u0101d\u0101ju\u0161i praktiskus ieteikumus, kas pal\u012bdz industri\u0101laj\u0101m zon\u0101m k\u013c\u016bt videi draudz\u012bg\u0101k\u0101m un energoefekt\u012bv\u0101k\u0101m, m\u0113r\u0137tiec\u012bgi virzoties uz klimatneitralit\u0101ti un vienlaikus radot priek\u0161nosac\u012bjumus za\u013c\u0101 sertifik\u0101ta ieg\u016b\u0161anai.<\/p>\n<p>Projekta galvenais m\u0113r\u0137is bija izveidot kop\u012bgu standartu za\u013co industri\u0101lo zonu sertific\u0113\u0161anai, lai veicin\u0101tu CO\u2082 emisiju samazin\u0101\u0161anu, atjaunojam\u0101s ener\u0123ijas izmanto\u0161anu un viedu ener\u0123ijas p\u0101rvald\u012bbu r\u016bpnieciskaj\u0101s teritorij\u0101s. Projekta laik\u0101 tika izstr\u0101d\u0101tas sertifik\u0101cijas vadl\u012bnijas, apkopoti jaun\u0101kie risin\u0101jumi energoefektivit\u0101tes un za\u013c\u0101s ener\u0123ijas jom\u0101, k\u0101 ar\u012b \u0161\u012b pieeja p\u0101rbaud\u012bta se\u0161\u0101s industri\u0101laj\u0101s zon\u0101s Baltijas j\u016bras re\u0123ion\u0101.<\/p>\n<p>Projektu \u012bstenoja starptautiska partner\u012bba, kuru vad\u012bja Meklenburgas\u2013Vorpomer\u0101nijas ministrija V\u0101cij\u0101, sadarbojoties ar partneriem no Latvijas, V\u0101cijas, D\u0101nijas, Lietuvas, Zviedrijas un Somijas. Latvij\u0101 projekt\u0101 iesaist\u012bj\u0101s Zemgales pl\u0101no\u0161anas re\u0123ions un Vied\u0101s administr\u0101cijas un re\u0123ion\u0101l\u0101s att\u012bst\u012bbas ministrija.<\/p>\n<p>Projekta laik\u0101, \u012bstenojot da\u017e\u0101das aktivit\u0101tes un organiz\u0113jot nozares speci\u0101listu tik\u0161an\u0101s, tika apzin\u0101tas iesp\u0113jas ieviest za\u013co industri\u0101lo zonu sertifik\u0101ciju ar\u012b Latvij\u0101 k\u0101 sava veida kvalit\u0101tes un uzticam\u012bbas z\u012bmi. Lai lab\u0101k izprastu nacion\u0101lo likumdo\u0161anu un procesus, kas saist\u012bti ar sertifik\u0101cijas izstr\u0101di, projekta dal\u012bbnieki iepazin\u0101s ar standartu izstr\u0101des pieej\u0101m un praksi. Diskusij\u0101s \u012bpa\u0161a uzman\u012bba tika piev\u0113rsta jaut\u0101jumam par piem\u0113rot\u0101ko pieeju \u2013 vai izstr\u0101d\u0101t vienk\u0101r\u0161u standartu ar ierobe\u017eotu ietekmi, vai ar\u012b veidot starptautiski atpaz\u012bstamu \u201cuzticam\u012bbas z\u012bmi\u201d, kas kalpotu k\u0101 b\u016btisks atbalsta instruments industri\u0101laj\u0101m zon\u0101m, tostarp uz\u0146\u0113m\u0113ju un invest\u012bciju piesaistei. Nepiecie\u0161am\u012bbu p\u0113c \u0161\u0101da vienota standarta apliecina ar\u012b pa\u0161i uz\u0146\u0113m\u0113ji, uzsverot t\u0101 noz\u012bmi k\u0101 kvalit\u0101tes z\u012bmei ilgtsp\u0113j\u012bgai att\u012bst\u012bbai.<\/p>\n<p>Projekta ietvaros Zemgales re\u0123ion\u0101 par pilotteritoriju tika izv\u0113l\u0113ta SIA \u201cLaflora\u201d industri\u0101l\u0101 teritorija Jelgavas novad\u0101, kur Kaigu purv\u0101 tika veikta ar\u012b za\u013c\u0101 sertifik\u0101ta standarta test\u0113\u0161ana v\u0113ja parka pilotteritorij\u0101. Projekta laik\u0101 starptautiskie partneri vair\u0101kk\u0101rt apmekl\u0113ja uz\u0146\u0113mumu, iepaz\u012bstoties ar teritoriju un t\u0101s att\u012bst\u012bbas pl\u0101niem.<\/p>\n<p>Zemgales pl\u0101no\u0161anas re\u0123ions projekta ietvaros veica p\u0113t\u012bjumu par za\u013co industri\u0101lo zonu eso\u0161o situ\u0101ciju, att\u012bst\u012bbas potenci\u0101lu un atjaunojamo energoresursu izmanto\u0161anas iesp\u0113j\u0101m. P\u0113t\u012bjuma rezult\u0101ti turpm\u0101k var\u0113s tikt izmantoti\u00a0re\u0123iona un pa\u0161vald\u012bbu att\u012bst\u012bbas pl\u0101no\u0161anas dokumentos un tie kalpos par pamatu turpm\u0101kiem l\u0113mumiem za\u013co industri\u0101lo teritoriju att\u012bst\u012bbai.<\/p>\n<p>P\u0113t\u012bjum\u0101 secin\u0101ts, ka Laflora att\u012bst\u012bbas ieceres paredz za\u013co industri\u0101lo zonu sertifik\u0101ta galveno principu praktisku \u012bsteno\u0161anu \u2013 atjaunojam\u0101s ener\u0123ijas ra\u017eo\u0161anu, att\u012bstot v\u0113ja un saules parkus, CO\u2082 emisiju samazin\u0101\u0161anu un kompens\u0113\u0161anu, zemes pat\u0113ri\u0146a samazin\u0101\u0161anu, veicot purva rekultiv\u0101ciju, k\u0101 ar\u012b ilgtsp\u0113j\u012bgas mobilit\u0101tes risin\u0101jumu ievie\u0161anu. T\u0101pat pl\u0101nota aprites ekonomikas un industri\u0101l\u0101s sadarb\u012bbas att\u012bst\u012bba, tostarp inov\u0101ciju centra un industri\u0101l\u0101s infrastrukt\u016bras izveide ar piesl\u0113gumu za\u013c\u0101s ener\u0123ijas avotiem. \u0160ie secin\u0101jumi apliecina Laflora teritorijas potenci\u0101lu k\u0101 paraugu ilgtsp\u0113j\u012bgu industri\u0101lo zonu att\u012bst\u012bbai Zemgales re\u0123ion\u0101.<\/p>\n<p>K\u0101 uzsver Zemgales pl\u0101no\u0161anas re\u0123iona projekta vad\u012bt\u0101js Raitis Mad\u017eulis, projekts ir noz\u012bm\u012bgs re\u0123iona ilgtermi\u0146a att\u012bst\u012bbai: \u201c\u0160\u0101ds projekts ir b\u016btisks Zemgales re\u0123iona att\u012bst\u012bbai, jo katr\u0101 pa\u0161vald\u012bb\u0101 ir pl\u0101ni vai jau \u0161obr\u012bd tap\u0161anas stadij\u0101 ir industri\u0101l\u0101s zonas, kas tiecas sasniegt klimatneitralit\u0101ti. \u012astenojot p\u0113t\u012bjumu, esam apzin\u0101ju\u0161i \u0161\u0101das teritorijas ar m\u0113r\u0137i veicin\u0101t za\u013co industri\u0101lo zonu att\u012bst\u012bbu Zemgal\u0113 un izv\u0113rt\u0113t za\u013c\u0101 sertifik\u0101ta ievie\u0161anas iesp\u0113jas, iev\u0113rojot ilgtsp\u0113j\u012bgas un klimatneitr\u0101las att\u012bst\u012bbas politikas principus. P\u0113t\u012bjum\u0101 analiz\u0113ta eso\u0161\u0101 situ\u0101cija re\u0123iona industri\u0101laj\u0101s zon\u0101s, to att\u012bst\u012bbas potenci\u0101ls un invest\u012bciju piesaistes iesp\u0113jas.\u201d P\u0113t\u012bjums ir publiski pieejams: <a href=\"https:\/\/www.zemgale.lv\/lv\/media\/6149\/download?attachment\" target=\"_blank\" rel=\"nofollow noopener\">https:\/\/www.zemgale.lv\/lv\/media\/6149\/download?attachment<\/a>.<\/p>\n<p>Projekta \u201cGreen Industrial Areas\u201d rezult\u0101ti sniedz praktisku atbalstu pa\u0161vald\u012bb\u0101m, uz\u0146\u0113m\u0113jiem un valsts instit\u016bcij\u0101m, pal\u012bdzot pl\u0101not ilgtsp\u0113j\u012bgas industri\u0101l\u0101s teritorijas, piesaist\u012bt invest\u012bcijas un stiprin\u0101t re\u0123ionu ener\u0123\u0113tisko neatkar\u012bbu. Projekta laik\u0101 ieg\u016bt\u0101s zin\u0101\u0161anas un izstr\u0101d\u0101tie risin\u0101jumi tiks izmantoti ar\u012b turpm\u0101k, veicinot za\u013co industri\u0101lo zonu att\u012bst\u012bbu Latvij\u0101 un Baltijas j\u016bras re\u0123ion\u0101.<\/p>\n<p>Projekts \u201cGreenIndustrialAreas\u201d tiek \u012bstenots \u201cInterreg Baltijas j\u016bras re\u0123iona programma 2021-2027\u201d ietvaros. Projekta kop\u0113jais bud\u017eets ir 2 845 916,60 EUR (t.sk. ERAF finans\u0113jums\u00a0 2,276,733.28 EUR) ZPR bud\u017eets ir 219 492 EUR. Vair\u0101k par projektu iesp\u0113jams uzzin\u0101t: https:\/\/www.zemgale.lv\/lv\/projekts\/starptautiska-sertifikacijas-standarta-un-instrumentu-kopizstrade-lai-veicinatu-energetikas-pareju-zalajas-industrialajas-zonas vai https:\/\/interreg-baltic.eu\/project\/greenindustrialareas\/<\/p>\n<p>\u0160\u012b publik\u0101cija ir sagatavota ar Eiropas Savien\u012bbas finansi\u0101lu atbalstu. Par t\u0101s saturu piln\u012bb\u0101 atbild Zemgales pl\u0101no\u0161anas re\u0123ions un t\u0101 var neatspogu\u013cot Eiropas Savien\u012bbas viedokli.<\/p>\n<p>          <img decoding=\"async\" src=\"https:\/\/www.europesays.com\/lv\/wp-content\/uploads\/2025\/12\/1765959310_789_logo-lv.png\" alt=\"\"\/><\/p>\n<p>                  \u0160\u012b inform\u0101cija ir publisks pazi\u0146ojums un neatspogu\u013co LV port\u0101la viedokli. Par t\u0101s saturu atbild ies\u016bt\u012bt\u0101js. <a data-popup=\"rules\">Public\u0113\u0161anas noteikumi<\/a><\/p>\n","protected":false},"excerpt":{"rendered":"Starptautiskais projekts \u201cGreen Industrial Areas\u201d, kas \u012bstenots INTERREG Baltijas j\u016bras re\u0123iona programmas 2021\u20132027 ietvaros, tuvojas nosl\u0113gumam. Tr\u012bs gadu&hellip;\n","protected":false},"author":2,"featured_media":88435,"comment_status":"","ping_status":"","sticky":false,"template":"","format":"standard","meta":{"footnotes":""},"categories":[14],"tags":[23,57,28,29,32,33,22,30,31,35,39,38,36,37,34,40,20,26,27,24,25,54,55,56,21,58],"class_list":{"0":"post-88434","1":"post","2":"type-post","3":"status-publish","4":"format-standard","5":"has-post-thumbnail","7":"category-zinas-no-arvalstim","8":"tag-aktualitates","9":"tag-arvalstim","10":"tag-breaking-news","11":"tag-breakingnews","12":"tag-featured-news","13":"tag-featurednews","14":"tag-headlines","15":"tag-latest-news","16":"tag-latestnews","17":"tag-latvia","18":"tag-latvian","19":"tag-latviesu","20":"tag-latviesu-valoda","21":"tag-latviesuvaloda","22":"tag-latvija","23":"tag-lv","24":"tag-news","25":"tag-popularakas-zinas","26":"tag-popularakaszinas","27":"tag-top-stories","28":"tag-topstories","29":"tag-world","30":"tag-world-news","31":"tag-worldnews","32":"tag-zinas","33":"tag-zinas-no-arvalstim"},"share_on_mastodon":{"url":"https:\/\/pubeurope.com\/@lv\/115802167357122474","error":""},"_links":{"self":[{"href":"https:\/\/www.europesays.com\/lv\/wp-json\/wp\/v2\/posts\/88434","targetHints":{"allow":["GET"]}}],"collection":[{"href":"https:\/\/www.europesays.com\/lv\/wp-json\/wp\/v2\/posts"}],"about":[{"href":"https:\/\/www.europesays.com\/lv\/wp-json\/wp\/v2\/types\/post"}],"author":[{"embeddable":true,"href":"https:\/\/www.europesays.com\/lv\/wp-json\/wp\/v2\/users\/2"}],"replies":[{"embeddable":true,"href":"https:\/\/www.europesays.com\/lv\/wp-json\/wp\/v2\/comments?post=88434"}],"version-history":[{"count":0,"href":"https:\/\/www.europesays.com\/lv\/wp-json\/wp\/v2\/posts\/88434\/revisions"}],"wp:featuredmedia":[{"embeddable":true,"href":"https:\/\/www.europesays.com\/lv\/wp-json\/wp\/v2\/media\/88435"}],"wp:attachment":[{"href":"https:\/\/www.europesays.com\/lv\/wp-json\/wp\/v2\/media?parent=88434"}],"wp:term":[{"taxonomy":"category","embeddable":true,"href":"https:\/\/www.europesays.com\/lv\/wp-json\/wp\/v2\/categories?post=88434"},{"taxonomy":"post_tag","embeddable":true,"href":"https:\/\/www.europesays.com\/lv\/wp-json\/wp\/v2\/tags?post=88434"}],"curies":[{"name":"wp","href":"https:\/\/api.w.org\/{rel}","templated":true}]}}