{"id":88479,"date":"2025-12-29T09:56:10","date_gmt":"2025-12-29T09:56:10","guid":{"rendered":"https:\/\/www.europesays.com\/lv\/88479\/"},"modified":"2025-12-29T09:56:10","modified_gmt":"2025-12-29T09:56:10","slug":"krievija-nakamo-desmit-gadu-laika-plano-uz-meness-uzbuvet-atomelektrostaciju","status":"publish","type":"post","link":"https:\/\/www.europesays.com\/lv\/88479\/","title":{"rendered":"Krievija n\u0101kamo desmit gadu laik\u0101 pl\u0101no uz M\u0113ness uzb\u016bv\u0113t atomelektrostaciju"},"content":{"rendered":"<p>Kas attiecas uz Krievijas lomu kosmosa nozar\u0113, p\u0113d\u0113jos gados \u0161\u0137iet, ka t\u0101 turpina samazin\u0101ties, ASV un \u0136\u012bnai g\u016bstot iev\u0113rojamus pan\u0101kumus. Liel\u0101ka da\u013ca Krievijas resursu aiziet Ukrainas post\u012b\u0161anai, t\u0101p\u0113c nekas di\u017es kosmosa nozar\u0113 netiek sasniegts. Ta\u010du tagad Krievijas kosmosa a\u0123ent\u016bra \u201cRoscosmos\u201d pazi\u0146ojusi, ka n\u0101kamo desmit gadu laik\u0101 uz M\u0113ness pl\u0101no uzb\u016bv\u0113t atomelektrostaciju, kuras m\u0113r\u0137is ir nodro\u0161in\u0101t vajadz\u012bgos resursus M\u0113ness izp\u0113tes programmai un kop\u0101 ar \u0136\u012bnu rad\u012btajai p\u0113tniec\u012bbas stacijai.\n<\/p>\n<p>M\u0113ness elektrostaciju pl\u0101nots uzb\u016bv\u0113t l\u012bdz 2036. gadam. L\u012bgums par t\u0101s izveidi jau parakst\u012bts ar avi\u0101cijas un kosmosa uz\u0146\u0113mumu \u201cLavochkin Association\u201d. \u201cRoscosmos\u201d tie\u0161\u0101 veid\u0101 nav pateikusi, ka pl\u0101not\u0101 elektrostacija b\u016bs atomelektrostacija, ta\u010du zin\u0101ms, ka projekta dal\u012bbnieku vid\u016b ir Krievijas valsts atomener\u0123ijas uz\u0146\u0113mums \u201cRosatom\u201d un Krievijas vado\u0161ais kodolp\u0113tniec\u012bbas instit\u016bts \u201cKurchatov Institute\u201d, kas liecina par to, ka kaut k\u0101da saist\u012bba ar atomener\u0123iju tom\u0113r b\u016bs.\n<\/p>\n<p>Pl\u0101not\u0101 elektrostacija nodro\u0161in\u0101tu ener\u0123iju M\u0113ness visurg\u0101j\u0113jiem \u2013 robotma\u0161\u012bn\u0101m, observatorijai un Krievijas \u2013 \u0136\u012bnas p\u0113tniec\u012bbas stacijai. \u201cRoscosmos\u201d ar\u012b nor\u0101da, ka tas b\u016btu liels solis pret\u012b ilgtermi\u0146a, past\u0101v\u012bgai M\u0113ness izp\u0113tei. Kosmosa a\u0123ent\u016bras vad\u012bt\u0101js Dmitrijs Bakanovs uzsv\u0113ris, ka Krievijas m\u0113r\u0137os ietilpst ne tikai M\u0113ness, bet ar\u012b Ven\u0113ras izp\u0113te.\n<\/p>\n<p>J\u0101atz\u012bm\u0113, ka Krievija nav vien\u012bg\u0101, kas iedom\u0101jusies par atomelektrostacijas b\u016bvniec\u012bbu uz M\u0113ness. Ar l\u012bdz\u012bgiem pl\u0101niem <a href=\"https:\/\/kursors.lv\/2020\/07\/28\/asv-velas-izvietot-atomelektrostacijas-gan-uz-meness-gan-marsa\/\" rel=\"nofollow noopener\" target=\"_blank\">pirms pieciem gadiem n\u0101ca klaj\u0101<\/a> ASV Ener\u0123\u0113tikas departaments. Visu projektu bija paredz\u0113ts pabeigt l\u012bdz 2026. gada beig\u0101m jeb p\u0113c gada. Kop\u0161 t\u0101 laika nekas nav dzird\u0113ts par to, un \u0161\u0137iet, ka \u0161is projekts vismaz pagaid\u0101m paliks pl\u0101na l\u012bmen\u012b.<\/p>\n","protected":false},"excerpt":{"rendered":"Kas attiecas uz Krievijas lomu kosmosa nozar\u0113, p\u0113d\u0113jos gados \u0161\u0137iet, ka t\u0101 turpina samazin\u0101ties, ASV un \u0136\u012bnai g\u016bstot&hellip;\n","protected":false},"author":2,"featured_media":88480,"comment_status":"","ping_status":"","sticky":false,"template":"","format":"standard","meta":{"footnotes":""},"categories":[14],"tags":[23,57,28,29,32,33,22,30,31,35,39,38,36,37,34,40,20,26,27,24,25,54,55,56,21,58],"class_list":{"0":"post-88479","1":"post","2":"type-post","3":"status-publish","4":"format-standard","5":"has-post-thumbnail","7":"category-zinas-no-arvalstim","8":"tag-aktualitates","9":"tag-arvalstim","10":"tag-breaking-news","11":"tag-breakingnews","12":"tag-featured-news","13":"tag-featurednews","14":"tag-headlines","15":"tag-latest-news","16":"tag-latestnews","17":"tag-latvia","18":"tag-latvian","19":"tag-latviesu","20":"tag-latviesu-valoda","21":"tag-latviesuvaloda","22":"tag-latvija","23":"tag-lv","24":"tag-news","25":"tag-popularakas-zinas","26":"tag-popularakaszinas","27":"tag-top-stories","28":"tag-topstories","29":"tag-world","30":"tag-world-news","31":"tag-worldnews","32":"tag-zinas","33":"tag-zinas-no-arvalstim"},"share_on_mastodon":{"url":"https:\/\/pubeurope.com\/@lv\/115802261697915853","error":""},"_links":{"self":[{"href":"https:\/\/www.europesays.com\/lv\/wp-json\/wp\/v2\/posts\/88479","targetHints":{"allow":["GET"]}}],"collection":[{"href":"https:\/\/www.europesays.com\/lv\/wp-json\/wp\/v2\/posts"}],"about":[{"href":"https:\/\/www.europesays.com\/lv\/wp-json\/wp\/v2\/types\/post"}],"author":[{"embeddable":true,"href":"https:\/\/www.europesays.com\/lv\/wp-json\/wp\/v2\/users\/2"}],"replies":[{"embeddable":true,"href":"https:\/\/www.europesays.com\/lv\/wp-json\/wp\/v2\/comments?post=88479"}],"version-history":[{"count":0,"href":"https:\/\/www.europesays.com\/lv\/wp-json\/wp\/v2\/posts\/88479\/revisions"}],"wp:featuredmedia":[{"embeddable":true,"href":"https:\/\/www.europesays.com\/lv\/wp-json\/wp\/v2\/media\/88480"}],"wp:attachment":[{"href":"https:\/\/www.europesays.com\/lv\/wp-json\/wp\/v2\/media?parent=88479"}],"wp:term":[{"taxonomy":"category","embeddable":true,"href":"https:\/\/www.europesays.com\/lv\/wp-json\/wp\/v2\/categories?post=88479"},{"taxonomy":"post_tag","embeddable":true,"href":"https:\/\/www.europesays.com\/lv\/wp-json\/wp\/v2\/tags?post=88479"}],"curies":[{"name":"wp","href":"https:\/\/api.w.org\/{rel}","templated":true}]}}