{"id":88494,"date":"2025-12-29T10:04:07","date_gmt":"2025-12-29T10:04:07","guid":{"rendered":"https:\/\/www.europesays.com\/lv\/88494\/"},"modified":"2025-12-29T10:04:07","modified_gmt":"2025-12-29T10:04:07","slug":"ugunsdzeseji-salas-pagasta-izglabj-uz-salinas-iesprostotu-suni-jekabpils-laiks-jekabpils-zinas","status":"publish","type":"post","link":"https:\/\/www.europesays.com\/lv\/88494\/","title":{"rendered":"Ugunsdz\u0113s\u0113ji Salas pagast\u0101 izgl\u0101bj uz sali\u0146as iesprostotu suni \/ J\u0113kabpils Laiks: J\u0113kabpils zi\u0146as"},"content":{"rendered":"<p>Ziemassv\u0113tku vakar\u0101 ugunsdz\u0113s\u0113ji gl\u0101b\u0113ji J\u0113kabpils novada Salas pagast\u0101 izgl\u0101ba suni, kas bija palicis uz nelielas sali\u0146as upes vid\u016b un saviem sp\u0113kiem nesp\u0113ja nok\u013c\u016bt krast\u0101. Gl\u0101b\u0113ji dz\u012bvnieku dro\u0161i nog\u0101d\u0101ja krast\u0101 un nodeva t\u0101 saimniekam.<\/p>\n<p>T\u0101pat Zemgal\u0113 sa\u0146emti vair\u0101ki izsaukumi, kuros dz\u012bvojamo m\u0101ju d\u016bmvados dega sodr\u0113ji. J\u0113kabpils novada K\u016bku pagast\u0101 tr\u012bsst\u0101vu dz\u012bvojam\u0101s m\u0101jas d\u016bmvad\u0101 sodr\u0113ji dega aptuveni viena kvadr\u0101tmetra plat\u012bb\u0101.<\/p>\n<p>Ugunsdz\u0113s\u0113ji atg\u0101dina, ka d\u016bmvadu regul\u0101ra t\u012br\u012b\u0161ana ir b\u016btiska, lai nov\u0113rstu sodr\u0113ju deg\u0161anu. Deg\u0161anas laik\u0101 d\u016bmvad\u0101 veidojas \u013coti augsta temperat\u016bra, kas var boj\u0101t t\u0101 konstrukciju. Boj\u0101ts d\u016bmvads ir ugunsb\u012bstams \u2013 dzirksteles caur plais\u0101m var nok\u013c\u016bt jumta konstrukcij\u0101s, p\u0101rsegumos vai b\u0113ni\u0146os eso\u0161ajos priek\u0161metos, izraisot pla\u0161u un posto\u0161u ugunsgr\u0113ku.<\/p>\n<p>Laika posm\u0101 no sestdienas vakara l\u012bdz pirmdienas r\u012btam Valsts ugunsdz\u0113s\u012bbas un gl\u0101b\u0161anas dienests sa\u0146\u0113ma 341 izsaukumu par sp\u0113c\u012bg\u0101 v\u0113ja rad\u012btajiem post\u012bjumiem. R\u012bgas re\u0123ion\u0101 re\u0123istr\u0113ti 138 izsaukumi, tostarp R\u012bg\u0101 \u2013 92, Kurzem\u0113 \u2013 56, Zemgal\u0113 \u2013 27, Vidzem\u0113 \u2013 21, bet Latgal\u0113 \u2013 septi\u0146i.<\/p>\n<p>No sestdienas vakara l\u012bdz sv\u0113tdienas pusdienlaikam ugunsdz\u0113s\u0113ji gl\u0101b\u0113ji turpin\u0101ja intens\u012bvi sa\u0146emt iedz\u012bvot\u0101ju izsaukumus par v\u0113ja rad\u012bto seku likvid\u0113\u0161anu, ta\u010du p\u0113c sv\u0113tdienas pulksten diviem izsaukumu skaits strauji samazin\u0101j\u0101s. Liel\u0101kaj\u0101 da\u013c\u0101 gad\u012bjumu koki bija nog\u0101zu\u0161ies uz ce\u013ca braucam\u0101s da\u013cas, bet atsevi\u0161\u0137os gad\u012bjumos \u2013 iekritu\u0161i elektrol\u012bnij\u0101s vai boj\u0101ju\u0161i \u0113ku jumtus un konstrukcijas.<\/p>\n<p>\u0160oreiz fiks\u0113ts ar\u012b sal\u012bdzino\u0161i liels skaits gad\u012bjumu, kad v\u0113j\u0161 nor\u0101vis vai atr\u0101vis jumta segumus, k\u0101 ar\u012b gad\u012bjumi, kad koki kritu\u0161i uz vieglaj\u0101m automa\u0161\u012bn\u0101m un \u0113k\u0101m. Piem\u0113ram, J\u0113kabpils novada Vies\u012bt\u0113 ugunsdz\u0113s\u0113ji gl\u0101b\u0113ji atbr\u012bvoja \u0113kas jumtu, uz kura bija uzkritis koks.<\/p>\n<p>Liel\u0101ko da\u013cu v\u0113ja rad\u012bto seku likvid\u0113ja ugunsdz\u0113s\u0113ji gl\u0101b\u0113ji, ta\u010du inform\u0101cija par vair\u0101k nek\u0101 40 notikumiem tika nodota br\u012bvpr\u0101t\u012bgajiem ugunsdz\u0113s\u0113jiem. Atsevi\u0161\u0137os gad\u012bjumos, ierodoties notikuma viet\u0101, nol\u016bzis koks vairs netika konstat\u0113ts vai ar\u012b tas jau bija nov\u0101kts.<\/p>\n","protected":false},"excerpt":{"rendered":"Ziemassv\u0113tku vakar\u0101 ugunsdz\u0113s\u0113ji gl\u0101b\u0113ji J\u0113kabpils novada Salas pagast\u0101 izgl\u0101ba suni, kas bija palicis uz nelielas sali\u0146as upes vid\u016b&hellip;\n","protected":false},"author":2,"featured_media":88495,"comment_status":"","ping_status":"","sticky":false,"template":"","format":"standard","meta":{"footnotes":""},"categories":[5],"tags":[23,28,29,32,33,22,987,986,30,31,35,39,38,36,37,34,40,20,26,27,24,25,21],"class_list":{"0":"post-88494","1":"post","2":"type-post","3":"status-publish","4":"format-standard","5":"has-post-thumbnail","7":"category-aktualitates","8":"tag-aktualitates","9":"tag-breaking-news","10":"tag-breakingnews","11":"tag-featured-news","12":"tag-featurednews","13":"tag-headlines","14":"tag-jekabpils-zinas","15":"tag-jekabpilslaiks","16":"tag-latest-news","17":"tag-latestnews","18":"tag-latvia","19":"tag-latvian","20":"tag-latviesu","21":"tag-latviesu-valoda","22":"tag-latviesuvaloda","23":"tag-latvija","24":"tag-lv","25":"tag-news","26":"tag-popularakas-zinas","27":"tag-popularakaszinas","28":"tag-top-stories","29":"tag-topstories","30":"tag-zinas"},"share_on_mastodon":{"url":"https:\/\/pubeurope.com\/@lv\/115802293147399216","error":""},"_links":{"self":[{"href":"https:\/\/www.europesays.com\/lv\/wp-json\/wp\/v2\/posts\/88494","targetHints":{"allow":["GET"]}}],"collection":[{"href":"https:\/\/www.europesays.com\/lv\/wp-json\/wp\/v2\/posts"}],"about":[{"href":"https:\/\/www.europesays.com\/lv\/wp-json\/wp\/v2\/types\/post"}],"author":[{"embeddable":true,"href":"https:\/\/www.europesays.com\/lv\/wp-json\/wp\/v2\/users\/2"}],"replies":[{"embeddable":true,"href":"https:\/\/www.europesays.com\/lv\/wp-json\/wp\/v2\/comments?post=88494"}],"version-history":[{"count":0,"href":"https:\/\/www.europesays.com\/lv\/wp-json\/wp\/v2\/posts\/88494\/revisions"}],"wp:featuredmedia":[{"embeddable":true,"href":"https:\/\/www.europesays.com\/lv\/wp-json\/wp\/v2\/media\/88495"}],"wp:attachment":[{"href":"https:\/\/www.europesays.com\/lv\/wp-json\/wp\/v2\/media?parent=88494"}],"wp:term":[{"taxonomy":"category","embeddable":true,"href":"https:\/\/www.europesays.com\/lv\/wp-json\/wp\/v2\/categories?post=88494"},{"taxonomy":"post_tag","embeddable":true,"href":"https:\/\/www.europesays.com\/lv\/wp-json\/wp\/v2\/tags?post=88494"}],"curies":[{"name":"wp","href":"https:\/\/api.w.org\/{rel}","templated":true}]}}