{"id":88501,"date":"2025-12-29T10:09:06","date_gmt":"2025-12-29T10:09:06","guid":{"rendered":"https:\/\/www.europesays.com\/lv\/88501\/"},"modified":"2025-12-29T10:09:06","modified_gmt":"2025-12-29T10:09:06","slug":"aizpute-ziemassvetkos-pazudusi-alise-lisa-smilga-atrasta-policija-pateicas-par-palidzibu-lente-lv","status":"publish","type":"post","link":"https:\/\/www.europesays.com\/lv\/88501\/","title":{"rendered":"Aizput\u0113 Ziemassv\u0113tkos pazudus\u012b Alise L\u012bsa Smilga atrasta, policija pateicas par pal\u012bdz\u012bbu\u00a0\u2014\u00a0Lente.lv"},"content":{"rendered":"<p>Jaunietes mekl\u0113\u0161ana nosl\u0113gusies<\/p>\n<p>Valsts policijai ir izdevies atrast 2011. gad\u0101 dzimu\u0161o Alisi Lisu Smilgu, kura kop\u0161 26. decembra bija bezv\u0113sts promb\u016btn\u0113. K\u0101 zi\u0146o telekan\u0101ls TV3, jauniete izg\u0101ja no sav\u0101m m\u0101j\u0101m Aizput\u0113 ap pulksten 20.00 un vi\u0146as atra\u0161an\u0101s vieta nebija zin\u0101ma l\u012bdz pat \u0161ai dienai. Policija ir izsludin\u0101jusi mekl\u0113\u0161anu un ir izmekl\u0113jusi visus pazu\u0161anas apst\u0101k\u013cus.<\/p>\n<p>Policija aicina sabiedr\u012bbu pal\u012bdz\u0113t<\/p>\n<p>Lai gan inform\u0101cija par meitenes pazu\u0161anu tika izplat\u012bta nesen, policija aicina ikvienu, kam ir jebk\u0101da inform\u0101cija par Alises Lisas Smilgas iesp\u0113jamo atra\u0161an\u0101s vietu, nekav\u0113joties zi\u0146ot, zvanot uz t\u0101lru\u0146a numuru 110 vai 29622819. Jebkura inform\u0101cija var b\u016bt noz\u012bm\u012bga lietas izmekl\u0113\u0161an\u0101 un meitenes dro\u0161as atgrie\u0161an\u0101s nodro\u0161in\u0101\u0161an\u0101. Policija uzsver, ka ir svar\u012bgi sniegt jebk\u0101du, pat \u0161\u0137ietami neb\u016btisku, inform\u0101ciju, kas var\u0113tu pal\u012bdz\u0113t vi\u0146as atra\u0161an\u0101.<\/p>\n<p>Mekl\u0113\u0161anas pas\u0101kumi Aizput\u0113<\/p>\n<p>Valsts policijas Kurzemes re\u0123iona p\u0101rvaldes Dienvidkurzemes iecirknis, kas ir atbild\u012bgs par sabiedrisk\u0101s k\u0101rt\u012bbas un dro\u0161\u012bbas nodro\u0161in\u0101\u0161anu Aizput\u0113 un t\u0101s apk\u0101rtn\u0113, koordin\u0113ja mekl\u0113\u0161anas pas\u0101kumus un sadarboj\u0101s ar cit\u0101m iest\u0101d\u0113m, lai rastu pazudu\u0161o personu. Lai gan Dienvidkurzemes iecirknis atrodas Liep\u0101j\u0101, t\u0101 darb\u012bbas teritorija aptver pla\u0161\u0101ku re\u0123ionu, nodro\u0161inot policijas kl\u0101tb\u016btni un rea\u0123\u0113\u0161anas sp\u0113jas da\u017e\u0101d\u0101s apdz\u012bvot\u0101s viet\u0101s.<\/p>\n<p>Pazu\u0161anas apst\u0101k\u013cu skaidro\u0161ana<\/p>\n<p>\u0160obr\u012bd nav sniegta detaliz\u0113ta inform\u0101cija par Alises Lisas Smilgas vizu\u0101lo izskatu, ap\u0123\u0113rbu pazu\u0161anas br\u012bd\u012b vai \u012bpa\u0161\u0101m paz\u012bm\u0113m. Tiek skaidrots, vai ir biju\u0161i l\u012bdz\u012bgi gad\u012bjumi Aizput\u0113 vai tuv\u0101kaj\u0101 apk\u0101rtn\u0113 pirms \u0161\u012b notikuma. Policija str\u0101d\u0101, lai noskaidrotu visas notiku\u0161\u0101 apst\u0101k\u013cus.<\/p>\n","protected":false},"excerpt":{"rendered":"Jaunietes mekl\u0113\u0161ana nosl\u0113gusies Valsts policijai ir izdevies atrast 2011. gad\u0101 dzimu\u0161o Alisi Lisu Smilgu, kura kop\u0161 26. decembra&hellip;\n","protected":false},"author":2,"featured_media":88502,"comment_status":"","ping_status":"","sticky":false,"template":"","format":"standard","meta":{"footnotes":""},"categories":[12],"tags":[22498,23,22496,28,29,32,33,22,30,31,35,39,38,36,37,34,40,12307,20,22497,26,27,24,25,138,21],"class_list":{"0":"post-88501","1":"post","2":"type-post","3":"status-publish","4":"format-standard","5":"has-post-thumbnail","7":"category-latvija","8":"tag-aizpute","9":"tag-aktualitates","10":"tag-alise-lisa-smilga","11":"tag-breaking-news","12":"tag-breakingnews","13":"tag-featured-news","14":"tag-featurednews","15":"tag-headlines","16":"tag-latest-news","17":"tag-latestnews","18":"tag-latvia","19":"tag-latvian","20":"tag-latviesu","21":"tag-latviesu-valoda","22":"tag-latviesuvaloda","23":"tag-latvija","24":"tag-lv","25":"tag-meklesana","26":"tag-news","27":"tag-pazudusi","28":"tag-popularakas-zinas","29":"tag-popularakaszinas","30":"tag-top-stories","31":"tag-topstories","32":"tag-valsts-policija","33":"tag-zinas"},"share_on_mastodon":{"url":"https:\/\/pubeurope.com\/@lv\/115802312794679855","error":""},"_links":{"self":[{"href":"https:\/\/www.europesays.com\/lv\/wp-json\/wp\/v2\/posts\/88501","targetHints":{"allow":["GET"]}}],"collection":[{"href":"https:\/\/www.europesays.com\/lv\/wp-json\/wp\/v2\/posts"}],"about":[{"href":"https:\/\/www.europesays.com\/lv\/wp-json\/wp\/v2\/types\/post"}],"author":[{"embeddable":true,"href":"https:\/\/www.europesays.com\/lv\/wp-json\/wp\/v2\/users\/2"}],"replies":[{"embeddable":true,"href":"https:\/\/www.europesays.com\/lv\/wp-json\/wp\/v2\/comments?post=88501"}],"version-history":[{"count":0,"href":"https:\/\/www.europesays.com\/lv\/wp-json\/wp\/v2\/posts\/88501\/revisions"}],"wp:featuredmedia":[{"embeddable":true,"href":"https:\/\/www.europesays.com\/lv\/wp-json\/wp\/v2\/media\/88502"}],"wp:attachment":[{"href":"https:\/\/www.europesays.com\/lv\/wp-json\/wp\/v2\/media?parent=88501"}],"wp:term":[{"taxonomy":"category","embeddable":true,"href":"https:\/\/www.europesays.com\/lv\/wp-json\/wp\/v2\/categories?post=88501"},{"taxonomy":"post_tag","embeddable":true,"href":"https:\/\/www.europesays.com\/lv\/wp-json\/wp\/v2\/tags?post=88501"}],"curies":[{"name":"wp","href":"https:\/\/api.w.org\/{rel}","templated":true}]}}