{"id":88509,"date":"2025-12-29T10:14:11","date_gmt":"2025-12-29T10:14:11","guid":{"rendered":"https:\/\/www.europesays.com\/lv\/88509\/"},"modified":"2025-12-29T10:14:11","modified_gmt":"2025-12-29T10:14:11","slug":"iespejams-vesture-lielakais-trieciens-pa-krievijas-specialo-uzdevumu-karaviriem","status":"publish","type":"post","link":"https:\/\/www.europesays.com\/lv\/88509\/","title":{"rendered":"Iesp\u0113jams, v\u0113stur\u0113 liel\u0101kais trieciens pa Krievijas speci\u0101lo uzdevumu karav\u012briem"},"content":{"rendered":"<p class=\"lead\">\n                                Saska\u0146\u0101 ar izl\u016bkdienestu datiem Ukrainas Bezpilota sist\u0113mu sp\u0113ki (USF) veiku\u0161i triecienu Krievijas Bru\u0146oto sp\u0113ku \u0122ener\u0101l\u0161t\u0101ba Galven\u0101s p\u0101rvaldes (GRU) speci\u0101lo uzdevumu vien\u012bbas dislok\u0101cijas vietai, raksta &#8220;Militarnyi.com&#8221;.\n                            <\/p>\n<p>Par uzbrukumu soci\u0101lajos medijos pazi\u0146oja USF komandieris Roberts Brovdi (kaujas iesauka Madjar).<\/p>\n<p>Oper\u0101cija tika veikta 26. decembra nakt\u012b, to \u012bstenoja Bezpilota sist\u0113mu sp\u0113ku 1. centra t\u0101lvad\u012bbas dronu operatori, kas iepriek\u0161 bija zin\u0101mi k\u0101 14. atsevi\u0161\u0137ais pulks.<\/p>\n<p>Trieciens bija v\u0113rsts pret 14. gvardes atsevi\u0161\u0137\u0101s speci\u0101lo uzdevumu brig\u0101des (Kutuzova orde\u0146a) dislok\u0101cijas vietu, kas atrad\u0101s Berdjansk\u0113, Do\u0146eckas apgabal\u0101.<\/p>\n<p>Saska\u0146\u0101 ar preciz\u0113tiem izl\u016bko\u0161anas datiem uzbrukuma rezult\u0101t\u0101 izn\u012bcin\u0101ti vai ievainoti vair\u0101k nek\u0101 120 Krievijas speci\u0101lo uzdevumu karav\u012bri. Brovdi nor\u0101d\u012bja, ka<\/p>\n<blockquote>\n<p>51 karav\u012brs g\u0101jis boj\u0101, bet 74 guvu\u0161i ievainojumus.<\/p>\n<\/blockquote>\n<p>Inform\u0101cija par bezv\u0113sts pazudu\u0161ajiem vai zem gruve\u0161iem iesprostotajiem nav sniegta.<\/p>\n<p>Papildus karav\u012bru izmitin\u0101\u0161anas \u0113kai triecien\u0101 cietis ar\u012b vien\u012bbas komandpunkts.<\/p>\n<p>K\u0101 nor\u0101da &#8220;CyberBoroshno&#8221;, bezpilota lidapar\u0101ti tr\u0101p\u012bju\u0161i piec\u0101m \u0113k\u0101m, no kur\u0101m viena tika skarta divreiz. Uzbrukum\u0101 izmantoti Ukrain\u0101 ra\u017eoti droni FP-1 un FP-2.<\/p>\n<p>Ja \u0161ie zaud\u0113jumi tiks apstiprin\u0101ti,<\/p>\n<blockquote>\n<p>tas b\u016bs liel\u0101kais vienlaikus nodar\u012btais trieciens gan \u0161\u012bs brig\u0101des, gan visas GRU v\u0113stur\u0113.<\/p>\n<\/blockquote>\n<p>Sal\u012bdzin\u0101jumam \u2014 GRU speci\u0101lo uzdevumu vien\u012bbu kop\u0113jie zaud\u0113jumi Pirmaj\u0101 un Otraj\u0101 \u010ce\u010denijas kar\u0101 tika l\u0113sti ap 320 karav\u012bru. Vienas nakts laik\u0101 Ukrain\u0101 \u0161\u012b brig\u0101de, iesp\u0113jams, zaud\u0113jusi gandr\u012bz pusi no \u0161\u012b skaita.<\/p>\n<p>KONTEKSTS<\/p>\n<p>2022. gada 24. febru\u0101r\u012b Krievijas diktators Vladimirs Putins deva pav\u0113li iebrukt\u00a0Ukrain\u0101. Putins apgalvoja, ka NATO gatavojas izmantot Ukrainu k\u0101 placdarmu agresijai pret Krieviju, lai gan \u0161iem apgalvojumiem nebija\u00a0pier\u0101d\u012bjumu. Starptautisk\u0101 krimin\u0101ltiesa (SKT) 2023. gada mart\u0101 izdeva Putina aresta orderi par nelikum\u012bgu ukrai\u0146u b\u0113rnu deport\u0101ciju no okup\u0113taj\u0101m teritorij\u0101m Ukrain\u0101.\u00a0<\/p>\n<p><img decoding=\"async\" src=\"https:\/\/www.europesays.com\/lv\/wp-content\/uploads\/2025\/11\/202311151406496554b459d746c.jpg\" alt=\"Ukrainas atbalst\u012bt\u0101ji nezaud\u0113 tic\u012bbu, ka ukrai\u0146i v\u0113l ir ce\u013c\u0101 uz uzvaru un agri vai v\u0113lu Krievijas okupantu armijai n\u0101ksies atk\u0101pties no Ukrainas zemes.\" loading=\"lazy\"\/><\/p>\n<p>Ukrainas atbalst\u012bt\u0101ji nezaud\u0113 tic\u012bbu, ka ukrai\u0146i v\u0113l ir ce\u013c\u0101 uz uzvaru un agri vai v\u0113lu Krievijas okupantu armijai n\u0101ksies atk\u0101pties no Ukrainas zemes.<\/p>\n<p>Foto:\u00a0AFP\/Scanpix\u00a0\/ Latvijas Mediji<\/p>\n<p class=\"paragraph-muted\">Izv\u0113lies savu soct\u012bklu platformu, lai sekotu LASI.LV: <a href=\"https:\/\/www.facebook.com\/portals.lasi.lv\" target=\"_blank\" rel=\"noopener noreferrer nofollow\">Facebook<\/a>, <a href=\"https:\/\/twitter.com\/lasilvportals\" target=\"_blank\" rel=\"noopener noreferrer nofollow\">X<\/a>, <a href=\"https:\/\/bsky.app\/profile\/lasilv.bsky.social\" target=\"_blank\" rel=\"noopener noreferrer nofollow\">Bluesky<\/a>, <a href=\"https:\/\/www.draugiem.lv\/lasilv\/?pg=4\" target=\"_blank\" rel=\"noopener noreferrer nofollow\">Draugiem<\/a> vai ar\u012b <a href=\"https:\/\/www.instagram.com\/lasilv_zinas\/\" target=\"_blank\" rel=\"noopener noreferrer nofollow\">Instagram<\/a>. Pievienojies m\u016bsu las\u012bt\u0101ju pulkam, lai sa\u0146emtu \u012bpa\u0161i tev atlas\u012btu noder\u012bgu, praktisku un aktu\u0101lu saturu.\u00a0<\/p>\n<p style=\"margin-left:auto;\">Pieraksties LASI.LV redaktora v\u0113stkopai <a href=\"https:\/\/lasi.lv\/vestkopa\/lasi-lv-galvena-redaktora-vestkopa\" rel=\"nofollow noopener\" target=\"_blank\">\u0161eit<\/a>.<\/p>\n<p style=\"margin-left:auto;\">Pieraksties un reizi ned\u0113\u013c\u0101 sa\u0146em padzi\u013cin\u0101tu LASI.LV galven\u0101 redaktora aktu\u0101lo zi\u0146u, kompetentu viedok\u013cu un interesant\u0101ko interviju apkopojumu.<\/p>\n<p><script async src=\"https:\/\/platform.twitter.com\/widgets.js\" charset=\"utf-8\"><\/script><script async src=\"\/\/www.instagram.com\/embed.js\"><\/script><\/p>\n","protected":false},"excerpt":{"rendered":"Saska\u0146\u0101 ar izl\u016bkdienestu datiem Ukrainas Bezpilota sist\u0113mu sp\u0113ki (USF) veiku\u0161i triecienu Krievijas Bru\u0146oto sp\u0113ku \u0122ener\u0101l\u0161t\u0101ba Galven\u0101s p\u0101rvaldes (GRU)&hellip;\n","protected":false},"author":2,"featured_media":88510,"comment_status":"","ping_status":"","sticky":false,"template":"","format":"standard","meta":{"footnotes":""},"categories":[14],"tags":[23,57,28,29,32,33,22,30,31,35,39,38,36,37,34,40,20,26,27,24,25,54,55,56,21,58],"class_list":{"0":"post-88509","1":"post","2":"type-post","3":"status-publish","4":"format-standard","5":"has-post-thumbnail","7":"category-zinas-no-arvalstim","8":"tag-aktualitates","9":"tag-arvalstim","10":"tag-breaking-news","11":"tag-breakingnews","12":"tag-featured-news","13":"tag-featurednews","14":"tag-headlines","15":"tag-latest-news","16":"tag-latestnews","17":"tag-latvia","18":"tag-latvian","19":"tag-latviesu","20":"tag-latviesu-valoda","21":"tag-latviesuvaloda","22":"tag-latvija","23":"tag-lv","24":"tag-news","25":"tag-popularakas-zinas","26":"tag-popularakaszinas","27":"tag-top-stories","28":"tag-topstories","29":"tag-world","30":"tag-world-news","31":"tag-worldnews","32":"tag-zinas","33":"tag-zinas-no-arvalstim"},"share_on_mastodon":{"url":"https:\/\/pubeurope.com\/@lv\/115802332500077821","error":""},"_links":{"self":[{"href":"https:\/\/www.europesays.com\/lv\/wp-json\/wp\/v2\/posts\/88509","targetHints":{"allow":["GET"]}}],"collection":[{"href":"https:\/\/www.europesays.com\/lv\/wp-json\/wp\/v2\/posts"}],"about":[{"href":"https:\/\/www.europesays.com\/lv\/wp-json\/wp\/v2\/types\/post"}],"author":[{"embeddable":true,"href":"https:\/\/www.europesays.com\/lv\/wp-json\/wp\/v2\/users\/2"}],"replies":[{"embeddable":true,"href":"https:\/\/www.europesays.com\/lv\/wp-json\/wp\/v2\/comments?post=88509"}],"version-history":[{"count":0,"href":"https:\/\/www.europesays.com\/lv\/wp-json\/wp\/v2\/posts\/88509\/revisions"}],"wp:featuredmedia":[{"embeddable":true,"href":"https:\/\/www.europesays.com\/lv\/wp-json\/wp\/v2\/media\/88510"}],"wp:attachment":[{"href":"https:\/\/www.europesays.com\/lv\/wp-json\/wp\/v2\/media?parent=88509"}],"wp:term":[{"taxonomy":"category","embeddable":true,"href":"https:\/\/www.europesays.com\/lv\/wp-json\/wp\/v2\/categories?post=88509"},{"taxonomy":"post_tag","embeddable":true,"href":"https:\/\/www.europesays.com\/lv\/wp-json\/wp\/v2\/tags?post=88509"}],"curies":[{"name":"wp","href":"https:\/\/api.w.org\/{rel}","templated":true}]}}