{"id":88513,"date":"2025-12-29T10:16:07","date_gmt":"2025-12-29T10:16:07","guid":{"rendered":"https:\/\/www.europesays.com\/lv\/88513\/"},"modified":"2025-12-29T10:16:07","modified_gmt":"2025-12-29T10:16:07","slug":"arturs-kokars-iecelts-satiksmes-ministrijas-valsts-sekretara-vietnieka-amata","status":"publish","type":"post","link":"https:\/\/www.europesays.com\/lv\/88513\/","title":{"rendered":"Art\u016brs Kokars iecelts Satiksmes ministrijas valsts sekret\u0101ra vietnieka amat\u0101"},"content":{"rendered":"<p>Par Satiksmes ministrijas (SM) valsts sekret\u0101ra vietnieku no 2026. gada 1.janv\u0101ra iecelts Art\u016brs Kokars, kur\u0161 l\u012bdz \u0161im SM ie\u0146\u0113ma Avi\u0101cijas departamenta direktora amatu. Kokara atbild\u012bbas jomas ietver mobilit\u0101tes un p\u0101rnozaru, att\u012bst\u012bbas un finan\u0161u pl\u0101no\u0161anas, invest\u012bciju, k\u0101 ar\u012b inform\u0101cijas tehnolo\u0123iju jaut\u0101jumus.<\/p>\n<blockquote>\n<p>\u201cArvien vair\u0101k transporta att\u012bst\u012bbas pl\u0101no\u0161ana k\u013c\u016bst par starpnozaru politiku, un izaicin\u0101jumi, kas nozarei ir j\u0101risina, liel\u0101 m\u0113r\u0101 ir saist\u012bti ar ilgtsp\u0113jas jaut\u0101jumiem. Esmu gandar\u012bts, ka ministrijas vad\u012bbas komandu stiprin\u0101s augstas raudzes speci\u0101lists ar vad\u012bbas pieredzi valsts p\u0101rvald\u0113 un priv\u0101taj\u0101 sektor\u0101 avi\u0101cijas nozar\u0113. Str\u0101d\u0101jot SM, vi\u0146\u0161 jau ir sevi pier\u0101d\u012bjis k\u0101 lielisku strat\u0113\u0123i un komandas vad\u012bt\u0101ju. Nov\u0113lu iztur\u012bbu un veiksmi jaunaj\u0101 amat\u0101\u201d, koment\u0113 Satiksmes ministrijas valsts sekret\u0101rs Andulis \u017didkovs. \u00a0<\/p>\n<\/blockquote>\n<p>Art\u016brs Kokars SM Avi\u0101cijas direktor\u0101 amat\u0101 str\u0101d\u0101 kop\u0161 2021.gada apr\u012b\u013ca, gadu no 2024.gada janv\u0101ra vi\u0146\u0161 pild\u012bja AS \u201cPasa\u017eieru vilciens\u201d padomes priek\u0161s\u0113d\u0113t\u0101ja pien\u0101kumus. Paral\u0113li darbam SM, Kokars ir Ventspils augstskolas docents. Pirms pievieno\u0161an\u0101s SM komandai, vi\u0146\u0161 bija valdes loceklis biedr\u012bb\u0101 \u201cLatvijas Avi\u0101cijas Asoci\u0101cija\u201d, valdes priek\u0161s\u0113d\u0113t\u0101ja padomnieks VAS \u201cStarptautisk\u0101 lidosta \u201cR\u012bga\u201d\u201d, k\u0101 ar\u012b ie\u0146\u0113ma vado\u0161us amatus avi\u0101cijas nozares uz\u0146\u0113mumos. Kokaram ir zin\u0101tnes doktora\u00a0 gr\u0101ds (Ph.D) soci\u0101laj\u0101s zin\u0101tn\u0113s, kas ieg\u016bts Ventspils augstskol\u0101. T\u0101pat vi\u0146am ir ma\u0123istra gr\u0101ds ties\u012bb\u0101s un finans\u0113s, kas ieg\u016bts R\u012bgas Juridiskaj\u0101 augstskol\u0101 un profesion\u0101lais ma\u0123istra gr\u0101ds uz\u0146\u0113m\u0113jdarb\u012bbas vad\u012bb\u0101, kas ieg\u016bts Ventspils augstskol\u0101. <\/p>\n<p>Atkl\u0101t\u0101 konkurs\u0101 uz valsts sekret\u0101ra vietnieka amatu tika sa\u0146emti 77 pretendentu pieteikumi, konkurss norisin\u0101j\u0101s div\u0101s k\u0101rt\u0101s.<\/p>\n<p>Uz SM Avi\u0101cijas departamenta direktora amatu tiks izsludin\u0101ts atkl\u0101ts konkurss, savuk\u0101rt par departamenta direktores pien\u0101kumu izpild\u012bt\u0101ju ir iecelta Signe \u0136au\u0137\u012bte, kura l\u012bdz \u0161im departament\u0101 pild\u012bja direktora vietnieces amatu.<\/p>\n<p>SM 2025.gad\u0101 tika veikts \u0101r\u0113jais audits, lai izv\u0113rt\u0113tu ministrijas funkcijas un to efekt\u012bvu darb\u012bbu atbilsto\u0161i nozar\u0113 p\u0113d\u0113jo gadu laik\u0101 notiku\u0161aj\u0101m p\u0101rmai\u0146\u0101m. Pamatojoties uz audita gala zi\u0146ojumu, ministrij\u0101 ir veikta funkciju p\u0101rdale strukt\u016brvien\u012bb\u0101s, identific\u0113tas jaun\u0101s iniciat\u012bvas, k\u0101 ar\u012b veikta procesu p\u0101rskat\u012b\u0161ana un nodarbin\u0101to amata pien\u0101kumu p\u0101rdale un pilnveide, t\u0101dej\u0101di nodro\u0161inot cilv\u0113kresursu efekt\u012bv\u0101ku izmanto\u0161anu. SM jaun\u0101 strukt\u016bra st\u0101jas sp\u0113k\u0101 ar 2026.gada 1.janv\u0101r\u012b.\u00a0 <\/p>\n","protected":false},"excerpt":{"rendered":"Par Satiksmes ministrijas (SM) valsts sekret\u0101ra vietnieku no 2026. gada 1.janv\u0101ra iecelts Art\u016brs Kokars, kur\u0161 l\u012bdz \u0161im SM&hellip;\n","protected":false},"author":2,"featured_media":88514,"comment_status":"","ping_status":"","sticky":false,"template":"","format":"standard","meta":{"footnotes":""},"categories":[5],"tags":[23,28,29,32,33,22,30,31,35,39,38,36,37,34,40,20,26,27,24,25,21],"class_list":{"0":"post-88513","1":"post","2":"type-post","3":"status-publish","4":"format-standard","5":"has-post-thumbnail","7":"category-aktualitates","8":"tag-aktualitates","9":"tag-breaking-news","10":"tag-breakingnews","11":"tag-featured-news","12":"tag-featurednews","13":"tag-headlines","14":"tag-latest-news","15":"tag-latestnews","16":"tag-latvia","17":"tag-latvian","18":"tag-latviesu","19":"tag-latviesu-valoda","20":"tag-latviesuvaloda","21":"tag-latvija","22":"tag-lv","23":"tag-news","24":"tag-popularakas-zinas","25":"tag-popularakaszinas","26":"tag-top-stories","27":"tag-topstories","28":"tag-zinas"},"share_on_mastodon":{"url":"https:\/\/pubeurope.com\/@lv\/115802340250452704","error":""},"_links":{"self":[{"href":"https:\/\/www.europesays.com\/lv\/wp-json\/wp\/v2\/posts\/88513","targetHints":{"allow":["GET"]}}],"collection":[{"href":"https:\/\/www.europesays.com\/lv\/wp-json\/wp\/v2\/posts"}],"about":[{"href":"https:\/\/www.europesays.com\/lv\/wp-json\/wp\/v2\/types\/post"}],"author":[{"embeddable":true,"href":"https:\/\/www.europesays.com\/lv\/wp-json\/wp\/v2\/users\/2"}],"replies":[{"embeddable":true,"href":"https:\/\/www.europesays.com\/lv\/wp-json\/wp\/v2\/comments?post=88513"}],"version-history":[{"count":0,"href":"https:\/\/www.europesays.com\/lv\/wp-json\/wp\/v2\/posts\/88513\/revisions"}],"wp:featuredmedia":[{"embeddable":true,"href":"https:\/\/www.europesays.com\/lv\/wp-json\/wp\/v2\/media\/88514"}],"wp:attachment":[{"href":"https:\/\/www.europesays.com\/lv\/wp-json\/wp\/v2\/media?parent=88513"}],"wp:term":[{"taxonomy":"category","embeddable":true,"href":"https:\/\/www.europesays.com\/lv\/wp-json\/wp\/v2\/categories?post=88513"},{"taxonomy":"post_tag","embeddable":true,"href":"https:\/\/www.europesays.com\/lv\/wp-json\/wp\/v2\/tags?post=88513"}],"curies":[{"name":"wp","href":"https:\/\/api.w.org\/{rel}","templated":true}]}}