{"id":88517,"date":"2025-12-29T10:20:04","date_gmt":"2025-12-29T10:20:04","guid":{"rendered":"https:\/\/www.europesays.com\/lv\/88517\/"},"modified":"2025-12-29T10:20:04","modified_gmt":"2025-12-29T10:20:04","slug":"masivs-krievijas-trieciens-ukrainas-galvaspilsetai-pirms-trampa-un-zelenska-tiksanas-lente-lv","status":"publish","type":"post","link":"https:\/\/www.europesays.com\/lv\/88517\/","title":{"rendered":"Mas\u012bvs Krievijas trieciens Ukrainas galvaspils\u0113tai pirms Trampa un Zelenska tik\u0161an\u0101s\u00a0\u2014\u00a0Lente.lv"},"content":{"rendered":"<p>Smags trieciens Kijivai<\/p>\n<p>Aizvad\u012bt\u0101 diennakts Ukrain\u0101 bijusi \u012bpa\u0161i smaga, jo Krievijas karasp\u0113ks veicis mas\u012bvu triecienu Ukrainas galvaspils\u0113tai Kijivai un t\u0101s apgabalam, izmantojot dronus, sp\u0101rnot\u0101s, ballistisk\u0101s un aeroballistisk\u0101s ra\u0137etes. K\u0101 zi\u0146o telekan\u0101ls TV3, \u0161is uzbrukums, ko Ukrainas prezidents Volodimirs Zelenskis raksturojis k\u0101 Vladimira Putina patieso attieksmi, bijis v\u0113rsts galvenok\u0101rt uz Kijivu. Triecienos dz\u012bv\u012bbu zaud\u0113ju\u0161i vismaz divi cilv\u0113ki, bet ievainoti vair\u0101k nek\u0101 30, tostarp b\u0113rni.<\/p>\n<p>Post\u012bjumi nodar\u012bti dz\u012bvojam\u0101m \u0113k\u0101m un ener\u0123\u0113tikas objektiem, k\u0101 rezult\u0101t\u0101 simtiem t\u016bksto\u0161u cilv\u0113ku paliku\u0161i bez elektroapg\u0101des.<\/p>\n<p>Tik\u0161an\u0101s starp Trampu un Zelenski<\/p>\n<p>\u0160is uzbrukums noticis neilgi pirms pl\u0101not\u0101s Ukrainas prezidenta Volodimira Zelenska un ASV prezidenta Donalda Trampa tik\u0161an\u0101s, kas paredz\u0113ta sv\u0113tdien Florid\u0101. Abu valstu l\u012bderi pl\u0101no apspriest Ukrainas 20 punktu miera pl\u0101nu, kas ir gatavs aptuveni 90%. Lai gan ir pan\u0101kts progress diplom\u0101tiskaj\u0101s sarun\u0101s, eksperts M\u0101ris And\u017e\u0101ns prognoz\u0113, ka tik\u0161an\u0101s, visticam\u0101k, nenes\u012bs fundament\u0101lus l\u0113mumus.<\/p>\n<p>Krievijas uzbrukumu taktika<\/p>\n<p>Krievijas sp\u0113ki p\u0113d\u0113j\u0101s ned\u0113\u013c\u0101s pastiprin\u0101ju\u0161i triecienus pa Ukrainas energoapg\u0101des infrastrukt\u016bru, \u012bpa\u0161i pirms ziemas iest\u0101\u0161an\u0101s. Tiek zi\u0146ots par pla\u0161u dronu un ra\u0137e\u0161u uzbrukumu vi\u013c\u0146iem, kas v\u0113rsti uz kritiski svar\u012bgiem ener\u0123\u0113tikas objektiem. \u0160\u0101du uzbrukumu m\u0113r\u0137is ir rad\u012bt p\u0113c iesp\u0113jas liel\u0101kas probl\u0113mas civiliedz\u012bvot\u0101jiem, atst\u0101jot tos bez elektr\u012bbas, \u016bdens un siltuma. Piem\u0113ram, nesenajos triecienos Odesas apgabal\u0101 desmitiem t\u016bksto\u0161u cilv\u0113ku tika atst\u0101ti bez elektr\u012bbas.<\/p>\n<p>Situ\u0101cija ener\u0123\u0113tikas sektor\u0101<\/p>\n<p>Ukrainas Ener\u0123\u0113tikas ministrija nor\u0101da, ka Krievijas uzbrukumi nodar\u012bju\u0161i b\u016btisku kait\u0113jumu valsts energosist\u0113mai. Tiek pl\u0101nots palielin\u0101t dabasg\u0101zes importu, k\u0101 ar\u012b novirz\u012bt l\u012bdzek\u013cus energoinfrastrukt\u016bras stiprin\u0101\u0161anai, \u012bpa\u0161i piefrontes re\u0123ionos. Krievijas armija cen\u0161as novest valsts energosist\u0113mu nelietojam\u0101 st\u0101vokl\u012b.<\/p>\n<p>Diplom\u0101tiskie centieni<\/p>\n<p>Neskatoties uz pastiprin\u0101tajiem uzbrukumiem, diplom\u0101tiskie centieni kara izbeig\u0161anai turpin\u0101s. ASV ir ierosin\u0101ju\u0161as tr\u012bspus\u0113jas miera sarunas ar Ukrainas un Krievijas l\u012bdzdal\u012bbu. Ukrainas prezidents Zelenskis ir nor\u0101d\u012bjis, ka miera pl\u0101ns ir gatavs 90%, ta\u010du joproj\u0101m past\u0101v domstarp\u012bbas par okup\u0113taj\u0101m teritorij\u0101m un Zapori\u017ejas atomelektrostaciju. Krievija pagaid\u0101m nav sniegusi ofici\u0101lu atbildi par Ukrainas un ASV izstr\u0101d\u0101to pl\u0101nu.<\/p>\n","protected":false},"excerpt":{"rendered":"Smags trieciens Kijivai Aizvad\u012bt\u0101 diennakts Ukrain\u0101 bijusi \u012bpa\u0161i smaga, jo Krievijas karasp\u0113ks veicis mas\u012bvu triecienu Ukrainas galvaspils\u0113tai Kijivai&hellip;\n","protected":false},"author":2,"featured_media":88518,"comment_status":"","ping_status":"","sticky":false,"template":"","format":"standard","meta":{"footnotes":""},"categories":[14],"tags":[23,57,28,29,22502,32,33,22,210,4087,30,31,35,39,38,36,37,34,40,20,26,27,24,25,6079,276,54,55,56,1075,21,58],"class_list":{"0":"post-88517","1":"post","2":"type-post","3":"status-publish","4":"format-standard","5":"has-post-thumbnail","7":"category-zinas-no-arvalstim","8":"tag-aktualitates","9":"tag-arvalstim","10":"tag-breaking-news","11":"tag-breakingnews","12":"tag-energoinfrastruktura","13":"tag-featured-news","14":"tag-featurednews","15":"tag-headlines","16":"tag-kijiva","17":"tag-krievijas-uzbrukums","18":"tag-latest-news","19":"tag-latestnews","20":"tag-latvia","21":"tag-latvian","22":"tag-latviesu","23":"tag-latviesu-valoda","24":"tag-latviesuvaloda","25":"tag-latvija","26":"tag-lv","27":"tag-news","28":"tag-popularakas-zinas","29":"tag-popularakaszinas","30":"tag-top-stories","31":"tag-topstories","32":"tag-tramps","33":"tag-ukraina","34":"tag-world","35":"tag-world-news","36":"tag-worldnews","37":"tag-zelenskis","38":"tag-zinas","39":"tag-zinas-no-arvalstim"},"share_on_mastodon":{"url":"","error":"Validation failed: Text character limit of 500 exceeded"},"_links":{"self":[{"href":"https:\/\/www.europesays.com\/lv\/wp-json\/wp\/v2\/posts\/88517","targetHints":{"allow":["GET"]}}],"collection":[{"href":"https:\/\/www.europesays.com\/lv\/wp-json\/wp\/v2\/posts"}],"about":[{"href":"https:\/\/www.europesays.com\/lv\/wp-json\/wp\/v2\/types\/post"}],"author":[{"embeddable":true,"href":"https:\/\/www.europesays.com\/lv\/wp-json\/wp\/v2\/users\/2"}],"replies":[{"embeddable":true,"href":"https:\/\/www.europesays.com\/lv\/wp-json\/wp\/v2\/comments?post=88517"}],"version-history":[{"count":0,"href":"https:\/\/www.europesays.com\/lv\/wp-json\/wp\/v2\/posts\/88517\/revisions"}],"wp:featuredmedia":[{"embeddable":true,"href":"https:\/\/www.europesays.com\/lv\/wp-json\/wp\/v2\/media\/88518"}],"wp:attachment":[{"href":"https:\/\/www.europesays.com\/lv\/wp-json\/wp\/v2\/media?parent=88517"}],"wp:term":[{"taxonomy":"category","embeddable":true,"href":"https:\/\/www.europesays.com\/lv\/wp-json\/wp\/v2\/categories?post=88517"},{"taxonomy":"post_tag","embeddable":true,"href":"https:\/\/www.europesays.com\/lv\/wp-json\/wp\/v2\/tags?post=88517"}],"curies":[{"name":"wp","href":"https:\/\/api.w.org\/{rel}","templated":true}]}}