{"id":88527,"date":"2025-12-29T10:26:06","date_gmt":"2025-12-29T10:26:06","guid":{"rendered":"https:\/\/www.europesays.com\/lv\/88527\/"},"modified":"2025-12-29T10:26:06","modified_gmt":"2025-12-29T10:26:06","slug":"prognoze-ka-ukrainas-vestnieks-zaluznijs-pametis-darbu","status":"publish","type":"post","link":"https:\/\/www.europesays.com\/lv\/88527\/","title":{"rendered":"Prognoz\u0113, ka Ukrainas v\u0113stnieks Zalu\u017enijs pamet\u012bs darbu"},"content":{"rendered":"<p class=\"descr\">Ukrainas v\u0113stnieks Lielbrit\u0101nij\u0101 Val\u0113rijs Zalu\u017enijs, kas iepriek\u0161 bija Ukrainas armijas komandieris, janv\u0101ra s\u0101kum\u0101 var\u0113tu pazi\u0146ot par atk\u0101p\u0161anos no amata, v\u0113sta Ukrainas radiostacija &#8220;Radio NV&#8221;, atsaucoties uz \u010detriem avotiem politiskaj\u0101s un diplom\u0101tiskaj\u0101s aprind\u0101s.<\/p>\n<p>K\u0101 atkl\u0101ju\u0161i anon\u012bmie avoti, kas pietuvin\u0101ti Ukrainas prezidenta kancelejai, <a href=\"https:\/\/nra.lv\/birka\/valerijs-zaluznijs\/\" target=\"_blank\" rel=\"noopener nofollow\">Zalu\u017enijs<\/a> jau pirms vair\u0101k\u0101m ned\u0113\u013c\u0101m Kijivas apmekl\u0113juma laik\u0101 prezidentam Volodimiram Zelenskim izteicis v\u0113lmi atst\u0101t amatu.<\/p>\n<p>Zalu\u017enijs ar <a href=\"https:\/\/nra.lv\/birka\/volodimirs-zelenskis\/\" target=\"_blank\" rel=\"noopener nofollow\">Zelenski<\/a> apspriedis da\u017e\u0101dus iesp\u0113jamos amatus biju\u0161ajam armijas komandierim &#8211; no premjerministra l\u012bdz prezidenta kancelejas vad\u012bt\u0101jam -, ta\u010du Zalu\u017enijs &#8220;tobr\u012bd interesi neizr\u0101d\u012bja&#8221;, kl\u0101st\u012bju\u0161i avoti.<\/p>\n<p>&#8220;Visticam\u0101k, ka Zalu\u017enijs v\u0113las atgriezties <a href=\"https:\/\/nra.lv\/birka\/kijiva\/\" target=\"_blank\" rel=\"noopener nofollow\">Kijiv\u0101<\/a>, vi\u0146\u0161 par to var pazi\u0146ot jau n\u0101kam\u0101 gada 4.-5. janv\u0101r\u012b, ja nekas neietekm\u0113s vi\u0146a l\u0113mumu,&#8221; piebilda viens no &#8220;Radio NV&#8221; avotiem.<\/p>\n<p>Zalu\u017enijs no <a href=\"https:\/\/nra.lv\/birka\/ukrainas-armija\/\" target=\"_blank\" rel=\"noopener nofollow\">Ukrainas armijas<\/a> komandiera amata tika atbr\u012bvots 2024. gada febru\u0101r\u012b. T\u0101 pa\u0161a gada maij\u0101 Zelenskis iec\u0113la vi\u0146u par v\u0113stnieku Lielbrit\u0101nij\u0101.<\/p>\n<p>Biju\u0161ais armijas komandieris vair\u0101kk\u0101rt ir min\u0113ts k\u0101 galvenais Zelenska konkurents, ja Ukrain\u0101 notiktu <a href=\"https:\/\/nra.lv\/birka\/prezidenta-velesanas\/\" target=\"_blank\" rel=\"noopener nofollow\">prezidenta v\u0113l\u0113\u0161anas<\/a>. Ukrainas prezidents 2025. gada decembr\u012b pazi\u0146oja, ka ir gatavs r\u012bkot v\u0113l\u0113\u0161anas ar nosac\u012bjumu, ka valsts pilso\u0146iem tiks sniegtas dro\u0161\u012bbas garantijas.<\/p>\n<p>Saska\u0146\u0101 ar p\u0113t\u012bjumu komp\u0101nijas &#8220;Info Sapiens&#8221; 9. decembr\u012b public\u0113tajiem aptaujas rezult\u0101tiem 20,3% ukrai\u0146u ir gatavi balsot par Zelenski, bet Zalu\u017eniju ir gatavi atbalst\u012bt 19,1%, milit\u0101r\u0101s izl\u016bko\u0161anas vad\u012bt\u0101ju <a href=\"https:\/\/nra.lv\/birka\/kirilo-budanovs\/\" target=\"_blank\" rel=\"noopener nofollow\">Kirilo Budanovu<\/a> &#8211; 5,1%, bet biju\u0161o prezidentu Petro Poro\u0161enko &#8211; 4,6% respondentu.<\/p>\n<p>\t\t\t\t\t\tinfo<\/p>\n<p>Uzzini pirmais<br \/>kas interesants noticis Latvij\u0101 un pasaul\u0113,<br \/>pievienojoties mums <a href=\"https:\/\/t.me\/neatkariga\" rel=\"nofollow\">Telegram<\/a> vai <a href=\"https:\/\/whatsapp.com\/channel\/0029VaMLFUH5K3zLU5s4wm3y\" rel=\"nofollow noopener\" target=\"_blank\">Whatsapp<\/a> kan\u0101l\u0101<\/p>\n","protected":false},"excerpt":{"rendered":"Ukrainas v\u0113stnieks Lielbrit\u0101nij\u0101 Val\u0113rijs Zalu\u017enijs, kas iepriek\u0161 bija Ukrainas armijas komandieris, janv\u0101ra s\u0101kum\u0101 var\u0113tu pazi\u0146ot par atk\u0101p\u0161anos no&hellip;\n","protected":false},"author":2,"featured_media":88528,"comment_status":"","ping_status":"","sticky":false,"template":"","format":"standard","meta":{"footnotes":""},"categories":[14],"tags":[23,57,28,29,32,33,22,30,31,35,39,38,36,37,34,40,20,26,27,24,25,54,55,56,21,58],"class_list":{"0":"post-88527","1":"post","2":"type-post","3":"status-publish","4":"format-standard","5":"has-post-thumbnail","7":"category-zinas-no-arvalstim","8":"tag-aktualitates","9":"tag-arvalstim","10":"tag-breaking-news","11":"tag-breakingnews","12":"tag-featured-news","13":"tag-featurednews","14":"tag-headlines","15":"tag-latest-news","16":"tag-latestnews","17":"tag-latvia","18":"tag-latvian","19":"tag-latviesu","20":"tag-latviesu-valoda","21":"tag-latviesuvaloda","22":"tag-latvija","23":"tag-lv","24":"tag-news","25":"tag-popularakas-zinas","26":"tag-popularakaszinas","27":"tag-top-stories","28":"tag-topstories","29":"tag-world","30":"tag-world-news","31":"tag-worldnews","32":"tag-zinas","33":"tag-zinas-no-arvalstim"},"share_on_mastodon":{"url":"https:\/\/pubeurope.com\/@lv\/115802379795898043","error":""},"_links":{"self":[{"href":"https:\/\/www.europesays.com\/lv\/wp-json\/wp\/v2\/posts\/88527","targetHints":{"allow":["GET"]}}],"collection":[{"href":"https:\/\/www.europesays.com\/lv\/wp-json\/wp\/v2\/posts"}],"about":[{"href":"https:\/\/www.europesays.com\/lv\/wp-json\/wp\/v2\/types\/post"}],"author":[{"embeddable":true,"href":"https:\/\/www.europesays.com\/lv\/wp-json\/wp\/v2\/users\/2"}],"replies":[{"embeddable":true,"href":"https:\/\/www.europesays.com\/lv\/wp-json\/wp\/v2\/comments?post=88527"}],"version-history":[{"count":0,"href":"https:\/\/www.europesays.com\/lv\/wp-json\/wp\/v2\/posts\/88527\/revisions"}],"wp:featuredmedia":[{"embeddable":true,"href":"https:\/\/www.europesays.com\/lv\/wp-json\/wp\/v2\/media\/88528"}],"wp:attachment":[{"href":"https:\/\/www.europesays.com\/lv\/wp-json\/wp\/v2\/media?parent=88527"}],"wp:term":[{"taxonomy":"category","embeddable":true,"href":"https:\/\/www.europesays.com\/lv\/wp-json\/wp\/v2\/categories?post=88527"},{"taxonomy":"post_tag","embeddable":true,"href":"https:\/\/www.europesays.com\/lv\/wp-json\/wp\/v2\/tags?post=88527"}],"curies":[{"name":"wp","href":"https:\/\/api.w.org\/{rel}","templated":true}]}}