{"id":88529,"date":"2025-12-29T10:27:21","date_gmt":"2025-12-29T10:27:21","guid":{"rendered":"https:\/\/www.europesays.com\/lv\/88529\/"},"modified":"2025-12-29T10:27:21","modified_gmt":"2025-12-29T10:27:21","slug":"ko-drukaja-ventspili-19-un-20-gadsimta-mija-tekstu-tapsanas-vesture-izstade-ventspils-muzeja-raksts","status":"publish","type":"post","link":"https:\/\/www.europesays.com\/lv\/88529\/","title":{"rendered":"Ko druk\u0101ja Ventspil\u012b 19.\u00a0un 20.\u00a0gadsimta mij\u0101? Tekstu tap\u0161anas v\u0113sture izst\u0101d\u0113 Ventspils muzej\u0101 \/ Raksts"},"content":{"rendered":"<p>Ventspils muzej\u0101\u00a0Livonijas orde\u0146a pil\u012b skat\u0101ma jaun\u0101 muzeja kr\u0101juma izst\u0101de &#8220;Druk\u0101ts Ventspil\u012b. 19.\u00a0gadsimta beigas \u2013 20.\u00a0gadsimta I puse&#8221;. Pla\u0161s priek\u0161metu un fotogr\u0101fiju kl\u0101sts \u013caus iepaz\u012bt to, ko \u0161aj\u0101 laik\u0101 druk\u0101ja Ventspil\u012b. Pils\u0113t\u0101 izdeva ne vien av\u012bzes, bet ar\u012b nelielas dai\u013cliterat\u016bras gr\u0101matas, pastkartes un da\u017e\u0101dus informat\u012bvus materi\u0101lus jeb s\u012bkdrukas sv\u0113tku reiz\u0113m, valsts un pils\u0113tas p\u0101rvaldes vajadz\u012bb\u0101m.\u00a0<\/p>\n<p>Lielas un tematiskas kr\u0101juma izst\u0101des muzejs r\u012bko katru gadu. \u0160oreiz t\u0101 ir velt\u012bta k\u0101da \u012bpa\u0161am notikumam \u2013 500 gadiem, kop\u0161 izn\u0101kusi pirm\u0101 gr\u0101mata latvie\u0161u valod\u0101. Ventspil\u012b gr\u0101matas latvie\u0161u valod\u0101 s\u0101ka izdot 19.\u00a0gadsimta beig\u0101s, atkl\u0101j Ventspils muzeja v\u0113stures noda\u013cas vad\u012bt\u0101ja Stella Lindenberga. Lai izst\u0101de b\u016btu bag\u0101t\u012bga, paveikts ar\u012b apjom\u012bgs p\u0113tniec\u012bbas darbs.<\/p>\n<p>&#8220;M\u0113s apzin\u0101j\u0101m, k\u0101das tad t\u0101s druk\u0101tavas, k\u0101 tolaik saka, ir biju\u0161as, k\u0101dos periodos t\u0101s ir darboju\u0161\u0101s. Esam noskaidroju\u0161i to atra\u0161an\u0101s vietas, cik nu bija iesp\u0113jams, preciz\u0113ju\u0161i\u00a0\u012bpa\u0161nieku biogr\u0101fiskos datus. Esam saskait\u012bju\u0161i, cik un k\u0101das gr\u0101mati\u0146as Ventspil\u012b ir izdotas, k\u0101di bija preses izdevumi,&#8221; paveikto raksturo Stella Lindenberga.\u00a0<\/p>\n<p><img decoding=\"async\" src=\"https:\/\/www.europesays.com\/lv\/wp-content\/uploads\/2025\/12\/sd9m.jpg\" alt=\"Izst\u0101de &quot;Druk\u0101ts Ventspil\u012b. 19. gadsimta beigas \u2013 20.gadsimta I puse&quot;\"\/>Izst\u0101de &#8220;Druk\u0101ts Ventspil\u012b. 19. gadsimta beigas \u2013 20.gadsimta I puse&#8221;<\/p>\n<p>Foto: Foto no izst\u0101des \/ Inga Ozola<\/p>\n<p><img decoding=\"async\" src=\"https:\/\/www.europesays.com\/lv\/wp-content\/uploads\/2025\/12\/sd9j.jpg\" alt=\"Izst\u0101de &quot;Druk\u0101ts Ventspil\u012b. 19. gadsimta beigas \u2013 20.gadsimta I puse&quot;\"\/>Izst\u0101de &#8220;Druk\u0101ts Ventspil\u012b. 19. gadsimta beigas \u2013 20.gadsimta I puse&#8221;<\/p>\n<p>Foto: Foto no izst\u0101des \/ Inga Ozola<\/p>\n<p><img decoding=\"async\" src=\"https:\/\/www.europesays.com\/lv\/wp-content\/uploads\/2025\/12\/sd9i.jpg\" alt=\"Izst\u0101de &quot;Druk\u0101ts Ventspil\u012b. 19. gadsimta beigas \u2013 20.gadsimta I puse&quot;\"\/>Izst\u0101de &#8220;Druk\u0101ts Ventspil\u012b. 19. gadsimta beigas \u2013 20.gadsimta I puse&#8221;<\/p>\n<p>Foto: Foto no izst\u0101des \/ Inga Ozola<\/p>\n<p><img decoding=\"async\" src=\"https:\/\/www.europesays.com\/lv\/wp-content\/uploads\/2025\/12\/sd9h.jpg\" alt=\"Izst\u0101de &quot;Druk\u0101ts Ventspil\u012b. 19. gadsimta beigas \u2013 20.gadsimta I puse&quot;\"\/>Izst\u0101de &#8220;Druk\u0101ts Ventspil\u012b. 19. gadsimta beigas \u2013 20.gadsimta I puse&#8221;<\/p>\n<p>Foto: Foto no izst\u0101des \/ Inga Ozola<\/p>\n<p><img decoding=\"async\" src=\"https:\/\/www.europesays.com\/lv\/wp-content\/uploads\/2025\/12\/sd9g.jpg\" alt=\"Izst\u0101de &quot;Druk\u0101ts Ventspil\u012b. 19. gadsimta beigas \u2013 20.gadsimta I puse&quot;\"\/>Izst\u0101de &#8220;Druk\u0101ts Ventspil\u012b. 19. gadsimta beigas \u2013 20.gadsimta I puse&#8221;<\/p>\n<p>Foto: Foto no izst\u0101des \/ Inga Ozola<\/p>\n<p><img decoding=\"async\" src=\"https:\/\/www.europesays.com\/lv\/wp-content\/uploads\/2025\/12\/sd9f.jpg\" alt=\"Izst\u0101de &quot;Druk\u0101ts Ventspil\u012b. 19. gadsimta beigas \u2013 20.gadsimta I puse&quot;\"\/>Izst\u0101de &#8220;Druk\u0101ts Ventspil\u012b. 19. gadsimta beigas \u2013 20.gadsimta I puse&#8221;<\/p>\n<p>Foto: Foto no izst\u0101des \/ Inga Ozola<\/p>\n<p><img decoding=\"async\" src=\"https:\/\/www.europesays.com\/lv\/wp-content\/uploads\/2025\/12\/sd9e.jpg\" alt=\"Izst\u0101de &quot;Druk\u0101ts Ventspil\u012b. 19. gadsimta beigas \u2013 20.gadsimta I puse&quot;\"\/>Izst\u0101de &#8220;Druk\u0101ts Ventspil\u012b. 19. gadsimta beigas \u2013 20.gadsimta I puse&#8221;<\/p>\n<p>Foto: Foto no izst\u0101des \/ Inga Ozola<\/p>\n<p><img decoding=\"async\" src=\"https:\/\/www.europesays.com\/lv\/wp-content\/uploads\/2025\/12\/sd9c.jpg\" alt=\"Izst\u0101de &quot;Druk\u0101ts Ventspil\u012b. 19. gadsimta beigas \u2013 20.gadsimta I puse&quot;\"\/>Izst\u0101de &#8220;Druk\u0101ts Ventspil\u012b. 19. gadsimta beigas \u2013 20.gadsimta I puse&#8221;<\/p>\n<p>Foto: Foto no izst\u0101des \/ Inga Ozola<\/p>\n<p><img decoding=\"async\" src=\"https:\/\/www.europesays.com\/lv\/wp-content\/uploads\/2025\/12\/sd9b.jpg\" alt=\"Izst\u0101de &quot;Druk\u0101ts Ventspil\u012b. 19. gadsimta beigas \u2013 20.gadsimta I puse&quot;\"\/>Izst\u0101de &#8220;Druk\u0101ts Ventspil\u012b. 19. gadsimta beigas \u2013 20.gadsimta I puse&#8221;<\/p>\n<p>Foto: Foto no izst\u0101des \/ Inga Ozola<\/p>\n<\/p>\n<p>Muzeja darbinieki sar\u016bp\u0113ju\u0161i pla\u0161u un izzino\u0161u materi\u0101lu \u2013 t\u0101s ir v\u0113sturiskas zi\u0146as par izdev\u0113jiem un vi\u0146u \u0123imen\u0113m, ko papildina fotogr\u0101fiju un pa\u0161u gr\u0101matu kl\u0101sts. Izst\u0101d\u0113 var redz\u0113t vietas pils\u0113t\u0101, kur druk\u0101tais v\u0101rds ir tapis, nor\u0101da v\u0113stures noda\u013cas vad\u012bt\u0101ja. K\u0101 pirmais izdev\u0113ju sarakst\u0101 par\u0101d\u0101s Teodors Gotfr\u012bds Antmans un vi\u0146a \u0123imene.\u00a0<\/p>\n<p>&#8220;[Vi\u0146\u0161] \u0161o biznesu s\u0101ka jau 19.\u00a0gadsimta beig\u0101s. Kad tr\u012bsdesmitajos gados tas bizness izj\u016bk, \u0161o ni\u0161u galvenok\u0101rt ie\u0146em F\u0113likss Alberts N\u0101ti\u0146\u0161 \u2013\u00a0av\u012bzes izdev\u0113js un tipogr\u0101fijas \u012bpa\u0161nieks. Abiem ir t\u0101das interesantas biogr\u0101fijas, pils\u0113t\u0101 zin\u0101mi ar\u012b k\u0101 \u013coti akt\u012bvi sabiedriskie darbinieki, bet tas s\u0101kums ir 19.\u00a0gadsimta otr\u0101 puse. \u0160o druk\u0101\u0161anas biznesu aiz\u0146em v\u0101cie\u0161i un ebreji.\u00a0<\/p>\n<blockquote>\n<p>Kad 19.\u00a0gadsimta beig\u0101s l\u012bdz ar vis\u0101m pla\u0161aj\u0101m sabiedriskaj\u0101m p\u0101rv\u0113rt\u012bb\u0101m pils\u0113t\u0101 liel\u0101 skait\u0101 ir ien\u0101ku\u0161i latvie\u0161i no apk\u0101rt\u0113jiem ciemiem, tad vajag to druk\u0101to v\u0101rdu latvie\u0161u valod\u0101, s\u0101k izn\u0101kt laikraksti un pirm\u0101s gr\u0101mati\u0146as latvie\u0161u valod\u0101.<\/p>\n<\/blockquote>\n<p>Princip\u0101 latvie\u0161i izkonkur\u0113 tos iepriek\u0161\u0113jos mazo tipogr\u0101fiju \u012bpa\u0161niekus,&#8221; v\u0113sturisku atskatu sniedz muzeja darbiniece.<\/p>\n<p>Lai izst\u0101de b\u016btu visaptvero\u0161a, Ventspils muzeja kr\u0101jumu papildina ar\u012b Ventspil\u012b izdot\u0101s gr\u0101matas, kas depon\u0113tas no Latvijas Nacion\u0101l\u0101s bibliot\u0113kas. L\u012bdz\u0101s gr\u0101mat\u0101m redzami ar\u012b s\u012bkdarbi. To Ventspils muzeja kr\u0101jum\u0101 esot daudz, t\u0101p\u0113c izst\u0101d\u0113 ekspon\u0113ta neliela da\u013ca, kas par\u0101da ar\u012b t\u0101 laika sadz\u012bvi \u2013\u00a0piem\u0113ram, iel\u016bgums uz Kurzemes preses balli 1936.\u00a0gad\u0101.<\/p>\n<p>&#8220;No t\u0101 m\u0113s varam redz\u0113t, cik \u013coti ros\u012bga un daudzveid\u012bga\u00a0tom\u0113r bija t\u0101 sabiedrisk\u0101 dz\u012bve,&#8221; uzsver Stella Lindenberga.<\/p>\n<p><img decoding=\"async\" src=\"https:\/\/www.europesays.com\/lv\/wp-content\/uploads\/2025\/12\/sd9l.jpg\" alt=\"Izst\u0101de &quot;Druk\u0101ts Ventspil\u012b. 19. gadsimta beigas \u2013 20.gadsimta I puse&quot;\"\/>Izst\u0101de &#8220;Druk\u0101ts Ventspil\u012b. 19. gadsimta beigas \u2013 20.gadsimta I puse&#8221;<\/p>\n<p>Foto: Foto no izst\u0101des \/ Inga Ozola<\/p>\n<p><img decoding=\"async\" src=\"https:\/\/www.europesays.com\/lv\/wp-content\/uploads\/2025\/12\/sd9k.jpg\" alt=\"Izst\u0101de &quot;Druk\u0101ts Ventspil\u012b. 19. gadsimta beigas \u2013 20.gadsimta I puse&quot;\"\/>Izst\u0101de &#8220;Druk\u0101ts Ventspil\u012b. 19. gadsimta beigas \u2013 20.gadsimta I puse&#8221;<\/p>\n<p>Foto: Foto no izst\u0101des \/ Inga Ozola<\/p>\n<\/p>\n<p>S\u012bkdrukas darbos apmekl\u0113t\u0101ji var paman\u012bt da\u017e\u0101dus uzrakstus:\u00a0laucinieku un pils\u0113tnieku tuvin\u0101\u0161an\u0101s vakars, savies\u012bgs vakars ar deju, rota\u013c\u0101m, amora pastu, kop\u0113ju tautasdziesmu dzied\u0101\u0161anu un taml\u012bdz\u012bgi, beigas pulksten trijos nakt\u012b.<\/p>\n<blockquote>\n<p>&#8220;Ir druk\u0101ti biedr\u012bbas stat\u016bti, kult\u016bras pas\u0101kumu programmas, iel\u016bgumi, da\u017e\u0101du partiju programmas un taml\u012bdz\u012bgi. \u012asten\u012bb\u0101 jau s\u012bkdruka bija t\u0101 maize tipogr\u0101fijas tur\u0113t\u0101jam \u2013\u00a0s\u012bkdruka un v\u0113l\u0101k laikraksti,&#8221;<\/p>\n<\/blockquote>\n<p>papildina Lindenberga.\u00a0<\/p>\n<p>&#8220;Ventas Apskats&#8221;, &#8220;Jaun\u0101 Dz\u012bve, &#8220;Ventas Straumes&#8221;, &#8220;Sarkan\u0101 Venta&#8221;, &#8220;Ventas Balss&#8221; un pat &#8220;Bit\u012bte&#8221; \u2013 b\u0113rnu un jaun\u012bbas laikraksts, tik da\u017e\u0101das biju\u0161as av\u012bzes pils\u0113t\u0101. L\u012bdz\u0101s fotogr\u0101fij\u0101m un informat\u012bvajam materi\u0101lam\u00a0izst\u0101de papildin\u0101ta ar t\u0101 laika noska\u0146u. Izst\u0101des veidot\u0101ji par\u0101da, k\u0101di veikali biju\u0161i pils\u0113t\u0101, kur var\u0113ja nopirkt izdevniec\u012bbu produkciju, k\u0101 latvie\u0161i veidoja savas m\u0101jas bibliot\u0113kas un v\u0113l citas interesantas lietas.<\/p>\n<p><img decoding=\"async\" src=\"https:\/\/www.europesays.com\/lv\/wp-content\/uploads\/2025\/12\/sd95.jpg\" alt=\"Izst\u0101de &quot;Druk\u0101ts Ventspil\u012b. 19. gadsimta beigas \u2013 20.gadsimta I puse&quot;\"\/>Izst\u0101de &#8220;Druk\u0101ts Ventspil\u012b. 19. gadsimta beigas \u2013 20.gadsimta I puse&#8221;<\/p>\n<p>Foto: Foto no izst\u0101des \/ Inga Ozola<\/p>\n<p><img decoding=\"async\" src=\"https:\/\/www.europesays.com\/lv\/wp-content\/uploads\/2025\/12\/sd96.jpg\" alt=\"Izst\u0101de &quot;Druk\u0101ts Ventspil\u012b. 19. gadsimta beigas \u2013 20.gadsimta I puse&quot;\"\/>Izst\u0101de &#8220;Druk\u0101ts Ventspil\u012b. 19. gadsimta beigas \u2013 20.gadsimta I puse&#8221;<\/p>\n<p>Foto: Foto no izst\u0101des \/ Inga Ozola<\/p>\n<p><img decoding=\"async\" src=\"https:\/\/www.europesays.com\/lv\/wp-content\/uploads\/2025\/12\/sd97.jpg\" alt=\"Izst\u0101de &quot;Druk\u0101ts Ventspil\u012b. 19. gadsimta beigas \u2013 20.gadsimta I puse&quot;\"\/>Izst\u0101de &#8220;Druk\u0101ts Ventspil\u012b. 19. gadsimta beigas \u2013 20.gadsimta I puse&#8221;<\/p>\n<p>Foto: Foto no izst\u0101des \/ Inga Ozola<\/p>\n<p><img decoding=\"async\" src=\"https:\/\/www.europesays.com\/lv\/wp-content\/uploads\/2025\/12\/sd99.jpg\" alt=\"Izst\u0101de &quot;Druk\u0101ts Ventspil\u012b. 19. gadsimta beigas \u2013 20.gadsimta I puse&quot;\"\/>Izst\u0101de &#8220;Druk\u0101ts Ventspil\u012b. 19. gadsimta beigas \u2013 20.gadsimta I puse&#8221;<\/p>\n<p>Foto: Foto no izst\u0101des \/ Inga Ozola<\/p>\n<p><img decoding=\"async\" src=\"https:\/\/www.europesays.com\/lv\/wp-content\/uploads\/2025\/12\/sd9n.jpg\" alt=\"Izst\u0101de &quot;Druk\u0101ts Ventspil\u012b. 19. gadsimta beigas \u2013 20.gadsimta I puse&quot;\"\/>Izst\u0101de &#8220;Druk\u0101ts Ventspil\u012b. 19. gadsimta beigas \u2013 20.gadsimta I puse&#8221;<\/p>\n<p>Foto: Foto no izst\u0101des \/ Inga Ozola<\/p>\n<\/p>\n<p>&#8220;Te ir Ventspils skolot\u0101ju kooperat\u012bva &#8220;Gaisma&#8221; veikals. Tas darbojas uz kooperat\u012bva uz\u0146\u0113m\u0113jdarb\u012bbas pamatiem un darbojas \u013coti veiksm\u012bgi. \u012asi pirms kara kooperat\u012bvs &#8220;Gaisma&#8221; pat izsludina stipendijas Ventspils jaunie\u0161iem, kuri v\u0113las stud\u0113t augstskol\u0101. T\u0101ds nu izskat\u012bj\u0101s tas veikals. M\u0113s te esam m\u0113\u0123in\u0101ju\u0161i atdarin\u0101t skaist\u0101s meitenes, kas taj\u0101 veikal\u0101 ir str\u0101d\u0101ju\u0161as. Bez gr\u0101mat\u0101m, protams, p\u0101rdod ar\u012b rakst\u0101mlietas, z\u012bm\u0113\u0161anas piederumus un m\u0101kslas priek\u0161metus,&#8221; ar kr\u0101juma daudzveid\u012bbu iepaz\u012bstina Ventspils muzeja V\u0113stures noda\u013cas vad\u012bt\u0101ja.<\/p>\n<p>Ventspils muzeja Livonijas orde\u0146a pil\u012b jaun\u0101 muzeja kr\u0101juma izst\u0101de &#8220;Druk\u0101ts Ventspil\u012b. 19.\u00a0gadsimta beigas \u2013 20.\u00a0gadsimta I puse&#8221; b\u016bs apskat\u0101ma l\u012bdz 2026.\u00a0gada 18.\u00a0novembrim. Muzej\u0101 notiks muzejpedago\u0123isk\u0101s nodarb\u012bbas un paredz\u0113ts st\u016br\u012btis ar\u012b pa\u0161iem maz\u0101kajiem apmekl\u0113t\u0101jiem.<\/p>\n<p>                    Valodas k\u013c\u016bda rakst\u0101?<\/p>\n<p class=\"d-none d-md-block\">Iez\u012bm\u0113jiet tekstu un spiediet Ctrl+Enter, lai nos\u016bt\u012btu labojamo teksta fragmentu redaktoram! Par faktu k\u013c\u016bd\u0101m l\u016bdzam zi\u0146ot e-past\u0101 <a href=\"https:\/\/www.lsm.lv\/cdn-cgi\/l\/email-protection\" class=\"__cf_email__\" data-cfemail=\"b1c3d4d5d0dad2d8dbd0f1ddc2dc9fddc7\" rel=\"nofollow noopener\" target=\"_blank\">[email\u00a0protected]<\/a>.<\/p>\n<p class=\"d-md-none\">Iez\u012bm\u0113jiet tekstu un spiediet uz Zi\u0146ot par k\u013c\u016bdu pogas, lai nos\u016bt\u012btu labojamo teksta fragmentu redaktoram!<\/p>\n<p>\n                    Zi\u0146ot par k\u013c\u016bdu\n                <\/p>\n","protected":false},"excerpt":{"rendered":"Ventspils muzej\u0101\u00a0Livonijas orde\u0146a pil\u012b skat\u0101ma jaun\u0101 muzeja kr\u0101juma izst\u0101de &#8220;Druk\u0101ts Ventspil\u012b. 19.\u00a0gadsimta beigas \u2013 20.\u00a0gadsimta I puse&#8221;. Pla\u0161s&hellip;\n","protected":false},"author":2,"featured_media":88530,"comment_status":"","ping_status":"","sticky":false,"template":"","format":"standard","meta":{"footnotes":""},"categories":[12],"tags":[23,28,29,32,33,22,30,31,35,39,38,36,37,34,40,20,26,27,24,25,21],"class_list":{"0":"post-88529","1":"post","2":"type-post","3":"status-publish","4":"format-standard","5":"has-post-thumbnail","7":"category-latvija","8":"tag-aktualitates","9":"tag-breaking-news","10":"tag-breakingnews","11":"tag-featured-news","12":"tag-featurednews","13":"tag-headlines","14":"tag-latest-news","15":"tag-latestnews","16":"tag-latvia","17":"tag-latvian","18":"tag-latviesu","19":"tag-latviesu-valoda","20":"tag-latviesuvaloda","21":"tag-latvija","22":"tag-lv","23":"tag-news","24":"tag-popularakas-zinas","25":"tag-popularakaszinas","26":"tag-top-stories","27":"tag-topstories","28":"tag-zinas"},"share_on_mastodon":{"url":"https:\/\/pubeurope.com\/@lv\/115802383598065496","error":""},"_links":{"self":[{"href":"https:\/\/www.europesays.com\/lv\/wp-json\/wp\/v2\/posts\/88529","targetHints":{"allow":["GET"]}}],"collection":[{"href":"https:\/\/www.europesays.com\/lv\/wp-json\/wp\/v2\/posts"}],"about":[{"href":"https:\/\/www.europesays.com\/lv\/wp-json\/wp\/v2\/types\/post"}],"author":[{"embeddable":true,"href":"https:\/\/www.europesays.com\/lv\/wp-json\/wp\/v2\/users\/2"}],"replies":[{"embeddable":true,"href":"https:\/\/www.europesays.com\/lv\/wp-json\/wp\/v2\/comments?post=88529"}],"version-history":[{"count":0,"href":"https:\/\/www.europesays.com\/lv\/wp-json\/wp\/v2\/posts\/88529\/revisions"}],"wp:featuredmedia":[{"embeddable":true,"href":"https:\/\/www.europesays.com\/lv\/wp-json\/wp\/v2\/media\/88530"}],"wp:attachment":[{"href":"https:\/\/www.europesays.com\/lv\/wp-json\/wp\/v2\/media?parent=88529"}],"wp:term":[{"taxonomy":"category","embeddable":true,"href":"https:\/\/www.europesays.com\/lv\/wp-json\/wp\/v2\/categories?post=88529"},{"taxonomy":"post_tag","embeddable":true,"href":"https:\/\/www.europesays.com\/lv\/wp-json\/wp\/v2\/tags?post=88529"}],"curies":[{"name":"wp","href":"https:\/\/api.w.org\/{rel}","templated":true}]}}