{"id":88537,"date":"2025-12-29T10:32:14","date_gmt":"2025-12-29T10:32:14","guid":{"rendered":"https:\/\/www.europesays.com\/lv\/88537\/"},"modified":"2025-12-29T10:32:14","modified_gmt":"2025-12-29T10:32:14","slug":"policija-atrod-cetrus-mirusos-no-vienas-gimenes","status":"publish","type":"post","link":"https:\/\/www.europesays.com\/lv\/88537\/","title":{"rendered":"Policija atrod \u010detrus miru\u0161os no vienas \u0123imenes"},"content":{"rendered":"<p class=\"descr\">Tre\u0161dien \u0160veices pils\u0113t\u0101 Sevelen\u0101 Reinas upes krastos tika atrasts 41 gadu veca Lihten\u0161teinas iedz\u012bvot\u0101ja l\u012b\u0137is. Taj\u0101 pa\u0161\u0101 dien\u0101 k\u0101d\u0101 Lihten\u0161teinas galvaspils\u0113tas Vaducas dz\u012bvokl\u012b upes otr\u0101 pus\u0113 tika atrasti v\u0113l tr\u012bs l\u012b\u0137i, v\u0113sta &#8220;swissinfo.ch&#8221;.<\/p>\n<p><a href=\"https:\/\/nra.lv\/birka\/bojagajusie\/\" target=\"_blank\" rel=\"noopener nofollow\">Boj\u0101g\u0101ju\u0161ie<\/a> tika identific\u0113ti k\u0101 Sevelen\u0101 atrast\u0101 v\u012brie\u0161a 73 gadus vecais t\u0113vs, 68 gadus vec\u0101 m\u0101te un 45 gadus vec\u0101 m\u0101sa.<\/p>\n<p>Reinas upes krastos atrasto cilv\u0113ku n\u0101ves c\u0113lonis pagaid\u0101m nav zin\u0101ms. Izmekl\u0113\u0161ana turpin\u0101s, un ir noz\u012bm\u0113ta miru\u0161o <a href=\"https:\/\/nra.lv\/birka\/autopsija\/\" target=\"_blank\" rel=\"noopener nofollow\">autopsija<\/a>. Policija uzsv\u0113ra, ka nek\u0101di draudi viet\u0113jiem iedz\u012bvot\u0101jiem nav konstat\u0113ti.<\/p>\n<p>Viet\u0113j\u0101 t\u012bmek\u013ca vietne &#8220;linth24.ch&#8221; neofici\u0101li zi\u0146oja, ka, \u0146emot v\u0113r\u0101 incidenta apst\u0101k\u013cus, past\u0101v aizdomas, ka var\u0113tu b\u016bt notikusi tr\u012bsk\u0101r\u0161a <a href=\"https:\/\/nra.lv\/birka\/slepkaviba\/\" target=\"_blank\" rel=\"noopener nofollow\">slepkav\u012bba<\/a>, p\u0113c kuras aizdom\u0101s tur\u0113tais v\u012brietis at\u0146\u0113ma sev dz\u012bv\u012bbu.<\/p>\n<p>\t\t\t\t\t\tinfo<\/p>\n<p>Uzzini pirmais<br \/>kas interesants noticis Latvij\u0101 un pasaul\u0113,<br \/>pievienojoties mums <a href=\"https:\/\/t.me\/neatkariga\" rel=\"nofollow\">Telegram<\/a> vai <a href=\"https:\/\/whatsapp.com\/channel\/0029VaMLFUH5K3zLU5s4wm3y\" rel=\"nofollow noopener\" target=\"_blank\">Whatsapp<\/a> kan\u0101l\u0101<\/p>\n","protected":false},"excerpt":{"rendered":"Tre\u0161dien \u0160veices pils\u0113t\u0101 Sevelen\u0101 Reinas upes krastos tika atrasts 41 gadu veca Lihten\u0161teinas iedz\u012bvot\u0101ja l\u012b\u0137is. Taj\u0101 pa\u0161\u0101 dien\u0101&hellip;\n","protected":false},"author":2,"featured_media":88538,"comment_status":"","ping_status":"","sticky":false,"template":"","format":"standard","meta":{"footnotes":""},"categories":[14],"tags":[23,57,28,29,32,33,22,30,31,35,39,38,36,37,34,40,20,26,27,24,25,54,55,56,21,58],"class_list":{"0":"post-88537","1":"post","2":"type-post","3":"status-publish","4":"format-standard","5":"has-post-thumbnail","7":"category-zinas-no-arvalstim","8":"tag-aktualitates","9":"tag-arvalstim","10":"tag-breaking-news","11":"tag-breakingnews","12":"tag-featured-news","13":"tag-featurednews","14":"tag-headlines","15":"tag-latest-news","16":"tag-latestnews","17":"tag-latvia","18":"tag-latvian","19":"tag-latviesu","20":"tag-latviesu-valoda","21":"tag-latviesuvaloda","22":"tag-latvija","23":"tag-lv","24":"tag-news","25":"tag-popularakas-zinas","26":"tag-popularakaszinas","27":"tag-top-stories","28":"tag-topstories","29":"tag-world","30":"tag-world-news","31":"tag-worldnews","32":"tag-zinas","33":"tag-zinas-no-arvalstim"},"share_on_mastodon":{"url":"https:\/\/pubeurope.com\/@lv\/115802403212176420","error":""},"_links":{"self":[{"href":"https:\/\/www.europesays.com\/lv\/wp-json\/wp\/v2\/posts\/88537","targetHints":{"allow":["GET"]}}],"collection":[{"href":"https:\/\/www.europesays.com\/lv\/wp-json\/wp\/v2\/posts"}],"about":[{"href":"https:\/\/www.europesays.com\/lv\/wp-json\/wp\/v2\/types\/post"}],"author":[{"embeddable":true,"href":"https:\/\/www.europesays.com\/lv\/wp-json\/wp\/v2\/users\/2"}],"replies":[{"embeddable":true,"href":"https:\/\/www.europesays.com\/lv\/wp-json\/wp\/v2\/comments?post=88537"}],"version-history":[{"count":0,"href":"https:\/\/www.europesays.com\/lv\/wp-json\/wp\/v2\/posts\/88537\/revisions"}],"wp:featuredmedia":[{"embeddable":true,"href":"https:\/\/www.europesays.com\/lv\/wp-json\/wp\/v2\/media\/88538"}],"wp:attachment":[{"href":"https:\/\/www.europesays.com\/lv\/wp-json\/wp\/v2\/media?parent=88537"}],"wp:term":[{"taxonomy":"category","embeddable":true,"href":"https:\/\/www.europesays.com\/lv\/wp-json\/wp\/v2\/categories?post=88537"},{"taxonomy":"post_tag","embeddable":true,"href":"https:\/\/www.europesays.com\/lv\/wp-json\/wp\/v2\/tags?post=88537"}],"curies":[{"name":"wp","href":"https:\/\/api.w.org\/{rel}","templated":true}]}}