{"id":88541,"date":"2025-12-29T10:34:13","date_gmt":"2025-12-29T10:34:13","guid":{"rendered":"https:\/\/www.europesays.com\/lv\/88541\/"},"modified":"2025-12-29T10:34:13","modified_gmt":"2025-12-29T10:34:13","slug":"kas-jazina-par-izmainam-likumos-un-noteikumos-2026-gada-galvena-informacija-vienuviet-tvnet","status":"publish","type":"post","link":"https:\/\/www.europesays.com\/lv\/88541\/","title":{"rendered":"Kas j\u0101zina par izmai\u0146\u0101m likumos un noteikumos 2026. gad\u0101? Galven\u0101 inform\u0101cija vienuviet &#8211; TVNET"},"content":{"rendered":"<ol>\n<li><a href=\"https:\/\/news.google.com\/rss\/articles\/CBMitAFBVV95cUxQVHdpcTh3cXF4dGVnX3pDTnBILW4xeXE5R0FIZ3dwQzZIR0hPSGVxWDcxZXVGOWlFa01jTEIzM09TUjJyTEZkdHdnbEhjX1hGc2Q4TzhGeEloR1pWTFNaaDl3RkptRXRpVVo5UUtBQ0lGaEp1T2xHUktJSmlHR2ZwYW41VW40R19KVVAxdzRPX2xmaG0zRVlqN0hZR2JlTllqQjBvcEsyd0VMMVpPSDVDUmVENlc?oc=5\" target=\"_blank\" rel=\"nofollow noopener\">Kas j\u0101zina par izmai\u0146\u0101m likumos un noteikumos 2026. gad\u0101? Galven\u0101 inform\u0101cija vienuviet<\/a>&nbsp;&nbsp;TVNET<\/li>\n<li><a href=\"https:\/\/news.google.com\/rss\/articles\/CBMisAFBVV95cUxOM3RmSUhuTmgyZ2tuUGFFa0hIMmVsaWU3S1Nsc3lGSFNtNERsMm8zdTNoV0FxdldCeHV6MnZsQWRZMS1pai15b3B0WG5zT1NmcDBlY3NjaS1rdzc2TjFpTW5OT1NFSzNNNGtlLVVZb1MyVXpPY0tfcDFUTWFvcmIyY09fYWRJemZqdDlKUnRCLXE2eFY0Z3VOZjVnWEZ2WnVXT0RzeXdyVld2VzVHQzFjRA?oc=5\" target=\"_blank\" rel=\"nofollow noopener\">Algas kalkulators 2026: Uzzini, cik peln\u012bsi n\u0101kamgad<\/a>&nbsp;&nbsp;Delfi<\/li>\n<li><a href=\"https:\/\/news.google.com\/rss\/articles\/CBMi9gFBVV95cUxQSXM5SGY4dlJ0bHl1WGZKMFk3dlJtZUZoVmx0dXhnc0FvYnZZQ010Ulp3ODhtVk5ScERoZHgzaU54aXY0YUpYcFYtVjZiM2Z6SHR4QnVlUHRzemg5VTNEN0VBcjBsQm4xbjZOY2VIN1ByeGlMT2ZCOFk2ZTBPZzFmYUJnMElOV2lfWHRqckdWMW9XSFgzVTIxQlpmelhtdFpuYW9MQ0FjbnZ5TW1ndXprNG4yZHhUWGs1cER2RGwxMFNWUk9kMFRYbWdZQzAwSHdiMXNVOHhOcGNsY1I3R1ZUaHFQVzlGbXc5VU12YldIMHVub0trMkE?oc=5\" target=\"_blank\" rel=\"nofollow noopener\">Tas attiecas piln\u012bgi uz visiem: d\u0101rg\u0101ks benz\u012bns, elektr\u012bba, pases un atkritumi, liel\u0101ka alga un pabalsti. Kas m\u016bs sagaida 2026. gad\u0101?<\/a>&nbsp;&nbsp;Jauns.lv<\/li>\n<li><a href=\"https:\/\/news.google.com\/rss\/articles\/CBMiqwFBVV95cUxPV1p5dkpCaVEtQXVTVFpGWEhTVnJwQVB5eGRNcjlaS3lnZWhub2xZX2FtZTd6eEdmcU1PRmFDUFBLcFZnZWJyQ3lMLUxfdV9mRUpNOG5XRE4wSzA0QjRJalFqSnAzV3d1Nk5ZbEh4Q0hjZzNwME1OVG43Q012MmU3SWt0ZkpqQTh3NXlScWNmTEdrbk1kVllsUVlPZElQTVh0Nk5ud2hFbTh6NWc?oc=5\" target=\"_blank\" rel=\"nofollow noopener\">N\u0101kamaj\u0101 gad\u0101 nodok\u013ci gan \u0146ems, gan dos<\/a>&nbsp;&nbsp;TVNET<\/li>\n<li><a href=\"https:\/\/news.google.com\/rss\/articles\/CBMirAFBVV95cUxQLTNCa3FoM2ozbmhIY0xKRDZ2VWlfZ0NlT0RESGdHdDRQbWNYM1NzczhIbTVNekJsLUVpT1hNdFZ2OE1jMzhFdVltRmFBUUlwQTlDMWtIdWtQQmY3Zk91dlVfaXp2NU9JRldjQ0JhM0xTRkZETHZZSUcyS1pTbVJGOWhGaE5YZ0dSVU5iQk04Uk8zczFheUJIbzRtOUlfVzBIV3dycFc2NWJSYU41?oc=5\" target=\"_blank\" rel=\"nofollow noopener\">Vai 2026. gad\u0101 dz\u012bvosim cepuri kuldami? Eksperte skaidro, vai n\u0101kamgad gaid\u0101ms pensiju k\u0101pums<\/a>&nbsp;&nbsp;LA.LV<\/li>\n<\/ol>\n","protected":false},"excerpt":{"rendered":"Kas j\u0101zina par izmai\u0146\u0101m likumos un noteikumos 2026. gad\u0101? Galven\u0101 inform\u0101cija vienuviet&nbsp;&nbsp;TVNET Algas kalkulators 2026: Uzzini, cik peln\u012bsi&hellip;\n","protected":false},"author":2,"featured_media":88542,"comment_status":"","ping_status":"","sticky":false,"template":"","format":"standard","meta":{"footnotes":""},"categories":[5],"tags":[12118,23,28,29,32,33,22,30,31,35,39,38,36,37,34,40,5604,20,26,27,24,25,21],"class_list":{"0":"post-88541","1":"post","2":"type-post","3":"status-publish","4":"format-standard","5":"has-post-thumbnail","7":"category-aktualitates","8":"tag-2026-gads","9":"tag-aktualitates","10":"tag-breaking-news","11":"tag-breakingnews","12":"tag-featured-news","13":"tag-featurednews","14":"tag-headlines","15":"tag-latest-news","16":"tag-latestnews","17":"tag-latvia","18":"tag-latvian","19":"tag-latviesu","20":"tag-latviesu-valoda","21":"tag-latviesuvaloda","22":"tag-latvija","23":"tag-lv","24":"tag-ministru-kabinets","25":"tag-news","26":"tag-popularakas-zinas","27":"tag-popularakaszinas","28":"tag-top-stories","29":"tag-topstories","30":"tag-zinas"},"share_on_mastodon":{"url":"https:\/\/pubeurope.com\/@lv\/115802411024086616","error":""},"_links":{"self":[{"href":"https:\/\/www.europesays.com\/lv\/wp-json\/wp\/v2\/posts\/88541","targetHints":{"allow":["GET"]}}],"collection":[{"href":"https:\/\/www.europesays.com\/lv\/wp-json\/wp\/v2\/posts"}],"about":[{"href":"https:\/\/www.europesays.com\/lv\/wp-json\/wp\/v2\/types\/post"}],"author":[{"embeddable":true,"href":"https:\/\/www.europesays.com\/lv\/wp-json\/wp\/v2\/users\/2"}],"replies":[{"embeddable":true,"href":"https:\/\/www.europesays.com\/lv\/wp-json\/wp\/v2\/comments?post=88541"}],"version-history":[{"count":0,"href":"https:\/\/www.europesays.com\/lv\/wp-json\/wp\/v2\/posts\/88541\/revisions"}],"wp:featuredmedia":[{"embeddable":true,"href":"https:\/\/www.europesays.com\/lv\/wp-json\/wp\/v2\/media\/88542"}],"wp:attachment":[{"href":"https:\/\/www.europesays.com\/lv\/wp-json\/wp\/v2\/media?parent=88541"}],"wp:term":[{"taxonomy":"category","embeddable":true,"href":"https:\/\/www.europesays.com\/lv\/wp-json\/wp\/v2\/categories?post=88541"},{"taxonomy":"post_tag","embeddable":true,"href":"https:\/\/www.europesays.com\/lv\/wp-json\/wp\/v2\/tags?post=88541"}],"curies":[{"name":"wp","href":"https:\/\/api.w.org\/{rel}","templated":true}]}}