{"id":88551,"date":"2025-12-29T10:40:14","date_gmt":"2025-12-29T10:40:14","guid":{"rendered":"https:\/\/www.europesays.com\/lv\/88551\/"},"modified":"2025-12-29T10:40:14","modified_gmt":"2025-12-29T10:40:14","slug":"no-jauna-gada-speka-stasies-butiskas-normativa-regulejuma-izmainas-dienas-bizness","status":"publish","type":"post","link":"https:\/\/www.europesays.com\/lv\/88551\/","title":{"rendered":"No jaun\u0101 gada sp\u0113k\u0101 st\u0101sies b\u016btiskas normat\u012bv\u0101 regul\u0113juma izmai\u0146as :: Dienas Bizness"},"content":{"rendered":"<p class=\"text-font font-size--text-xlarge margin-3--bottom font-weight--bold padding-1--top\">2026. gada janv\u0101r\u012b sp\u0113k\u0101 st\u0101sies vair\u0101kas noz\u012bm\u012bgas ties\u012bbu normu izmai\u0146as, kas skars gan priv\u0101tm\u0101ju, gan dz\u012bvok\u013cu \u012bpa\u0161niekus un citu sabiedr\u012bbas grupu p\u0101rst\u0101vjus.<\/p>\n<p class=\"text-font font-size--text-xlarge margin-3--bottom\">Viens no b\u016btisk\u0101kajiem jaunumiem, kas tiks ieviests ar 2026. gada 6.janv\u0101ri, ir vienotais process b\u016bvniec\u012bbas jom\u0101. Tas paredz, ka B\u016bvniec\u012bbas inform\u0101cijas sist\u0113m\u0101 re\u0123istr\u0113ts iesniegums par b\u016bvniec\u012bbu b\u016bs ar\u012b iesniegums par b\u016bves t\u0101l\u0101ku re\u0123istr\u0101ciju Nekustam\u0101 \u012bpa\u0161uma valsts kadastra inform\u0101cijas sist\u0113m\u0101 un p\u0113c tam &#8211; ar\u012b par ierakstu zemesgr\u0101mat\u0101. Vienotais process noz\u012bm\u0113 pla\u0161u inform\u0101cijas sist\u0113mu savietojam\u012bbu un datu apmai\u0146u starp iest\u0101d\u0113m. L\u012bdz ar vienot\u0101 procesa ievie\u0161anu Valsts zemes dienesta veikta kadastr\u0101l\u0101 uzm\u0113r\u012b\u0161ana (b\u016bvniec\u012bbas kadastr\u0101l\u0101s uzm\u0113r\u012b\u0161anas lieta, agr\u0101k saukta par inventariz\u0101cijas lietu) vairs neb\u016bs nepiecie\u0161ama, t\u0101d\u0113j\u0101di iev\u0113rojami samazinot l\u012bdz\u0161in\u0113jo administrat\u012bvo un finan\u0161u slogu, k\u0101 ar\u012b ietaupot laiku. Procesa darb\u012bba b\u016bs piln\u012bb\u0101 digitaliz\u0113ta un dati starp sist\u0113m\u0101m tiks nodoti autom\u0101tiski un sec\u012bgi.<\/p>\n<p class=\"text-font font-size--text-xlarge margin-3--bottom\">1.janv\u0101r\u012b st\u0101sies sp\u0113k\u0101 groz\u012bjumi \u0112ku b\u016bvnoteikumos. Tie tapu\u0161i, lai vienk\u0101r\u0161otu pras\u012bbas maz\u0101m b\u016bvniec\u012bbas iecer\u0113m. Turpm\u0101k vairum\u0101 gad\u012bjumu vairs neb\u016bs nepiecie\u0161ama nek\u0101da b\u016bvniec\u012bbas ieceres dokument\u0101cija mazas \u0113kas (l\u012bdz 25 m\u00b2) jaunai b\u016bvniec\u012bbai vai novieto\u0161anai.<\/p>\n<p class=\"text-font font-size--text-xlarge margin-3--bottom\">Vienk\u0101r\u0161ota tiek ar\u012b b\u016bvniec\u012bbas ieceres dokument\u0101cija gad\u012bjumos, kad t\u0101 ir nepiecie\u0161ama &#8211; ar pazi\u0146ojumu par b\u016bvniec\u012bbu, bez b\u016bvvaldes l\u0113muma, var\u0113s veikt pirm\u0101s grupas dz\u012bvojam\u0101s \u0113kas, pal\u012bg\u0113kas vai lauksaimniec\u012bbas nedz\u012bvojam\u0101s \u0113kas jaunu b\u016bvniec\u012bbu un otr\u0101s grupas viena vai divu dz\u012bvok\u013cu dz\u012bvojam\u0101s \u0113kas atjauno\u0161anu vai p\u0101rb\u016bvi, nemainot b\u016bvapjomu vai lieto\u0161anas veidu (iz\u0146emot valsts aizsarg\u0101jamos kult\u016bras pieminek\u013cus). Ar paskaidrojuma rakstu b\u016bs \u012bstenojama pirm\u0101s grupas dz\u012bvojam\u0101s \u0113kas, pal\u012bg\u0113kas vai lauksaimniec\u012bbas nedz\u012bvojam\u0101s \u0113kas jauna b\u016bvniec\u012bba vai novieto\u0161ana Valsts aizsarg\u0101jamo kult\u016bras pieminek\u013cu teritorij\u0101s, k\u0101 ar\u012b otr\u0101s grupas viena dz\u012bvok\u013ca dz\u012bvojam\u0101s \u0113kas ar kop\u0113jo plat\u012bbu, kas nep\u0101rsniedz 200 m2, jauna b\u016bvniec\u012bba vai novieto\u0161ana.<\/p>\n<p class=\"text-font font-size--text-xlarge margin-3--bottom\">Tiek p\u0101rskat\u012bti ierobe\u017eojumi koka izmanto\u0161anai liel\u0101s r\u016bpniecisk\u0101s, k\u0101 ar\u012b publisk\u0101s \u0113k\u0101s \u2013 turpm\u0101k koku var\u0113s pla\u0161i izmantot ar\u012b augst\u0101kas ugunsnotur\u012bbas pak\u0101pes b\u016bv\u0113s, ja tiks nodro\u0161in\u0101tas atbilsto\u0161as ugunsdro\u0161\u012bbas sist\u0113mas.<\/p>\n<p class=\"text-font font-size--text-xlarge margin-3--bottom\">Ar 5. janv\u0101ri st\u0101jas sp\u0113k\u0101 groz\u012bjumi Dz\u012bvok\u013ca \u012bpa\u0161uma likum\u0101, kas stiprina dz\u012bvok\u013ca \u012bpa\u0161nieku kop\u012bbas lomu \u2013 turpm\u0101k dz\u012bvok\u013cu \u012bpa\u0161nieku kop\u012bb\u0101m b\u016bs ties\u012bbas no kred\u012btiest\u0101d\u0113m sa\u0146emt aizdevumus dz\u012bvojamo m\u0101ju atjauno\u0161anai sav\u0101 v\u0101rd\u0101, t\u0101d\u0113j\u0101di dz\u012bvok\u013cu \u012bpa\u0161niekiem neb\u016bs nepiecie\u0161am\u012bbas \u0161im nol\u016bkam dibin\u0101t biedr\u012bbu. T\u0101pat atvieglotas pras\u012bbas dz\u012bvok\u013cu \u012bpa\u0161nieku kop\u012bb\u0101m attiec\u012bb\u0101 uz re\u0123istr\u0101ciju Valsts ie\u0146\u0113mumu dienest\u0101 k\u0101 nodok\u013cu maks\u0101t\u0101jam. Groz\u012bjumi paredz &#8211; ja dz\u012bvok\u013cu \u012bpa\u0161nieku kop\u012bbas ie\u0146\u0113mumi no saimniecisk\u0101s darb\u012bbas p\u0101rskata gad\u0101 nep\u0101rsniegs divas valst\u012b noteikt\u0101s minim\u0101l\u0101s m\u0113ne\u0161a darba algas, re\u0123istr\u0101cija Valsts ie\u0146\u0113mumu dienest\u0101 neb\u016bs j\u0101veic.<\/p>\n<p class=\"text-font font-size--text-xlarge margin-3--bottom\">Groz\u012bjumi Dz\u012bvok\u013ca \u012bpa\u0161uma likum\u0101 ar\u012b nosaka, ka, s\u0101kot ar 1. janv\u0101ri, ieg\u0101d\u0101joties dz\u012bvok\u013ca \u012bpa\u0161umu, par tr\u012bs gadus veciem dz\u012bvok\u013ca \u012bpa\u0161uma maks\u0101jumu par\u0101diem atbild\u012bgs b\u016bs jaunais \u012bpa\u0161nieks. T\u0101d\u0113j\u0101di tiek ieviests princips \u201cpar\u0101ds seko dz\u012bvoklim\u201d.<\/p>\n<p class=\"text-font font-size--text-xlarge margin-3--bottom\">T\u0101pat ar min\u0113tajiem groz\u012bjumiem paredz\u0113ts, ka atsevi\u0161\u0137o \u012bpa\u0161umu norobe\u017eojo\u0161ie logi turpm\u0101k ir uzskat\u0101mi par dz\u012bvojam\u0101s m\u0101jas kop\u012bpa\u0161um\u0101 eso\u0161u da\u013cu. Dz\u012bvok\u013ca \u012bpa\u0161niekam ir ties\u012bbas atjaunot vai main\u012bt atsevi\u0161\u0137o \u012bpa\u0161umu norobe\u017eojo\u0161os logus un durvis, kas ir dz\u012bvojam\u0101s m\u0101jas \u0101r\u0113j\u0101s norobe\u017eojo\u0161\u0101s konstrukcijas, to saska\u0146ojot ar p\u0101rvaldnieku. \u0160o logu remonts un apkope dz\u012bvok\u013ca \u012bpa\u0161niekam j\u0101veic par saviem l\u012bdzek\u013ciem.<\/p>\n","protected":false},"excerpt":{"rendered":"2026. gada janv\u0101r\u012b sp\u0113k\u0101 st\u0101sies vair\u0101kas noz\u012bm\u012bgas ties\u012bbu normu izmai\u0146as, kas skars gan priv\u0101tm\u0101ju, gan dz\u012bvok\u013cu \u012bpa\u0161niekus un&hellip;\n","protected":false},"author":2,"featured_media":88552,"comment_status":"","ping_status":"","sticky":false,"template":"","format":"standard","meta":{"footnotes":""},"categories":[5],"tags":[23,869,77,870,28,29,867,32,33,22,30,31,35,39,38,36,37,34,871,868,40,20,26,27,24,25,21],"class_list":{"0":"post-88551","1":"post","2":"type-post","3":"status-publish","4":"format-standard","5":"has-post-thumbnail","7":"category-aktualitates","8":"tag-aktualitates","9":"tag-biznesa-zinas","10":"tag-bizness","11":"tag-bizness-latvija","12":"tag-breaking-news","13":"tag-breakingnews","14":"tag-dienas-zinas","15":"tag-featured-news","16":"tag-featurednews","17":"tag-headlines","18":"tag-latest-news","19":"tag-latestnews","20":"tag-latvia","21":"tag-latvian","22":"tag-latviesu","23":"tag-latviesu-valoda","24":"tag-latviesuvaloda","25":"tag-latvija","26":"tag-latvijas-biznesa-zinas","27":"tag-latvijas-zinas","28":"tag-lv","29":"tag-news","30":"tag-popularakas-zinas","31":"tag-popularakaszinas","32":"tag-top-stories","33":"tag-topstories","34":"tag-zinas"},"share_on_mastodon":{"url":"https:\/\/pubeurope.com\/@lv\/115802434599020692","error":""},"_links":{"self":[{"href":"https:\/\/www.europesays.com\/lv\/wp-json\/wp\/v2\/posts\/88551","targetHints":{"allow":["GET"]}}],"collection":[{"href":"https:\/\/www.europesays.com\/lv\/wp-json\/wp\/v2\/posts"}],"about":[{"href":"https:\/\/www.europesays.com\/lv\/wp-json\/wp\/v2\/types\/post"}],"author":[{"embeddable":true,"href":"https:\/\/www.europesays.com\/lv\/wp-json\/wp\/v2\/users\/2"}],"replies":[{"embeddable":true,"href":"https:\/\/www.europesays.com\/lv\/wp-json\/wp\/v2\/comments?post=88551"}],"version-history":[{"count":0,"href":"https:\/\/www.europesays.com\/lv\/wp-json\/wp\/v2\/posts\/88551\/revisions"}],"wp:featuredmedia":[{"embeddable":true,"href":"https:\/\/www.europesays.com\/lv\/wp-json\/wp\/v2\/media\/88552"}],"wp:attachment":[{"href":"https:\/\/www.europesays.com\/lv\/wp-json\/wp\/v2\/media?parent=88551"}],"wp:term":[{"taxonomy":"category","embeddable":true,"href":"https:\/\/www.europesays.com\/lv\/wp-json\/wp\/v2\/categories?post=88551"},{"taxonomy":"post_tag","embeddable":true,"href":"https:\/\/www.europesays.com\/lv\/wp-json\/wp\/v2\/tags?post=88551"}],"curies":[{"name":"wp","href":"https:\/\/api.w.org\/{rel}","templated":true}]}}