{"id":88561,"date":"2025-12-29T10:47:21","date_gmt":"2025-12-29T10:47:21","guid":{"rendered":"https:\/\/www.europesays.com\/lv\/88561\/"},"modified":"2025-12-29T10:47:21","modified_gmt":"2025-12-29T10:47:21","slug":"laima-vaikule-un-saulkrastu-koris-anima-jauna-muzikas-video-izdzied-popularako-ukrainu-tautasdziesmu","status":"publish","type":"post","link":"https:\/\/www.europesays.com\/lv\/88561\/","title":{"rendered":"Laima Vaikule un Saulkrastu koris &#8220;ANIMA&#8221; jaun\u0101 m\u016bzikas video izdzied popul\u0101r\u0101ko ukrai\u0146u tautasdziesmu"},"content":{"rendered":"<p>Dziesmas ieraksts un video tapis k\u0101 sirsn\u012bgs sv\u0113tku sveiciens klaus\u012bt\u0101jiem Ukrain\u0101 un Latvij\u0101. \u201c\u0160\u010dedrik\u201d jaunaj\u0101 versij\u0101 organiski savijas latvie\u0161u un ukrai\u0146u kult\u016bra, izce\u013cot vienot\u012bbas, gaismas un cer\u012bbas v\u0113st\u012bjumu.<\/p>\n<p><img decoding=\"async\" class=\"figure__image\" onclick=\"triggerEvent('articleImageClick', { id: 17363086, focus: 'single-image', focusIndex: '17363086' })\" onkeydown=\"if (event.key === 'Enter') {&#10;        triggerEvent('articleImageClick', { id: 17363086, focus: 'single-image', focusIndex: '17363086' })&#10;        }\" role=\"button\" tabindex=\"0\" data-focus-from=\"single-image\" data-focus-index=\"17363086\" src=\"https:\/\/www.europesays.com\/lv\/wp-content\/uploads\/2025\/12\/17363086t1h85b4.jpg\"  onload=\"this.parentElement.classList.remove('figure__image-loading')\" alt=\"Laima Vaikule m\u016bzikas video uz\u0146em\u0161anas laik\u0101.\"\/>Laima Vaikule m\u016bzikas video uz\u0146em\u0161anas laik\u0101. Foto: Oleksandr Kosharnyi<\/p>\n<p>Dziesmas solistes lom\u0101 le\u0123end\u0101r\u0101 dzied\u0101t\u0101ja <a href=\"https:\/\/sejas.tvnet.lv\/term\/119067\/laima-vaikule\" class=\"topicLink\" target=\"_blank\" rel=\"nofollow noopener\">Laima Vaikule<\/a>, pie\u0161\u0137irot ska\u0146darbam \u012bpa\u0161u emocion\u0101lo dzi\u013cumu un atpaz\u012bstam\u012bbu.<\/p>\n<p>Kop\u0101 ar tautas deju ansambli \u201cL\u012bgo\u201d tapis ar\u012b dziesmas videoklips, kas vizu\u0101li papildina muzik\u0101lo st\u0101stu, iek\u013caujot m\u016bsu kult\u016bras identit\u0101tes v\u0113st\u012bjumu.<\/p>\n<p>Dziesmas \u201cShchedryk\u201d aran\u017e\u0113juma autore ir <a href=\"https:\/\/sejas.tvnet.lv\/term\/703405\/laura-leontjeva\" class=\"topicLink\" target=\"_blank\" rel=\"nofollow noopener\">Laura Leontjeva<\/a> sadarb\u012bb\u0101 ar Kristapu Krievkalnu. Ieraksts tapis studij\u0101 Lauska, savuk\u0101rt ska\u0146as apstr\u0101di (mix\/master) veicis Kaspars B\u0101rbals.<\/p>\n<p><img decoding=\"async\" class=\"figure__image\" onclick=\"triggerEvent('articleImageClick', { id: 17363087, focus: 'single-image', focusIndex: '17363087' })\" onkeydown=\"if (event.key === 'Enter') {&#10;        triggerEvent('articleImageClick', { id: 17363087, focus: 'single-image', focusIndex: '17363087' })&#10;        }\" role=\"button\" tabindex=\"0\" data-focus-from=\"single-image\" data-focus-index=\"17363087\" src=\"https:\/\/www.europesays.com\/lv\/wp-content\/uploads\/2025\/12\/17363087t1hd76b.jpg\"  onload=\"this.parentElement.classList.remove('figure__image-loading')\" alt=\"\"\/> Foto: Oleksandr Kosharnyi<\/p>\n<p>Videoklipa produc\u0113\u0161anu un p\u0113capstr\u0101di nodro\u0161in\u0101jusi komp\u0101nija Nolimits, re\u017eisors \u2013 Ronalds Me\u017ema\u010ds, producente \u2013 Anna Borisova (Anna Borysova).<\/p>\n<p>Jaunais kopdarbs ir muzik\u0101ls sveiciens sv\u0113tkos un apliecin\u0101jums starpkult\u016bru dialogam, kas caur m\u016bziku sp\u0113j vienot cilv\u0113kus p\u0101ri robe\u017e\u0101m.<\/p>\n<p>Rado\u0161\u0101 komanda:<\/p>\n<p>Soliste:<br \/>\u2013 Laima Vaikule<\/p>\n<p>Saulkrastu koris &#8220;ANIMA&#8221;:<br \/>\u2013 M\u0101ksliniecisk\u0101 vad\u012bt\u0101ja un diri\u0123ente: Laura Leontjeva<br \/>\u2013 Kormeistars: Kristaps Solovjovs<br \/>\u2013 Vok\u0101lie pedagogi: El\u012bna Ose, Em\u012bls Gilu\u010ds-L\u0101cis<\/p>\n<p>M\u016bzi\u0137i:<br \/>\u2013 Kontrabass: J\u0101nis Rubiks<br \/>\u2013 Perkusijas: M\u0101rti\u0146\u0161 Mi\u013cevskis<\/p>\n<p>Tautas deju ansamblis L\u012aGO:<br \/>\u2013 Horeogr\u0101fs un deju vad\u012bt\u0101js: J\u0101nis Purvi\u0146\u0161<\/p>\n<p>Aizkadra komanda:<\/p>\n<p>\u2013 Aizkuli\u0161u fotogr\u0101fs: Oleksandrs Ko\u0161arnijs (Olexander Kosharnyi)<br \/>\u2013 Grima m\u0101ksliniece: Anstasija \u0160ats (Anastasiia Shats)<br \/>\u2013 T\u0113rpi un stils: Odetta Birmane.<\/p>\n","protected":false},"excerpt":{"rendered":"Dziesmas ieraksts un video tapis k\u0101 sirsn\u012bgs sv\u0113tku sveiciens klaus\u012bt\u0101jiem Ukrain\u0101 un Latvij\u0101. \u201c\u0160\u010dedrik\u201d jaunaj\u0101 versij\u0101 organiski savijas&hellip;\n","protected":false},"author":2,"featured_media":88562,"comment_status":"","ping_status":"","sticky":false,"template":"","format":"standard","meta":{"footnotes":""},"categories":[19],"tags":[89,90,13900,6550,35,39,38,36,37,34,22514,40,22515],"class_list":{"0":"post-88561","1":"post","2":"type-post","3":"status-publish","4":"format-standard","5":"has-post-thumbnail","7":"category-izklaide","8":"tag-entertainment","9":"tag-izklaide","10":"tag-kristaps-krievkalns","11":"tag-laima-vaikule","12":"tag-latvia","13":"tag-latvian","14":"tag-latviesu","15":"tag-latviesu-valoda","16":"tag-latviesuvaloda","17":"tag-latvija","18":"tag-laura-leontjeva","19":"tag-lv","20":"tag-saulkrastu-koris-anima"},"share_on_mastodon":{"url":"https:\/\/pubeurope.com\/@lv\/115802462178765254","error":""},"_links":{"self":[{"href":"https:\/\/www.europesays.com\/lv\/wp-json\/wp\/v2\/posts\/88561","targetHints":{"allow":["GET"]}}],"collection":[{"href":"https:\/\/www.europesays.com\/lv\/wp-json\/wp\/v2\/posts"}],"about":[{"href":"https:\/\/www.europesays.com\/lv\/wp-json\/wp\/v2\/types\/post"}],"author":[{"embeddable":true,"href":"https:\/\/www.europesays.com\/lv\/wp-json\/wp\/v2\/users\/2"}],"replies":[{"embeddable":true,"href":"https:\/\/www.europesays.com\/lv\/wp-json\/wp\/v2\/comments?post=88561"}],"version-history":[{"count":0,"href":"https:\/\/www.europesays.com\/lv\/wp-json\/wp\/v2\/posts\/88561\/revisions"}],"wp:featuredmedia":[{"embeddable":true,"href":"https:\/\/www.europesays.com\/lv\/wp-json\/wp\/v2\/media\/88562"}],"wp:attachment":[{"href":"https:\/\/www.europesays.com\/lv\/wp-json\/wp\/v2\/media?parent=88561"}],"wp:term":[{"taxonomy":"category","embeddable":true,"href":"https:\/\/www.europesays.com\/lv\/wp-json\/wp\/v2\/categories?post=88561"},{"taxonomy":"post_tag","embeddable":true,"href":"https:\/\/www.europesays.com\/lv\/wp-json\/wp\/v2\/tags?post=88561"}],"curies":[{"name":"wp","href":"https:\/\/api.w.org\/{rel}","templated":true}]}}