{"id":88565,"date":"2025-12-29T10:50:11","date_gmt":"2025-12-29T10:50:11","guid":{"rendered":"https:\/\/www.europesays.com\/lv\/88565\/"},"modified":"2025-12-29T10:50:11","modified_gmt":"2025-12-29T10:50:11","slug":"rigas-augstpratiba-pret-liepajas-sarmu","status":"publish","type":"post","link":"https:\/\/www.europesays.com\/lv\/88565\/","title":{"rendered":"R\u012bgas augstpr\u0101t\u012bba pret Liep\u0101jas \u0161armu"},"content":{"rendered":"<p class=\"descr\">Kad R\u012bgas \u201cintelektu\u0101\u013ci\u201d s\u0101k run\u0101t par provinci\u0101lismu, tad tas gandr\u012bz vienm\u0113r liek iek\u0161\u0113ji saspringt. L\u012bdz\u012bgi k\u0101 s\u0113\u017eot autobus\u0101, kad aizmugur\u0113j\u0101 s\u0113dekl\u012b aps\u0113du\u0161ies p\u0101r\u0101k p\u013c\u0101p\u012bgi pasa\u017eieri. Nevi\u013cus rodas nepat\u012bkamas priek\u0161nojautas, ka piespiedu k\u0101rt\u0101 b\u016bs j\u0101klaus\u0101s vis\u0101das banalit\u0101tes.<\/p>\n<p>P\u0101rmetumus \u201cprovinci\u0101lism\u0101\u201d \u0161oreiz izpeln\u012bju\u0161ies Liep\u0101jas domes deput\u0101ti, kuri at\u013c\u0101vu\u0161ies ap\u0161aub\u012bt m\u0101kslinieka Kri\u0161a Salma\u0146a vides objekta \u201cP\u016btiens\u201d ieder\u012bbu <a href=\"https:\/\/nra.lv\/birka\/liepaja\/\" target=\"_blank\" rel=\"noopener nofollow\">Liep\u0101jas<\/a> pils\u0113tvid\u0113. \u0160o vides objektu paredz\u0113ts izvietot Liep\u0101j\u0101 2027. gada kult\u016bras galvaspils\u0113tas pas\u0101kumu ietvaros.<\/p>\n<p>\u201cM\u0101kslinieks ar \u0161o savu darbu pied\u0101v\u0101 apsp\u0113l\u0113t Liep\u0101jas v\u0113ju t\u0113mu, pils\u0113t\u0101 izvietojot spogu\u013cmet\u0101la skulpt\u016bru &#8211; milz\u012bgu peldri\u0146\u0137i ar vienrad\u017ea galvu, kas it k\u0101 atp\u016bsts no j\u016bras un ar ragu ied\u016bries zem\u0113,\u201d teikts darba pieteikum\u0101. Liep\u0101jas domes deput\u0101tiem rad\u0101s iebildes gan par pa\u0161u \u0161o t\u0113lu, gan par to, ka to paredz\u0113ts pas\u016bt\u012bt \u0136\u012bn\u0101, gan par t\u0101 atra\u0161an\u0101s vietu [apb\u016bves teritorijas pagaid\u0101m neapb\u016bv\u0113taj\u0101] laukum\u0101 uz Graudu ielas un K\u016brm\u0101jas prospekta st\u016bra.<\/p>\n<p>Ta\u010du p\u0113c tam, kad no R\u012bgas, no <a href=\"https:\/\/nra.lv\/birka\/kulturas-ministrija\/\" target=\"_blank\" rel=\"noopener nofollow\">Kult\u016bras ministrijas<\/a> atskan\u0113ja asi p\u0101rmetumi un pat draudi nesa\u0146emt kult\u016bras galvaspils\u0113tas pas\u0101kumiem paredz\u0113to naudu, ar minim\u0101lu balsu p\u0101rsvaru Liep\u0101jas dome tom\u0113r pie\u0146\u0113ma l\u0113mumu objektu izvietot tam paredz\u0113taj\u0101 viet\u0101. Tiesa, ar atrunu, ka p\u0113c tam, kad Liep\u0101ja vairs neb\u016bs Eiropas kult\u016bras galvaspils\u0113ta, 2028. gad\u0101 \u0161o objektu p\u0101rvietos uz k\u0101du citu vietu.<\/p>\n<p>Uzreiz gribu nor\u0101d\u012bt, ka nev\u0113los diskut\u0113t par \u0161\u012b konkr\u0113t\u0101 objekta m\u0101kslinieciskaj\u0101m kvalit\u0101t\u0113m un t\u0101 ieder\u012bbu konkr\u0113taj\u0101 viet\u0101. Lai par to run\u0101 profesion\u0101\u013ci. Toties nekas mums neliedz parun\u0101t par t\u0101d\u0101m t\u0113m\u0101m k\u0101 augstpr\u0101t\u012bba, provinci\u0101lisms un snobisms. Par to, kas vajadz\u012bgs Liep\u0101jai un cit\u0101m Latvijas pils\u0113t\u0101m \u0101rpus R\u012bgas.<\/p>\n<p>Galu gal\u0101 konkr\u0113tais Liep\u0101jas piem\u0113rs nav ne pirmais, ne p\u0113d\u0113jais gad\u012bjums, kad jebkuras \u0161aubas par to: vai novalk\u0101tu z\u0101baku kaudze, kurai blakus uzst\u0101d\u012bta pl\u0101ksn\u012bte ar \u201ckoncepcijas\u201d aprakstu, ir \u201caugst\u0101 m\u0101ksla\u201d vai vienk\u0101r\u0161i kaudz\u0113 samestas drazas, tiek augstpr\u0101t\u012bgi nod\u0113v\u0113tas par provinci\u0101lu tumson\u012bbu.<\/p>\n<p>Eiropas galvaspils\u0113ta vai province<\/p>\n<p>L\u016bk, filozofa Arta Sveces izteikumi LTV raid\u012bjum\u0101 \u201c100 g kult\u016bras\u201d: \u201cLiep\u0101jas gad\u012bjum\u0101 t\u0101 probl\u0113ma ir cita &#8211; jaut\u0101jums ir dr\u012bz\u0101k par to, ko Liep\u0101jas domes deput\u0101ti un iedz\u012bvot\u0101ji grib izdar\u012bt ar savu pils\u0113tu. Vai vi\u0146i grib pils\u0113tu, kas ir Eiropas galvaspils\u0113ta un kaut kas t\u0101ds, kas interes\u0113 ar\u012b k\u0101du citu bez pa\u0161as Liep\u0101jas, vai varb\u016bt vi\u0146i grib provinci? Ja vi\u0146i grib provinci\u0101lu pils\u0113tu, kur\u0101 sav\u0113jie cilv\u0113ki j\u016btas labi, tad tur nevajag neko r\u012bkot, nevajag Eiropas galvaspils\u0113tu un nevajag Kri\u0161a Salma\u0146a m\u0101kslas darbus. [..] Idilliska provinces dz\u012bve nav nekas kari\u0137\u0113jams. T\u0101 vienk\u0101r\u0161i ir izv\u0113le ar konkr\u0113t\u0101m sek\u0101m. Es varu iedom\u0101ties, ka t\u0101 ir omul\u012bga dz\u012bve &#8211; tevi nekas netrauc\u0113, ir pat\u012bkama liftu m\u016bzika, nevis kaut k\u0101di eksperimenti, kur viena ska\u0146a min\u016bti skan,\u201d filozof\u0113 Svece un nor\u0101da, ka \u0161\u0101du m\u0101kslas darbu par\u0101d\u012b\u0161an\u0101s pils\u0113t\u0101 \u201cne vien celtu viet\u0113jo sabiedr\u012bbas izaugsmi, bet ar\u012b \u0101rvalstu t\u016bristu interesi, kuri augsta l\u012bme\u0146a un drosm\u012bgu m\u0101kslu pieradu\u0161i redz\u0113t Eiropas metropol\u0113s\u201d.<\/p>\n<p>Nevar noliegt Sveces izteikumu labskan\u012bbu. Tie skan p\u0101rliecino\u0161i un gudri. Filozofa profesijas v\u0101rdu vi\u0146\u0161 nevalk\u0101 nepeln\u012bti. Ta\u010du paanaliz\u0113sim \u0161\u012bs gudr\u0101s, pareiz\u0101s fr\u0101zes p\u0113c b\u016bt\u012bbas.<\/p>\n<p>\u201cJaut\u0101jums ir dr\u012bz\u0101k par to, ko Liep\u0101jas domes deput\u0101ti un iedz\u012bvot\u0101ji grib izdar\u012bt ar savu pils\u0113tu,\u201d piln\u012bgi pareizi un pamatoti jaut\u0101 Svece. Vi\u0146\u0161 pied\u0101v\u0101 divus variantus &#8211; Eiropas galvaspils\u0113ta ar kaut k\u0101diem eksperimentiem, kur viena ska\u0146a min\u016bti skan, vai provinci\u0101la pils\u0113ta ar t\u0101s omul\u012bgo dz\u012bvi, kur tevi nekas netrauc\u0113 un kur\u0101 sav\u0113jie cilv\u0113ki j\u016btas labi.<\/p>\n<p>Svece nep\u0101rprotami iest\u0101jas par pirmo variantu, kur\u0101 netr\u016bkst provinci\u0101las pils\u0113tas omul\u012bgo dz\u012bvi \u0101rdo\u0161u eksperimentu. Sveces ieskat\u0101 tie\u0161i \u0161\u0101da pils\u0113ta rada to \u0101rvalstu t\u016bristu interesi, kuri augsta l\u012bme\u0146a un drosm\u012bgu m\u0101kslu pieradu\u0161i redz\u0113t Eiropas metropol\u0113s.<\/p>\n<p>Un te nu es at\u013cau\u0161os run\u0101t k\u0101 t\u016brisma nozares lietprat\u0113js. Regul\u0101ri dodos ce\u013cojumos pa pasauli un diezgan labi zinu, ko cilv\u0113ki tajos grib redz\u0113t. Turkl\u0101t tas, ko vi\u0146i grib redz\u0113t lielpils\u0113t\u0101s un mazpils\u0113t\u0101s, parasti fundament\u0101li at\u0161\u0137iras.<\/p>\n<p>Piem\u0113ram, nupat biju Kolumbij\u0101 un tur apmekl\u0113ju vair\u0101kas viet\u0113j\u0101s provinces pils\u0113tas (pueblas). Svece var\u0113tu sev uzdot jaut\u0101jumu: k\u0101d\u0101 sakar\u0101 t\u016bristi brauc uz \u0161\u012bm noma\u013caj\u0101m pils\u0113ti\u0146\u0101m? Vai vi\u0146i tur mekl\u0113 \u201caugsta l\u012bme\u0146a un drosm\u012bgu m\u0101kslu, k\u0101du pieradu\u0161i redz\u0113t Eiropas metropol\u0113s\u201d? Mana atbilde: tas ir p\u0113d\u0113jais, ko vi\u0146i tur v\u0113las redz\u0113t. \u201cAugsta l\u012bme\u0146a un drosm\u012bgu m\u0101kslu\u201d vi\u0146i patie\u0161\u0101m var redz\u0113t Eiropas un cit\u0101s pasaules metropol\u0113s, un tur tai ar\u012b ir vieta.<\/p>\n<p>Uz mazaj\u0101m provinces pils\u0113ti\u0146\u0101m t\u016bristi brauc pavisam citu iemeslu d\u0113\u013c. Vi\u0146i tur brauc p\u0113c t\u0101, ko noniev\u0101 Svece. Lai izbaud\u012btu \u0161o pils\u0113ti\u0146u omul\u012bgo dz\u012bvi, kur tevi nekas netrauc\u0113 un kur\u0101 sav\u0113jie cilv\u0113ki j\u016btas labi. \u0160\u012bm provinces pils\u0113t\u0101m pievilc\u012bbu piedod tie\u0161i to autohton\u0101 \u201catpalic\u012bba\u201d. T\u0101s d\u0113\u013c uz turieni brauc t\u016bristi no \u0145ujorkas, Londonas, Par\u012bzes un Madrides. Ne jau skat\u012bties \u201caugsta l\u012bme\u0146a un drosm\u012bgu m\u0101kslu\u201d.<\/p>\n<p>Ar\u012b m\u016bsu pa\u0161u Kuld\u012bgas pievilc\u012bba ta\u010du nesl\u0113pjas \u0161\u012bs \u201caugsta l\u012bme\u0146a un drosm\u012bgas m\u0101kslas\u201d kl\u0101tb\u016btn\u0113, bet gan t\u0101s pretmet\u0101 &#8211; t\u0101s neesam\u012bb\u0101. Ar to saprotot arhaisma dominanti p\u0101r modernit\u0101ti.<\/p>\n<p>Kas der \u0145ujorkai, neder Liep\u0101jai<\/p>\n<p>\u0160eit j\u0101atgrie\u017eas pie Sveces uzdot\u0101 pamatjaut\u0101juma: \u201cKo Liep\u0101jas domes deput\u0101ti un iedz\u012bvot\u0101ji grib izdar\u012bt ar savu pils\u0113tu?\u201d Atbilde ir ac\u012bmredzama. Vi\u0146i grib saglab\u0101t Liep\u0101jas savdab\u012bbu. T\u0101s neatk\u0101rtojamo<\/p>\n<p>\u0161armu. Omul\u012bbu. T\u0101 vien izskat\u0101s, ka filozofs Svece neredz at\u0161\u0137ir\u012bbu starp \u0145ujorku, Londonu un Liep\u0101ju.<\/p>\n<p>Esmu vis\u0101s \u0161aj\u0101s pils\u0113t\u0101s bijis, un katrai no t\u0101m ir savs neatk\u0101rtojamais, unik\u0101lais \u0161arms. Uzsveru &#8211; katrai savs. Kas der \u0145ujorkai, neder Liep\u0101jai. Lielpils\u0113tu k\u0146adu, haosu un sav\u0101 zi\u0146\u0101 fascin\u0113jo\u0161o atsve\u0161in\u0101t\u012bbu (neomul\u012bbu) Svece grib dab\u016bt uz Liep\u0101ju. Vi\u0146apr\u0101t, ja gribam redz\u0113t \u0101rvalstu t\u016bristus Liep\u0101j\u0101, tad k\u0101 pievilk\u0161anas enkuri taj\u0101 j\u0101izvieto \u201caugsta l\u012bme\u0146a drosm\u012bga m\u0101ksla\u201d.<\/p>\n<p>K\u0101ds \u0161ausmino\u0161s dogmatisms, gribas izsaukties. Skaidrs, ka jebkuram m\u016bsdienu \u201cintelektu\u0101lim\u201d vienm\u0113r j\u0101nost\u0101jas \u201caugst\u0101s m\u0101kslas\u201d, nevis alla\u017e n\u012bstam\u0101s varas pus\u0113, kuru konkr\u0113taj\u0101 gad\u012bjum\u0101 iemieso Liep\u0101jas deput\u0101ti, ta\u010du mazliet j\u0101iedzi\u013cin\u0101s ar\u012b t\u0113m\u0101. Kontekst\u0101, kas \u0161oreiz ar\u012b ir svar\u012bg\u0101kais.<\/p>\n<p>Pie\u013cauju, ka ar\u012b starptautisk\u0101 \u017e\u016brija, kura v\u0113rt\u0113ja konkurs\u0101 iesniegtos darbus, tos v\u0113rt\u0113ja pa\u0161us par sevi, nevis kontekst\u0101 ar Liep\u0101ju, kuras pievilc\u012bba sl\u0113pjas tie\u0161i t\u0101s 20. gadsimta s\u0101kuma arhitekt\u016br\u0101 un nesteidz\u012bgaj\u0101 atmosf\u0113r\u0101.<\/p>\n<p>Ja reiz run\u0101jam par konkr\u0113to m\u0101kslas objektu, tad tie\u0161i uz t\u0101 pa\u0161a ielas st\u016bra, uz kura paredz\u0113ts izvietot \u0136\u012bn\u0101 ra\u017eoto spogu\u013cmet\u0101la peldri\u0146\u0137i, jau atrodas viens uz apk\u0101rt\u0113j\u0101s arhitekt\u016bras fona ac\u012bs kr\u012bto\u0161s sve\u0161\u0137ermenis &#8211; t\u016bksto\u0161gades mij\u0101 b\u016bv\u0113ta spogu\u013cstikla \u0113ka, kuru par gl\u012btu un ainav\u0101 ieder\u012bgu reti kur\u0161 nosauks. K\u0101p\u0113c veidot \u201cki\u010du kl\u0101steri\u201d?<\/p>\n<p>Vieni grib k\u0146adu, citi &#8211; mieru<\/p>\n<p>Nev\u0113los izteikt kaut maz\u0101kos p\u0101rmetumus m\u0101ksliniekam Salmanim. Vi\u0146am ir savs skat\u012bjums, un to patiesi nevar un nevajag iegro\u017eot. Sprie\u017eot<\/p>\n<p>p\u0113c Salma\u0146a publiskaj\u0101m intervij\u0101m, vi\u0146\u0161 ar \u0161o spo\u017eo peldri\u0146\u0137i tie\u0161i cen\u0161as piev\u0113rst cilv\u0113ku uzman\u012bbu plastmasas logu, b\u016bvniec\u012bbas putu un citu neieder\u012bgu elementu izmanto\u0161anai v\u0113sturiskaj\u0101s \u0113k\u0101s. T\u0101 nenoliedzami ir daudzu Latvijas pils\u0113tu, tai skait\u0101 Liep\u0101jas, probl\u0113ma.<\/p>\n<p>Ta\u010du atkal k\u0101 t\u016brists teik\u0161u: plastmasas logi V\u0101cijas slaven\u0101kaj\u0101 viduslaiku mazpils\u0113t\u0101 Rotenburg\u0101 pie Tauberes patie\u0161\u0101m izskat\u012btos \u0161ausm\u012bgi, savuk\u0101rt \u0161\u0101das t\u0101das \u201cv\u0113sturisk\u0101s neatbilst\u012bbas\u201d Kolumbijas puebl\u0101s kop\u0113jo pils\u0113ti\u0146u atmosf\u0113ru tikpat k\u0101 neboj\u0101, jo katras zemes saimniecisk\u0101 tur\u012bba t\u016brista uztver\u0113 autom\u0101tiski izdara zin\u0101mas korekcijas. Tie, kuri \u0161o optiku main\u012bt nesp\u0113j un pasauli redz vienm\u0113r vien\u0101m un t\u0101m pa\u0161\u0101m ac\u012bm, uz \u0161\u012bm \u201catpaliku\u0161aj\u0101m\u201d zem\u0113m nebrauc. Neatkar\u012bgi no t\u0101, vai tur ir \u201caugsta l\u012bme\u0146a drosm\u012bga m\u0101ksla\u201d vai nav.<\/p>\n<p>T\u0101d\u0101m pils\u0113t\u0101m k\u0101 Liep\u0101ja, Kuld\u012bga un taml\u012bdz\u012bg\u0101m galvenais ir nesaboj\u0101t \u0161o \u201cv\u0113sturiski provinci\u0101lo\u201d pils\u0113tu \u0161armu ar ap\u0161aub\u0101ma l\u012bme\u0146a \u201cmodernisma\u201d elementiem, k\u0101 ir neatgriezeniski saboj\u0101tas t\u016bksto\u0161iem provinces pils\u0113tu vis\u0101 pasaul\u0113. T\u0101 pati Liep\u0101ja konkur\u0113 ar net\u0101lu eso\u0161o Palangu. Ir cilv\u0113ki, kuriem pat\u012bk Palangas balag\u0101niskais raibums un k\u0146ada, bet citiem pie sirds lab\u0101k iet Liep\u0101jas r\u0101mais miers. Ir labi, ka blakus eso\u0161as k\u016brortpils\u0113tas ir tik at\u0161\u0137ir\u012bgas. Katrs var izv\u0113l\u0113ties sev t\u012bkam\u0101ko.<\/p>\n<p>Var piekrist, ka Salma\u0146a vides objekts nek\u0101du palieko\u0161u kait\u0113jumu Liep\u0101jas provinci\u0101lajai omul\u012bbai nenodar\u012bs, toties R\u012bgas intelektu\u0101\u013cu m\u016b\u017e\u012bg\u0101 augstpr\u0101t\u012bba, nesatricin\u0101m\u0101 p\u0101rliec\u012bba, ka vi\u0146i zina lab\u0101k, kas vajadz\u012bgs pils\u0113tai, kur\u0101 vi\u0146i pa\u0161i nedz\u012bvo, gan nodara palieko\u0161u kait\u0113jumu vi\u0146iem pa\u0161iem. Kaut k\u0101 provinci\u0101li garlaic\u012bgi (iepriek\u0161paredzami) vi\u0146i izskat\u0101s.<\/p>\n<p>\t\t\t\t\t\tinfo<\/p>\n<p>Uzzini pirmais<br \/>kas interesants noticis Latvij\u0101 un pasaul\u0113,<br \/>pievienojoties mums <a href=\"https:\/\/t.me\/neatkariga\" rel=\"nofollow\">Telegram<\/a> vai <a href=\"https:\/\/whatsapp.com\/channel\/0029VaMLFUH5K3zLU5s4wm3y\" rel=\"nofollow noopener\" target=\"_blank\">Whatsapp<\/a> kan\u0101l\u0101<\/p>\n","protected":false},"excerpt":{"rendered":"Kad R\u012bgas \u201cintelektu\u0101\u013ci\u201d s\u0101k run\u0101t par provinci\u0101lismu, tad tas gandr\u012bz vienm\u0113r liek iek\u0161\u0113ji saspringt. L\u012bdz\u012bgi k\u0101 s\u0113\u017eot autobus\u0101,&hellip;\n","protected":false},"author":2,"featured_media":88566,"comment_status":"","ping_status":"","sticky":false,"template":"","format":"standard","meta":{"footnotes":""},"categories":[14],"tags":[23,57,28,29,32,33,22,30,31,35,39,38,36,37,34,40,20,26,27,24,25,54,55,56,21,58],"class_list":{"0":"post-88565","1":"post","2":"type-post","3":"status-publish","4":"format-standard","5":"has-post-thumbnail","7":"category-zinas-no-arvalstim","8":"tag-aktualitates","9":"tag-arvalstim","10":"tag-breaking-news","11":"tag-breakingnews","12":"tag-featured-news","13":"tag-featurednews","14":"tag-headlines","15":"tag-latest-news","16":"tag-latestnews","17":"tag-latvia","18":"tag-latvian","19":"tag-latviesu","20":"tag-latviesu-valoda","21":"tag-latviesuvaloda","22":"tag-latvija","23":"tag-lv","24":"tag-news","25":"tag-popularakas-zinas","26":"tag-popularakaszinas","27":"tag-top-stories","28":"tag-topstories","29":"tag-world","30":"tag-world-news","31":"tag-worldnews","32":"tag-zinas","33":"tag-zinas-no-arvalstim"},"share_on_mastodon":{"url":"https:\/\/pubeurope.com\/@lv\/115802474037396048","error":""},"_links":{"self":[{"href":"https:\/\/www.europesays.com\/lv\/wp-json\/wp\/v2\/posts\/88565","targetHints":{"allow":["GET"]}}],"collection":[{"href":"https:\/\/www.europesays.com\/lv\/wp-json\/wp\/v2\/posts"}],"about":[{"href":"https:\/\/www.europesays.com\/lv\/wp-json\/wp\/v2\/types\/post"}],"author":[{"embeddable":true,"href":"https:\/\/www.europesays.com\/lv\/wp-json\/wp\/v2\/users\/2"}],"replies":[{"embeddable":true,"href":"https:\/\/www.europesays.com\/lv\/wp-json\/wp\/v2\/comments?post=88565"}],"version-history":[{"count":0,"href":"https:\/\/www.europesays.com\/lv\/wp-json\/wp\/v2\/posts\/88565\/revisions"}],"wp:featuredmedia":[{"embeddable":true,"href":"https:\/\/www.europesays.com\/lv\/wp-json\/wp\/v2\/media\/88566"}],"wp:attachment":[{"href":"https:\/\/www.europesays.com\/lv\/wp-json\/wp\/v2\/media?parent=88565"}],"wp:term":[{"taxonomy":"category","embeddable":true,"href":"https:\/\/www.europesays.com\/lv\/wp-json\/wp\/v2\/categories?post=88565"},{"taxonomy":"post_tag","embeddable":true,"href":"https:\/\/www.europesays.com\/lv\/wp-json\/wp\/v2\/tags?post=88565"}],"curies":[{"name":"wp","href":"https:\/\/api.w.org\/{rel}","templated":true}]}}