{"id":88567,"date":"2025-12-29T10:51:08","date_gmt":"2025-12-29T10:51:08","guid":{"rendered":"https:\/\/www.europesays.com\/lv\/88567\/"},"modified":"2025-12-29T10:51:08","modified_gmt":"2025-12-29T10:51:08","slug":"ziemassvetku-brivdienas-latvija-notikusas-vairakas-tragedijas","status":"publish","type":"post","link":"https:\/\/www.europesays.com\/lv\/88567\/","title":{"rendered":"Ziemassv\u0113tku br\u012bvdien\u0101s Latvij\u0101 notiku\u0161as vair\u0101kas tra\u0123\u0113dijas"},"content":{"rendered":"<p class=\"descr\">Kopum\u0101 piecas Ziemassv\u0113tku br\u012bvdienas VUGD v\u0113rt\u0113 k\u0101 tra\u0123iskas, jo \u0161aj\u0101s dien\u0101s ugunsgr\u0113k\u0101 R\u0113zeknes novad\u0101 g\u0101ja boj\u0101 divi cilv\u0113ki, bet ugunsgr\u0113kos L\u012bv\u0101nos, R\u0113zeknes novad\u0101, Daugavpil\u012b un R\u012bg\u0101 kopum\u0101 cieta se\u0161i cilv\u0113ki, no kuriem piecus no sad\u016bmot\u0101m un dego\u0161\u0101m telp\u0101m izgl\u0101ba ugunsdz\u0113s\u0113ji gl\u0101b\u0113ji.<\/p>\n<p>Ceturtdien plkst. 8.48 <a href=\"https:\/\/nra.lv\/birka\/vugd\/\" target=\"_blank\" rel=\"noopener nofollow\">VUGD<\/a> sa\u0146\u0113ma inform\u0101ciju, ka R\u012bgas iel\u0101 L\u012bv\u0101nos no piecst\u0101vu dz\u012bvojam\u0101s m\u0101jas logiem n\u0101k d\u016bmi. Ierodoties notikuma viet\u0101, ugunsdz\u0113s\u0113ji gl\u0101b\u0113ji konstat\u0113ja, ka deg piekt\u0101 st\u0101va dz\u012bvoklis 40 m\u00b2 plat\u012bb\u0101 un uz balkona atrodas cilv\u0113ks. Ugunsdz\u0113s\u0113ji gl\u0101b\u0113ji izgl\u0101ba cilv\u0113ku, kur\u0161 ugunsgr\u0113k\u0101 bija cietis, un nodeva vi\u0146u NMPD medi\u0137iem. \u010cetri cilv\u0113ki no \u0113kas evaku\u0113j\u0101s pa\u0161u sp\u0113kiem pirms ugunsdz\u0113s\u0113ju gl\u0101b\u0113ju iera\u0161an\u0101s. Darbs notikuma viet\u0101 nosl\u0113dz\u0101s plkst. 11.41.<\/p>\n<p>Nakt\u012b uz piektdienu plkst. 4.53 ugunsdz\u0113s\u0113ji gl\u0101b\u0113ji sa\u0146\u0113ma izsaukumu uz R\u0113zeknes novadu, kur dz\u012bvojam\u0101 m\u0101j\u0101 bija izc\u0113lies <a href=\"https:\/\/nra.lv\/birka\/ugunsgreks\/\" target=\"_blank\" rel=\"noopener nofollow\">ugunsgr\u0113ks<\/a>. Ierodoties notikuma viet\u0101, ugunsdz\u0113s\u0113ji gl\u0101b\u0113ji konstat\u0113ja, ka dz\u012bvojam\u0101 m\u0101ja jau deg piln\u0101 105 m\u00b2 plat\u012bb\u0101 un tai ir iebrucis jumts. Pirms ugunsdz\u0113s\u0113ju gl\u0101b\u0113ju iera\u0161an\u0101s no \u0113kas evaku\u0113j\u0101s divi cilv\u0113ki, no kuriem viens ugunsgr\u0113k\u0101 cieta. Dz\u0113\u0161anas darbu laik\u0101 dz\u012bvojam\u0101 m\u0101j\u0101 atrasti divi boj\u0101g\u0101ju\u0161ie. Ugunsdz\u0113s\u0113ji gl\u0101b\u0113ji darbu notikuma viet\u0101 nosl\u0113dza plkst. 11.35.<\/p>\n<p>Piektdien neilgi p\u0113c devi\u0146iem no r\u012bta ugunsdz\u0113s\u0113ji gl\u0101b\u0113ji dev\u0101s uz M\u0101rkalnes ielu R\u012bg\u0101, kur piecst\u0101vu dz\u012bvojam\u0101s m\u0101jas tre\u0161\u0101 st\u0101va dz\u012bvokl\u012b dega sega un sadz\u012bves mantas 1 m\u00b2 plat\u012bb\u0101. No dego\u0161\u0101 dz\u012bvok\u013ca ugunsdz\u0113s\u0113ji gl\u0101b\u0113ji izgl\u0101ba cilv\u0113ku, kur\u0161 ugunsgr\u0113k\u0101 bija cietis, un nodeva <a href=\"https:\/\/nra.lv\/birka\/nmpd\/\" target=\"_blank\" rel=\"noopener nofollow\">NMPD<\/a> medi\u0137iem. Pirms ugunsdz\u0113s\u0113ju gl\u0101b\u0113ju iera\u0161an\u0101s no \u0113kas evaku\u0113j\u0101s \u010detri cilv\u0113ki, bet v\u0113l asto\u0146us evaku\u0113ja ugunsdz\u0113s\u0113ji gl\u0101b\u0113ji. Darbs notikuma viet\u0101 nosl\u0113dz\u0101s plkst. 10.03.<\/p>\n<p>Plkst. 12.39 sa\u0146emts izsaukums uz Ventspils ielu Daugavpil\u012b, kur piecst\u0101vu dz\u012bvojam\u0101s m\u0101jas otr\u0101 st\u0101va dz\u012bvok\u013ca virtuv\u0113 dega sadz\u012bves mantas 5 m\u00b2 plat\u012bb\u0101. Iek\u013c\u016bstot dego\u0161aj\u0101 dz\u012bvokl\u012b, ugunsdz\u0113s\u0113ji gl\u0101b\u0113ji taj\u0101 atrada un izgl\u0101ba cilv\u0113ku, kur\u0161 ugunsgr\u0113k\u0101 bija <a href=\"https:\/\/nra.lv\/birka\/cietusie\/\" target=\"_blank\" rel=\"noopener nofollow\">cietis,<\/a> un nodeva NMPD medi\u0137iem. Dz\u0113\u0161anas darbi nosl\u0113dz\u0101s plkst. 13.31.<\/p>\n<p>Vakar plkst. 14.49 sa\u0146emts izsaukums uz Kalna ielu R\u012bg\u0101, kur dega divst\u0101vu dz\u012bvojam\u0101s m\u0101jas otrais st\u0101vs 60 m\u00b2 plat\u012bb\u0101, starpst\u0101vu p\u0101rsegums 50 m\u00b2 plat\u012bb\u0101 un jumts 60 m\u00b2 plat\u012bb\u0101. Ugunsdz\u0113s\u0113ji gl\u0101b\u0113ji ar gl\u0101b\u0161anas mask\u0101m no <a href=\"https:\/\/nra.lv\/birka\/dumi\/\" target=\"_blank\" rel=\"noopener nofollow\">sad\u016bmot\u0101s<\/a> un dego\u0161\u0101s \u0113kas izgl\u0101ba divus cilv\u0113kus, kuri notikum\u0101 cieta. Pirms VUGD iera\u0161an\u0101s no \u0113kas evaku\u0113j\u0101s cilv\u0113ks. Deg\u0161ana likvid\u0113ta plkst. 18.33.<\/p>\n<p>VUGD ar\u012b papildus inform\u0113, ka otrdien no r\u012bta R\u0113zeknes novada Audri\u0146u pagast\u0101 ugunsdz\u0113s\u0113ji gl\u0101b\u0113ji no d\u012b\u0137a izc\u0113la <a href=\"https:\/\/nra.lv\/birka\/bojagajusie\/\" target=\"_blank\" rel=\"noopener nofollow\">boj\u0101g\u0101ju\u0161o<\/a> un nog\u0101d\u0101ja krast\u0101. <br \/>Plkst. 9.30 sa\u0146emts izsaukums uz M\u0101rupes novada M\u0101rupi, kur vienst\u0101va dz\u012bvojam\u0101 m\u0101j\u0101 dega sadz\u012bves mantas un elektroinstal\u0101cija 3 m\u00b2 plat\u012bb\u0101. Ugunsgr\u0113k\u0101 cieta cilv\u0113ks. Ugunsdz\u0113s\u0113ji gl\u0101b\u0113ji darbu notikuma viet\u0101 nosl\u0113dza plkst. 10.52.<\/p>\n<p>Plkst. 21.45 sa\u0146emta inform\u0101cija, ka Valmieras novad\u0101 deg divst\u0101vu dz\u012bvojam\u0101 m\u0101ja. Ierodoties notikuma viet\u0101, ugunsdz\u0113s\u0113ji gl\u0101b\u0113ji konstat\u0113ja, ka \u0113ka deg 130 m\u00b2 plat\u012bb\u0101. No dego\u0161\u0101s \u0113kas izgl\u0101bts viens cilv\u0113ks, kur\u0161 <a href=\"https:\/\/nra.lv\/birka\/negadijums\/\" target=\"_blank\" rel=\"noopener nofollow\">negad\u012bjum\u0101<\/a> ar\u012b cieta, bet v\u0113l viens g\u0101ja boj\u0101. Tr\u012bs cilv\u0113ki no \u0113kas evaku\u0113j\u0101s pa\u0161u sp\u0113kiem. Dz\u0113\u0161anas darbi nosl\u0113dz\u0101s plkst. 4.05, un tajos piedal\u012bj\u0101s ar\u012b Renc\u0113nu un \u0112veles br\u012bvpr\u0101t\u012bgie ugunsdz\u0113s\u0113ji.<\/p>\n<p>\t\t\t\t\t\tinfo<\/p>\n<p>Uzzini pirmais<br \/>kas interesants noticis Latvij\u0101 un pasaul\u0113,<br \/>pievienojoties mums <a href=\"https:\/\/t.me\/neatkariga\" rel=\"nofollow\">Telegram<\/a> vai <a href=\"https:\/\/whatsapp.com\/channel\/0029VaMLFUH5K3zLU5s4wm3y\" rel=\"nofollow noopener\" target=\"_blank\">Whatsapp<\/a> kan\u0101l\u0101<\/p>\n","protected":false},"excerpt":{"rendered":"Kopum\u0101 piecas Ziemassv\u0113tku br\u012bvdienas VUGD v\u0113rt\u0113 k\u0101 tra\u0123iskas, jo \u0161aj\u0101s dien\u0101s ugunsgr\u0113k\u0101 R\u0113zeknes novad\u0101 g\u0101ja boj\u0101 divi cilv\u0113ki,&hellip;\n","protected":false},"author":2,"featured_media":88568,"comment_status":"","ping_status":"","sticky":false,"template":"","format":"standard","meta":{"footnotes":""},"categories":[12],"tags":[23,28,29,32,33,22,30,31,35,39,38,36,37,34,40,20,26,27,24,25,21],"class_list":{"0":"post-88567","1":"post","2":"type-post","3":"status-publish","4":"format-standard","5":"has-post-thumbnail","7":"category-latvija","8":"tag-aktualitates","9":"tag-breaking-news","10":"tag-breakingnews","11":"tag-featured-news","12":"tag-featurednews","13":"tag-headlines","14":"tag-latest-news","15":"tag-latestnews","16":"tag-latvia","17":"tag-latvian","18":"tag-latviesu","19":"tag-latviesu-valoda","20":"tag-latviesuvaloda","21":"tag-latvija","22":"tag-lv","23":"tag-news","24":"tag-popularakas-zinas","25":"tag-popularakaszinas","26":"tag-top-stories","27":"tag-topstories","28":"tag-zinas"},"share_on_mastodon":{"url":"https:\/\/pubeurope.com\/@lv\/115802477908739696","error":""},"_links":{"self":[{"href":"https:\/\/www.europesays.com\/lv\/wp-json\/wp\/v2\/posts\/88567","targetHints":{"allow":["GET"]}}],"collection":[{"href":"https:\/\/www.europesays.com\/lv\/wp-json\/wp\/v2\/posts"}],"about":[{"href":"https:\/\/www.europesays.com\/lv\/wp-json\/wp\/v2\/types\/post"}],"author":[{"embeddable":true,"href":"https:\/\/www.europesays.com\/lv\/wp-json\/wp\/v2\/users\/2"}],"replies":[{"embeddable":true,"href":"https:\/\/www.europesays.com\/lv\/wp-json\/wp\/v2\/comments?post=88567"}],"version-history":[{"count":0,"href":"https:\/\/www.europesays.com\/lv\/wp-json\/wp\/v2\/posts\/88567\/revisions"}],"wp:featuredmedia":[{"embeddable":true,"href":"https:\/\/www.europesays.com\/lv\/wp-json\/wp\/v2\/media\/88568"}],"wp:attachment":[{"href":"https:\/\/www.europesays.com\/lv\/wp-json\/wp\/v2\/media?parent=88567"}],"wp:term":[{"taxonomy":"category","embeddable":true,"href":"https:\/\/www.europesays.com\/lv\/wp-json\/wp\/v2\/categories?post=88567"},{"taxonomy":"post_tag","embeddable":true,"href":"https:\/\/www.europesays.com\/lv\/wp-json\/wp\/v2\/tags?post=88567"}],"curies":[{"name":"wp","href":"https:\/\/api.w.org\/{rel}","templated":true}]}}