{"id":88612,"date":"2025-12-29T11:20:14","date_gmt":"2025-12-29T11:20:14","guid":{"rendered":"https:\/\/www.europesays.com\/lv\/88612\/"},"modified":"2025-12-29T11:20:14","modified_gmt":"2025-12-29T11:20:14","slug":"sieviete-viena-diena-nogalina-divus-bijusos-virus","status":"publish","type":"post","link":"https:\/\/www.europesays.com\/lv\/88612\/","title":{"rendered":"Sieviete vien\u0101 dien\u0101 nogalina divus biju\u0161os v\u012brus"},"content":{"rendered":"<p class=\"descr\">\u00a0Viena no d\u012bvain\u0101kaj\u0101m un reiz\u0113 bais\u0101kaj\u0101m decembra pasaules krimin\u0101lzi\u0146\u0101m ir no ASV Floridas \u0161tata.<\/p>\n<p>S\u016bzena Erika Avalona tika arest\u0113ta 18. decembr\u012b aps\u016bdz\u012bb\u0101 par otr\u0101s pak\u0101pes slepkav\u012bbu vien\u0101 no slepkav\u012bb\u0101m, zi\u0146oja Manat\u012b apgabala \u0161erifa birojs. \u0160aj\u0101 liet\u0101 ir gaid\u0101mas v\u0113l citas aps\u016bdz\u012bbas un v\u0113l viena slepkav\u012bbas izmekl\u0113\u0161ana, zi\u0146o USA Today. Nav skaidrs, vai vi\u0146ai ir nodro\u0161in\u0101ta juridisk\u0101 p\u0101rst\u0101v\u012bba. Manat\u012b apgabala \u0161erifs Riks Velss sac\u012bja, ka ties\u012bbsarg\u0101jo\u0161\u0101s iest\u0101des pirmo reizi tika inform\u0113tas par ap\u0161audi m\u0101j\u0101 tre\u0161dien, 17. decembr\u012b, ap plkst. 15.00. Tur vi\u0146i atrada 54 gadus vecu v\u012brieti, kur\u0161 bija sa\u0161auts divreiz.<\/p>\n<p>V\u012brietis tika steidzami nog\u0101d\u0101ts viet\u0113j\u0101 slimn\u012bc\u0101, kur v\u0113l\u0101k nomira. Pirms n\u0101ves v\u012brietis izmekl\u0113t\u0101jiem past\u0101st\u012bja, ka \u0161\u0101v\u0113js &#8220;iesp\u0113jams, bija mana bijus\u012b sieva&#8221;. Vi\u0146\u0161 ar\u012b teica, ka vi\u0146\u0161 tika sa\u0161auts, atverot \u0101rdurvis. Velss sac\u012bja, ka v\u012brie\u0161a 15 gadus vec\u0101 meita atrad\u0101s tur ap\u0161audes laik\u0101 un dzird\u0113ja \u0161\u0101vienus. Meita, kuras m\u0101ti amatpersonas identific\u0113ja k\u0101 Avalonu, paskat\u012bj\u0101s pa logu un redz\u0113ja, k\u0101 persona pel\u0113k\u0101 sporta krekl\u0101 un mask\u0101 iek\u0101pj sudrabain\u0101 automa\u0161\u012bn\u0101 un aizbrauc. Izmekl\u0113t\u0101jiem izdev\u0101s izsekot automa\u0161\u012bnu un n\u0101kamaj\u0101 dien\u0101 ierad\u0101s Avalonas m\u0101j\u0101s. Velsa sac\u012bja, ka pie vi\u0146as m\u0101jas \u0161erifa pal\u012bgi redz\u0113ja Avalonu t\u012br\u0101m vi\u0146as automa\u0161\u012bnas salonu ar balin\u0101t\u0101ju un citiem t\u012br\u012b\u0161anas l\u012bdzek\u013ciem. Velss sac\u012bja, ka izmekl\u0113t\u0101ji v\u0113rs\u0101s pie Avalonas un teica, ka v\u0113las ar vi\u0146u run\u0101t par vi\u0146as biju\u0161o v\u012bru. &#8220;Par kuru no v\u012briem?&#8221; vi\u0146a jaut\u0101jusi. Dr\u012bz vien izmekl\u0113t\u0101ji saprata, ka Avalonai ir otrs biju\u0161ais v\u012brs, kur\u0161 dz\u012bvo Tampas apgabal\u0101. \u0160erifa pal\u012bgi sazin\u0101j\u0101s ar Tampas policijas departamentu, kas nekav\u0113joties nos\u016bt\u012bja policistus uz v\u012brie\u0161a m\u0101j\u0101m Hilsboro apgabal\u0101. Iek\u0161\u0101 vi\u0146i atrada vi\u0146u no\u0161autu. Velss sac\u012bja, ka izmekl\u0113t\u0101ji uzskata, ka vi\u0146a atst\u0101ja savas m\u0101jas Citrusas apgabal\u0101, aizbrauca uz Hilsboro apgabalu, nogalin\u0101ja savu otro biju\u0161o v\u012bru un p\u0113c tam aizbrauca uz Manat\u012b apgabalu, kur tika no\u0161auts vi\u0146as pirmais biju\u0161ais v\u012brs. Amatpersonas neatkl\u0101ja mot\u012bvu, bet pazi\u0146oja, ka Avalona ir par\u0101d\u0101 t\u016bksto\u0161iem dol\u0101ru uzturl\u012bdzek\u013cu savam 54 gadus vecajam biju\u0161ajam v\u012bram.<\/p>\n<p>Abi iz\u0161\u0137\u012br\u0101s pirms vair\u0101k nek\u0101 desmit gadiem, piebilda Velss. Manat\u012b apgabala un Tampas policijas departaments sadarbojas div\u0101s atsevi\u0161\u0137\u0101s slepkav\u012bbas izmekl\u0113\u0161an\u0101s, sac\u012bja Velss. Lai gan tika izvirz\u012btas aps\u016bdz\u012bbas par otr\u0101s pak\u0101pes slepkav\u012bbu, Velss sac\u012bja, ka vi\u0146\u0161 sagaida, ka prokurori sasauks lielo \u017e\u016briju un piepras\u012bs aps\u016bdz\u012bbu par pirm\u0101s pak\u0101pes slepkav\u012bbu, par ko, iesp\u0113jams, piespriestu n\u0101vessodu. &#8220;M\u0113s uzskat\u0101m, ka tas bija iepriek\u0161 pl\u0101nots,&#8221; vi\u0146\u0161 teica. &#8220;Vi\u0146a zin\u0101ja, ko dara. Vi\u0146a ierad\u0101s \u0161eit, lai nogalin\u0101tu savu biju\u0161o v\u012bru.&#8221;<\/p>\n<p>\t\t\t\t\t\tinfo<\/p>\n<p>Uzzini pirmais<br \/>kas interesants noticis Latvij\u0101 un pasaul\u0113,<br \/>pievienojoties mums <a href=\"https:\/\/t.me\/neatkariga\" rel=\"nofollow\">Telegram<\/a> vai <a href=\"https:\/\/whatsapp.com\/channel\/0029VaMLFUH5K3zLU5s4wm3y\" rel=\"nofollow noopener\" target=\"_blank\">Whatsapp<\/a> kan\u0101l\u0101<\/p>\n","protected":false},"excerpt":{"rendered":"\u00a0Viena no d\u012bvain\u0101kaj\u0101m un reiz\u0113 bais\u0101kaj\u0101m decembra pasaules krimin\u0101lzi\u0146\u0101m ir no ASV Floridas \u0161tata. S\u016bzena Erika Avalona tika&hellip;\n","protected":false},"author":2,"featured_media":88613,"comment_status":"","ping_status":"","sticky":false,"template":"","format":"standard","meta":{"footnotes":""},"categories":[14],"tags":[23,57,28,29,32,33,22,30,31,35,39,38,36,37,34,40,20,26,27,24,25,54,55,56,21,58],"class_list":{"0":"post-88612","1":"post","2":"type-post","3":"status-publish","4":"format-standard","5":"has-post-thumbnail","7":"category-zinas-no-arvalstim","8":"tag-aktualitates","9":"tag-arvalstim","10":"tag-breaking-news","11":"tag-breakingnews","12":"tag-featured-news","13":"tag-featurednews","14":"tag-headlines","15":"tag-latest-news","16":"tag-latestnews","17":"tag-latvia","18":"tag-latvian","19":"tag-latviesu","20":"tag-latviesu-valoda","21":"tag-latviesuvaloda","22":"tag-latvija","23":"tag-lv","24":"tag-news","25":"tag-popularakas-zinas","26":"tag-popularakaszinas","27":"tag-top-stories","28":"tag-topstories","29":"tag-world","30":"tag-world-news","31":"tag-worldnews","32":"tag-zinas","33":"tag-zinas-no-arvalstim"},"share_on_mastodon":{"url":"https:\/\/pubeurope.com\/@lv\/115802591945281751","error":""},"_links":{"self":[{"href":"https:\/\/www.europesays.com\/lv\/wp-json\/wp\/v2\/posts\/88612","targetHints":{"allow":["GET"]}}],"collection":[{"href":"https:\/\/www.europesays.com\/lv\/wp-json\/wp\/v2\/posts"}],"about":[{"href":"https:\/\/www.europesays.com\/lv\/wp-json\/wp\/v2\/types\/post"}],"author":[{"embeddable":true,"href":"https:\/\/www.europesays.com\/lv\/wp-json\/wp\/v2\/users\/2"}],"replies":[{"embeddable":true,"href":"https:\/\/www.europesays.com\/lv\/wp-json\/wp\/v2\/comments?post=88612"}],"version-history":[{"count":0,"href":"https:\/\/www.europesays.com\/lv\/wp-json\/wp\/v2\/posts\/88612\/revisions"}],"wp:featuredmedia":[{"embeddable":true,"href":"https:\/\/www.europesays.com\/lv\/wp-json\/wp\/v2\/media\/88613"}],"wp:attachment":[{"href":"https:\/\/www.europesays.com\/lv\/wp-json\/wp\/v2\/media?parent=88612"}],"wp:term":[{"taxonomy":"category","embeddable":true,"href":"https:\/\/www.europesays.com\/lv\/wp-json\/wp\/v2\/categories?post=88612"},{"taxonomy":"post_tag","embeddable":true,"href":"https:\/\/www.europesays.com\/lv\/wp-json\/wp\/v2\/tags?post=88612"}],"curies":[{"name":"wp","href":"https:\/\/api.w.org\/{rel}","templated":true}]}}