{"id":88616,"date":"2025-12-29T11:22:07","date_gmt":"2025-12-29T11:22:07","guid":{"rendered":"https:\/\/www.europesays.com\/lv\/88616\/"},"modified":"2025-12-29T11:22:07","modified_gmt":"2025-12-29T11:22:07","slug":"miris-virsprokurors-sabanskis","status":"publish","type":"post","link":"https:\/\/www.europesays.com\/lv\/88616\/","title":{"rendered":"Miris virsprokurors \u0160abanskis"},"content":{"rendered":"<p>Prokurat\u016bra izsaka visdzi\u013c\u0101ko l\u012bdzj\u016bt\u012bbu \u0123imenei, tuviniekiem, draugiem un biju\u0161ajiem kol\u0113\u0123iem.<\/p>\n<p>\u0160abanskis dzimis 1937. gada 31. janv\u0101r\u012b. Str\u0101d\u0101jis par advok\u0101tu un tiesnesi, l\u012bdz 1975. gad\u0101 uzs\u0101ka darba gaitas prokurat\u016br\u0101.<\/p>\n<p>\u0160abanskis 1990. gad\u0101 akt\u012bvi piedal\u012bj\u0101s Latvijas prokurat\u016bras izveido\u0161an\u0101 un tika iecelts Ties\u0101 izskat\u0101mo lietu p\u0101rvaldes priek\u0161nieka amat\u0101.<\/p>\n<p>1994. gad\u0101 vi\u0146u iec\u0113la par \u0122ener\u0101lprokurat\u016bras Krimin\u0101ltiesisk\u0101 departamenta virsprokuroru. Vienlaic\u012bgi vi\u0146\u0161 pild\u012bja ar\u012b \u0123ener\u0101lprokurora vietnieka pien\u0101kumus. P\u0113c pa\u0161a izteikt\u0101s v\u0113l\u0113\u0161an\u0101s darba tiesisk\u0101s attiec\u012bbas ar prokurat\u016bru \u0160abanskis izbeidza 2000. gad\u0101.<\/p>\n<p>1997. gad\u0101 \u0160abanskis apbalvots ar Triju zvaig\u017e\u0146u orde\u0146a pirm\u0101s pak\u0101pes goda z\u012bmi.<\/p>\n","protected":false},"excerpt":{"rendered":"Prokurat\u016bra izsaka visdzi\u013c\u0101ko l\u012bdzj\u016bt\u012bbu \u0123imenei, tuviniekiem, draugiem un biju\u0161ajiem kol\u0113\u0123iem. \u0160abanskis dzimis 1937. gada 31. janv\u0101r\u012b. Str\u0101d\u0101jis par&hellip;\n","protected":false},"author":2,"featured_media":88615,"comment_status":"","ping_status":"","sticky":false,"template":"","format":"standard","meta":{"footnotes":""},"categories":[5],"tags":[23,28,29,32,33,22,2161,30,31,35,39,38,36,37,34,40,20,26,27,24,25,21],"class_list":{"0":"post-88616","1":"post","2":"type-post","3":"status-publish","4":"format-standard","5":"has-post-thumbnail","7":"category-aktualitates","8":"tag-aktualitates","9":"tag-breaking-news","10":"tag-breakingnews","11":"tag-featured-news","12":"tag-featurednews","13":"tag-headlines","14":"tag-in-memoriam","15":"tag-latest-news","16":"tag-latestnews","17":"tag-latvia","18":"tag-latvian","19":"tag-latviesu","20":"tag-latviesu-valoda","21":"tag-latviesuvaloda","22":"tag-latvija","23":"tag-lv","24":"tag-news","25":"tag-popularakas-zinas","26":"tag-popularakaszinas","27":"tag-top-stories","28":"tag-topstories","29":"tag-zinas"},"share_on_mastodon":{"url":"https:\/\/pubeurope.com\/@lv\/115802599757861188","error":""},"_links":{"self":[{"href":"https:\/\/www.europesays.com\/lv\/wp-json\/wp\/v2\/posts\/88616","targetHints":{"allow":["GET"]}}],"collection":[{"href":"https:\/\/www.europesays.com\/lv\/wp-json\/wp\/v2\/posts"}],"about":[{"href":"https:\/\/www.europesays.com\/lv\/wp-json\/wp\/v2\/types\/post"}],"author":[{"embeddable":true,"href":"https:\/\/www.europesays.com\/lv\/wp-json\/wp\/v2\/users\/2"}],"replies":[{"embeddable":true,"href":"https:\/\/www.europesays.com\/lv\/wp-json\/wp\/v2\/comments?post=88616"}],"version-history":[{"count":0,"href":"https:\/\/www.europesays.com\/lv\/wp-json\/wp\/v2\/posts\/88616\/revisions"}],"wp:featuredmedia":[{"embeddable":true,"href":"https:\/\/www.europesays.com\/lv\/wp-json\/wp\/v2\/media\/88615"}],"wp:attachment":[{"href":"https:\/\/www.europesays.com\/lv\/wp-json\/wp\/v2\/media?parent=88616"}],"wp:term":[{"taxonomy":"category","embeddable":true,"href":"https:\/\/www.europesays.com\/lv\/wp-json\/wp\/v2\/categories?post=88616"},{"taxonomy":"post_tag","embeddable":true,"href":"https:\/\/www.europesays.com\/lv\/wp-json\/wp\/v2\/tags?post=88616"}],"curies":[{"name":"wp","href":"https:\/\/api.w.org\/{rel}","templated":true}]}}