{"id":88621,"date":"2025-12-29T11:26:17","date_gmt":"2025-12-29T11:26:17","guid":{"rendered":"https:\/\/www.europesays.com\/lv\/88621\/"},"modified":"2025-12-29T11:26:17","modified_gmt":"2025-12-29T11:26:17","slug":"ep-nosoda-baltkrieviju-par-hibriduzbrukumiem-lietuvai-un-es","status":"publish","type":"post","link":"https:\/\/www.europesays.com\/lv\/88621\/","title":{"rendered":"EP nosoda Baltkrieviju par hibr\u012bduzbrukumiem Lietuvai un ES"},"content":{"rendered":"<p>Deput\u0101ti pau\u017e piln\u012bgu solidarit\u0101ti ar Lietuvu un atbalsta t\u0101s ties\u012bbas veikt sam\u0113r\u012bgus aizsardz\u012bbas pas\u0101kumus. Vi\u0146i pieprasa Baltkrievijai izbeigt visas hibr\u012bddarb\u012bbas pret Lietuvu, atbr\u012bvot aiztur\u0113tos Eiropas p\u0101rvad\u0101t\u0101jus un to \u012bpa\u0161umu, kompens\u0113t rad\u012btos finansi\u0101los zaud\u0113jumus un nodro\u0161in\u0101t avi\u0101cijas un robe\u017e\u0161\u0137\u0113rso\u0161anas dro\u0161\u012bbu. Deput\u0101ti kritiz\u0113 nekoordin\u0113tu ASV l\u0113mumu da\u013c\u0113ji atcelt sankcijas pret Baltkrieviju un atk\u0101rtoti uzsver, ka ES neatz\u012bst diktatora Aleksandra Luka\u0161enko le\u0123itimit\u0101ti.<\/p>\n<p>Deput\u0101ti aicina ES dal\u012bbvalstis ES Padom\u0113 noteikt papildu sankcijas Baltkrievijas amatperson\u0101m, valstij piedero\u0161\u0101m un priv\u0101t\u0101m strukt\u016br\u0101m un person\u0101m, kas iesaist\u012btas dronu ra\u017eo\u0161an\u0101 un pielieto\u0161an\u0101, k\u0101 ar\u012b cit\u0101s hibr\u012bdoper\u0101cij\u0101s, kas v\u0113rstas pret kritisko infrastrukt\u016bru, saimniecisko darb\u012bbu un demokr\u0101tiskaj\u0101m iest\u0101d\u0113m.<\/p>\n<p>Rezol\u016bcijas tekst\u0101 aicin\u0101ts pastiprin\u0101t ES un NATO sadarb\u012bbu gaisa telpas dro\u0161\u012bbas jom\u0101 un r\u012bkoties, lai nov\u0113rstu hibr\u012bddraudus, uzlabotu gaisa telpas uzraudz\u012bbu un dronu apkaro\u0161anas sp\u0113jas, uzlabotu izl\u016bkdatu apmai\u0146u un palielin\u0101tu ieguld\u012bjumus ES austrumu robe\u017eas dro\u0161\u012bb\u0101 un kritiskaj\u0101 infrastrukt\u016br\u0101.<\/p>\n<p>Deput\u0101ti atbalsta jaunas ES iniciat\u012bvas, piem\u0113ram, Eiropas Dronu aizsardz\u012bbas iniciat\u012bvu un austrumu flanga sardzes iniciat\u012bvu, un uzsver, ka ir vajadz\u012bga cie\u0161\u0101ka ES sadarb\u012bba ar Ukrainu dronu tehnolo\u0123iju, dronu apkaro\u0161anas sist\u0113mu, kiberaizsardz\u012bbas un hibr\u012bddraudu notur\u012bbas jom\u0101. EP deput\u0101ti uzsver, ka ES ir j\u0101apkaro Baltkrievijas dezinform\u0101cija, j\u0101pan\u0101k starptautiska atbild\u012bba par Baltkrievijas darb\u012bb\u0101m un j\u0101stiprina sabiedr\u012bbas notur\u012bba vis\u0101 ES.<\/p>\n","protected":false},"excerpt":{"rendered":"Deput\u0101ti pau\u017e piln\u012bgu solidarit\u0101ti ar Lietuvu un atbalsta t\u0101s ties\u012bbas veikt sam\u0113r\u012bgus aizsardz\u012bbas pas\u0101kumus. Vi\u0146i pieprasa Baltkrievijai izbeigt&hellip;\n","protected":false},"author":2,"featured_media":45512,"comment_status":"","ping_status":"","sticky":false,"template":"","format":"standard","meta":{"footnotes":""},"categories":[14],"tags":[23,57,2416,28,29,32,33,22,1571,74,30,31,35,39,38,36,37,34,1464,40,20,26,27,24,25,54,55,56,21,58],"class_list":{"0":"post-88621","1":"post","2":"type-post","3":"status-publish","4":"format-standard","5":"has-post-thumbnail","7":"category-zinas-no-arvalstim","8":"tag-aktualitates","9":"tag-arvalstim","10":"tag-baltkrievija","11":"tag-breaking-news","12":"tag-breakingnews","13":"tag-featured-news","14":"tag-featurednews","15":"tag-headlines","16":"tag-hibridkars","17":"tag-krievijas-iebrukums-ukraina","18":"tag-latest-news","19":"tag-latestnews","20":"tag-latvia","21":"tag-latvian","22":"tag-latviesu","23":"tag-latviesu-valoda","24":"tag-latviesuvaloda","25":"tag-latvija","26":"tag-lietuva","27":"tag-lv","28":"tag-news","29":"tag-popularakas-zinas","30":"tag-popularakaszinas","31":"tag-top-stories","32":"tag-topstories","33":"tag-world","34":"tag-world-news","35":"tag-worldnews","36":"tag-zinas","37":"tag-zinas-no-arvalstim"},"share_on_mastodon":{"url":"https:\/\/pubeurope.com\/@lv\/115802615538870294","error":""},"_links":{"self":[{"href":"https:\/\/www.europesays.com\/lv\/wp-json\/wp\/v2\/posts\/88621","targetHints":{"allow":["GET"]}}],"collection":[{"href":"https:\/\/www.europesays.com\/lv\/wp-json\/wp\/v2\/posts"}],"about":[{"href":"https:\/\/www.europesays.com\/lv\/wp-json\/wp\/v2\/types\/post"}],"author":[{"embeddable":true,"href":"https:\/\/www.europesays.com\/lv\/wp-json\/wp\/v2\/users\/2"}],"replies":[{"embeddable":true,"href":"https:\/\/www.europesays.com\/lv\/wp-json\/wp\/v2\/comments?post=88621"}],"version-history":[{"count":0,"href":"https:\/\/www.europesays.com\/lv\/wp-json\/wp\/v2\/posts\/88621\/revisions"}],"wp:featuredmedia":[{"embeddable":true,"href":"https:\/\/www.europesays.com\/lv\/wp-json\/wp\/v2\/media\/45512"}],"wp:attachment":[{"href":"https:\/\/www.europesays.com\/lv\/wp-json\/wp\/v2\/media?parent=88621"}],"wp:term":[{"taxonomy":"category","embeddable":true,"href":"https:\/\/www.europesays.com\/lv\/wp-json\/wp\/v2\/categories?post=88621"},{"taxonomy":"post_tag","embeddable":true,"href":"https:\/\/www.europesays.com\/lv\/wp-json\/wp\/v2\/tags?post=88621"}],"curies":[{"name":"wp","href":"https:\/\/api.w.org\/{rel}","templated":true}]}}