{"id":88624,"date":"2025-12-29T11:28:08","date_gmt":"2025-12-29T11:28:08","guid":{"rendered":"https:\/\/www.europesays.com\/lv\/88624\/"},"modified":"2025-12-29T11:28:08","modified_gmt":"2025-12-29T11:28:08","slug":"kauperam-pistole-pie-deniniem-porzingis-ar-roziti-un-magones-divas-stripinas-karstakie-notikumi-slavenibu-dzives","status":"publish","type":"post","link":"https:\/\/www.europesays.com\/lv\/88624\/","title":{"rendered":"Kauperam pistole pie deni\u0146iem, Porzi\u0146\u0123is ar Roz\u012bti un Magones \u201cdivas str\u012bpi\u0146as\u201d: karst\u0101kie notikumi slaven\u012bbu dz\u012bv\u0113s"},"content":{"rendered":"<p>    <img decoding=\"async\" src=\"https:\/\/www.europesays.com\/lv\/wp-content\/uploads\/2025\/12\/FotoJet-2-3-1024x690.jpg\" alt=\"&#10;\"\/><\/p>\n<p>13:11, 29. decembris 2025<\/p>\n<p>Gada nogal\u0113 atskat\u0101mies uz aizg\u0101ju\u0161\u0101 gada ska\u013c\u0101kajiem un svar\u012bg\u0101kajiem notikumiem. Protams, ka politika, kar\u0161 un nodok\u013cu izmai\u0146as ir svar\u012bgas, bet b\u016bsim atkl\u0101ti, ne maz\u0101k las\u012btas ir slaven\u012bbu dz\u012bves likstas un nedienas. Kuri tad ir biju\u0161i pag\u0101ju\u0161\u0101 gada las\u012bt\u0101kie un svar\u012bg\u0101kie notikumi viet\u0113jo slaven\u012bbu dz\u012bv\u0113? <\/p>\n<p>        Las\u012bt\u0101kie<br \/>\n        <a data-imagesrc=\"{&quot;300&quot;:&quot;https:\\\/\\\/lastatic.ams3.cdn.digitaloceanspaces.com\\\/2017\\\/12\\\/jaunais-300x200.jpg&quot;,&quot;768&quot;:&quot;https:\\\/\\\/lastatic.ams3.cdn.digitaloceanspaces.com\\\/2017\\\/12\\\/jaunais-768x512.jpg&quot;,&quot;80&quot;:&quot;https:\\\/\\\/lastatic.ams3.cdn.digitaloceanspaces.com\\\/2017\\\/12\\\/jaunais-80x48.jpg&quot;,&quot;112&quot;:&quot;https:\\\/\\\/lastatic.ams3.cdn.digitaloceanspaces.com\\\/2017\\\/12\\\/jaunais-112x64.jpg&quot;,&quot;664&quot;:&quot;https:\\\/\\\/lastatic.ams3.cdn.digitaloceanspaces.com\\\/2017\\\/12\\\/jaunais-664x443.jpg&quot;,&quot;240&quot;:&quot;https:\\\/\\\/lastatic.ams3.cdn.digitaloceanspaces.com\\\/2017\\\/12\\\/jaunais-240x160.jpg&quot;,&quot;263&quot;:&quot;https:\\\/\\\/lastatic.ams3.cdn.digitaloceanspaces.com\\\/2017\\\/12\\\/jaunais-263x175.jpg&quot;,&quot;507&quot;:&quot;https:\\\/\\\/lastatic.ams3.cdn.digitaloceanspaces.com\\\/2017\\\/12\\\/jaunais-507x338.jpg&quot;,&quot;118&quot;:&quot;https:\\\/\\\/lastatic.ams3.cdn.digitaloceanspaces.com\\\/2017\\\/12\\\/jaunais-118x70.jpg&quot;,&quot;348&quot;:&quot;https:\\\/\\\/lastatic.ams3.cdn.digitaloceanspaces.com\\\/2017\\\/12\\\/jaunais-348x225.jpg&quot;,&quot;640&quot;:&quot;https:\\\/\\\/lastatic.ams3.cdn.digitaloceanspaces.com\\\/2017\\\/12\\\/jaunais-640x640.jpg&quot;,&quot;90&quot;:&quot;https:\\\/\\\/lastatic.ams3.cdn.digitaloceanspaces.com\\\/2017\\\/12\\\/jaunais-90x58.jpg&quot;,&quot;960&quot;:&quot;https:\\\/\\\/lastatic.ams3.cdn.digitaloceanspaces.com\\\/2017\\\/12\\\/jaunais.jpg&quot;}\" data-focuspoint=\"&quot;&quot;\" data-p=\"2477013\" href=\"https:\/\/www.la.lv\/ko-vilkt-mugura-sagaidot-uguniga-zirga-gadu-padomi-katrai-zodiaka-zimei-lai-piesaistitu-veiksmi-un-harmoniju\" class=\"content-item lazy-load\" wp_automatic_readability=\"27.5\" rel=\"nofollow noopener\" target=\"_blank\"><\/p>\n<p>                                <img decoding=\"async\" src=\"\" alt=\"\" style=\"\" data-imageid=\"\"\/><\/p>\n<p>                                Kokteilis<\/p>\n<p>\n                                                Ko vilkt mugur\u0101, sagaidot Ugun\u012bg\u0101 Zirga gadu? Padomi katrai zodiaka z\u012bmei, lai piesaist\u012btu veiksmi un harmoniju\n                            <\/p>\n<p><\/a><a data-imagesrc=\"{&quot;300&quot;:&quot;https:\\\/\\\/lastatic.ams3.cdn.digitaloceanspaces.com\\\/2025\\\/12\\\/1-29-300x188.png&quot;,&quot;1024&quot;:&quot;https:\\\/\\\/lastatic.ams3.cdn.digitaloceanspaces.com\\\/2025\\\/12\\\/1-29-1024x640.png&quot;,&quot;1536&quot;:&quot;https:\\\/\\\/lastatic.ams3.cdn.digitaloceanspaces.com\\\/2025\\\/12\\\/1-29-1536x960.png&quot;,&quot;500&quot;:&quot;https:\\\/\\\/lastatic.ams3.cdn.digitaloceanspaces.com\\\/2025\\\/12\\\/1-29-500x313.png&quot;,&quot;800&quot;:&quot;https:\\\/\\\/lastatic.ams3.cdn.digitaloceanspaces.com\\\/2025\\\/12\\\/1-29-800x500.png&quot;,&quot;1600&quot;:&quot;https:\\\/\\\/lastatic.ams3.cdn.digitaloceanspaces.com\\\/2025\\\/12\\\/1-29.png&quot;}\" data-focuspoint=\"&quot;&quot;\" data-p=\"2479280\" href=\"https:\/\/www.la.lv\/kadi-notikumi-2026-gada-satricinas-latviju-maksligais-intelekta-paregojums-par-politikiem-ir-ipasi-intrigejoss\" class=\"content-item lazy-load\" wp_automatic_readability=\"26.5\" rel=\"nofollow noopener\" target=\"_blank\"><\/p>\n<p>                                <img decoding=\"async\" src=\"\" alt=\"\" style=\"\" data-imageid=\"\"\/><\/p>\n<p>                                Kokteilis<\/p>\n<p>\n                                                K\u0101di notikumi 2026. gad\u0101 satricin\u0101s Latviju? M\u0101ksl\u012bgais intelekta pare\u0123ojums par politi\u0137iem ir \u012bpa\u0161i intri\u0123\u0113jo\u0161s\n                            <\/p>\n<p><\/a><a data-imagesrc=\"{&quot;300&quot;:&quot;https:\\\/\\\/lastatic.ams3.cdn.digitaloceanspaces.com\\\/2023\\\/12\\\/LET_24751196-1-300x197.jpg&quot;,&quot;768&quot;:&quot;https:\\\/\\\/lastatic.ams3.cdn.digitaloceanspaces.com\\\/2023\\\/12\\\/LET_24751196-1-768x503.jpg&quot;,&quot;200&quot;:&quot;https:\\\/\\\/lastatic.ams3.cdn.digitaloceanspaces.com\\\/2023\\\/12\\\/LET_24751196-1-200x131.jpg&quot;,&quot;400&quot;:&quot;https:\\\/\\\/lastatic.ams3.cdn.digitaloceanspaces.com\\\/2023\\\/12\\\/LET_24751196-1-400x262.jpg&quot;,&quot;500&quot;:&quot;https:\\\/\\\/lastatic.ams3.cdn.digitaloceanspaces.com\\\/2023\\\/12\\\/LET_24751196-1-500x328.jpg&quot;,&quot;800&quot;:&quot;https:\\\/\\\/lastatic.ams3.cdn.digitaloceanspaces.com\\\/2023\\\/12\\\/LET_24751196-1-800x524.jpg&quot;,&quot;1000&quot;:&quot;https:\\\/\\\/lastatic.ams3.cdn.digitaloceanspaces.com\\\/2023\\\/12\\\/LET_24751196-1.jpg&quot;}\" data-focuspoint=\"&quot;&quot;\" data-p=\"2481553\" href=\"https:\/\/www.la.lv\/silinai-udens-jo-jabut-ar-skaidru-galvu-bet-caksai-konjacins-uz-kuru-ciere-ari-finansu-ministrs-puce-izpeta-kadu-it-ka-nevainigu-foto-no-saeimas\" class=\"content-item lazy-load\" wp_automatic_readability=\"28\" rel=\"nofollow noopener\" target=\"_blank\"><\/p>\n<p>                                <img decoding=\"async\" src=\"\" alt=\"\" style=\"\" data-imageid=\"\"\/><\/p>\n<p>                                TV24<\/p>\n<p>                                            \u201cSili\u0146ai \u016bdens, jo j\u0101b\u016bt ar skaidru galvu, bet \u010cak\u0161ai konjaci\u0146\u0161, uz kuru cier\u0113 ar\u012b finan\u0161u ministrs!\u201d Pu\u010de izp\u0113ta k\u0101du it k\u0101 nevain\u012bgu foto no Saeimas\n                            <\/p>\n<p><\/a><br \/>\n        <a class=\"read-more\" href=\"https:\/\/www.la.lv\/top\" rel=\"nofollow noopener\" target=\"_blank\">Las\u012bt citas zi\u0146as<\/a><\/p>\n<p>2024. gada 17.decembr\u012b no dz\u012bves aizg\u0101ja m\u016bsu talant\u012bgais basketbolists J\u0101nis Timma. Vi\u0146a n\u0101ve izrais\u012bja lielu a\u017eiot\u0101\u017eu, k\u0101 tas notika, k\u0101p\u0113c, kur\u0161 ir vain\u012bgs un vai to var\u0113ja nov\u0113rst. Zi\u0146as par J\u0101\u0146i las\u012bj\u0101m ik dienas v\u0113l vismaz pusgadu p\u0113c notiku\u0161\u0101. Viena no las\u012bt\u0101kaj\u0101m zi\u0146\u0101m 2025. gad\u0101 bija \u201cTu atbild\u0113si par visu\u2026\u201d J\u0101\u0146a Timmas draugs no miru\u0161\u0101 basketbolista m\u0101sas sa\u0146\u0113mis zi\u0146u, kas \u0161ok\u0113jusi vi\u0146u pa\u0161u\u201d.<\/p>\n<p>Toreiz rakst\u012bj\u0101m, ka katru dienu par\u0101d\u0101s arvien jaunas, p\u0101rsteidzo\u0161as zi\u0146as, sav\u0101 \u201cInstagram\u201d kont\u0101 ievietotaj\u0101 video atkl\u0101jis boj\u0101 g\u0101ju\u0161\u0101 basketbolista J\u0101\u0146a Timmas draugs Marks Puga\u010dovs. Vi\u0146\u0161 st\u0101sta, ka run\u0101jis ar J\u0101\u0146a m\u0101su Leldi, kura v\u0113l\u0113jusies padal\u012bties ar nesen piedz\u012bvoto p\u0113c sarunas ar banku, kur\u0101 vi\u0146as br\u0101lim bija atv\u0113rts konts.<\/p>\n<p>    CITI \u0160OBR\u012aD LASA<\/p>\n<p>            J\u0101nis Timma. B\u0113res<\/p>\n<p>Hostel\u012b, kur apmet\u0101s J. Timma, krat\u012b\u0161anas laik\u0101 tika atrasts maks ar aptuveni 10 da\u017e\u0101d\u0101m kred\u012btkart\u0113m. Vi\u0146a m\u0101sa sazin\u0101jusies ar \u201cAmerican Expresss\u201d, lai noskaidrotu, k\u0101ds ir konta atlikums, vai nav izveidojies k\u0101ds par\u0101ds, un uzzin\u0101jusi, ka<\/p>\n<p>basketbolista bijus\u012b sieva Anna Sedokova \u0161ogad, janv\u0101r\u012b, vi\u0146iem jau zvan\u012bjusi, lai gan tikai vi\u0146a vec\u0101kiem ir visi nepiecie\u0161amie dokumenti, lai zvan\u012btu un visp\u0101r p\u0101rst\u0101v\u0113tu vi\u0146a intereses.<\/p>\n<p>\u201cEs vienk\u0101r\u0161i esmu \u0161ok\u0101! Neaiztiec to, kas nav tavs! Tu jau pa\u0146\u0113mi daudz, beidz to dar\u012bt!\u201d vi\u0146\u0161 pau\u017e neviltotu sa\u0161utumu par A.Sedokovas r\u012bc\u012bbu, vaic\u0101jot, cik nej\u0113dz\u012bbu v\u0113l var notikt. \u201cAtst\u0101j ar\u012b kaut ko vi\u0146a vec\u0101kiem!\u201d vi\u0146\u0161 piebilst.<\/p>\n<p>Visu zi\u0146u lasi <a href=\"https:\/\/www.la.lv\/tu-atbildesi-par-visu-jana-timmas-draugs-no-mirusa-basketbolista-masas-sanemis-zinu-kas-sokejusi-vinu-pasu\" rel=\"noopener nofollow\" target=\"_blank\">Tu atbild\u0113si par visu\u2026\u201d J\u0101\u0146a Timmas draugs no miru\u0161\u0101 basketbolista m\u0101sas sa\u0146\u0113mis zi\u0146u, kas \u0161ok\u0113jusi vi\u0146u pa\u0161u\u201d<\/a>.<\/p>\n<p>T\u0113mas<\/p>\n<p>    SAIST\u012aTIE RAKSTI<\/p>\n","protected":false},"excerpt":{"rendered":"13:11, 29. decembris 2025 Gada nogal\u0113 atskat\u0101mies uz aizg\u0101ju\u0161\u0101 gada ska\u013c\u0101kajiem un svar\u012bg\u0101kajiem notikumiem. Protams, ka politika, kar\u0161&hellip;\n","protected":false},"author":2,"featured_media":88625,"comment_status":"","ping_status":"","sticky":false,"template":"","format":"standard","meta":{"footnotes":""},"categories":[5],"tags":[23,28,29,32,33,22,30,31,35,39,38,36,37,34,40,20,26,27,24,25,21],"class_list":{"0":"post-88624","1":"post","2":"type-post","3":"status-publish","4":"format-standard","5":"has-post-thumbnail","7":"category-aktualitates","8":"tag-aktualitates","9":"tag-breaking-news","10":"tag-breakingnews","11":"tag-featured-news","12":"tag-featurednews","13":"tag-headlines","14":"tag-latest-news","15":"tag-latestnews","16":"tag-latvia","17":"tag-latvian","18":"tag-latviesu","19":"tag-latviesu-valoda","20":"tag-latviesuvaloda","21":"tag-latvija","22":"tag-lv","23":"tag-news","24":"tag-popularakas-zinas","25":"tag-popularakaszinas","26":"tag-top-stories","27":"tag-topstories","28":"tag-zinas"},"share_on_mastodon":{"url":"https:\/\/pubeurope.com\/@lv\/115802623410931982","error":""},"_links":{"self":[{"href":"https:\/\/www.europesays.com\/lv\/wp-json\/wp\/v2\/posts\/88624","targetHints":{"allow":["GET"]}}],"collection":[{"href":"https:\/\/www.europesays.com\/lv\/wp-json\/wp\/v2\/posts"}],"about":[{"href":"https:\/\/www.europesays.com\/lv\/wp-json\/wp\/v2\/types\/post"}],"author":[{"embeddable":true,"href":"https:\/\/www.europesays.com\/lv\/wp-json\/wp\/v2\/users\/2"}],"replies":[{"embeddable":true,"href":"https:\/\/www.europesays.com\/lv\/wp-json\/wp\/v2\/comments?post=88624"}],"version-history":[{"count":0,"href":"https:\/\/www.europesays.com\/lv\/wp-json\/wp\/v2\/posts\/88624\/revisions"}],"wp:featuredmedia":[{"embeddable":true,"href":"https:\/\/www.europesays.com\/lv\/wp-json\/wp\/v2\/media\/88625"}],"wp:attachment":[{"href":"https:\/\/www.europesays.com\/lv\/wp-json\/wp\/v2\/media?parent=88624"}],"wp:term":[{"taxonomy":"category","embeddable":true,"href":"https:\/\/www.europesays.com\/lv\/wp-json\/wp\/v2\/categories?post=88624"},{"taxonomy":"post_tag","embeddable":true,"href":"https:\/\/www.europesays.com\/lv\/wp-json\/wp\/v2\/tags?post=88624"}],"curies":[{"name":"wp","href":"https:\/\/api.w.org\/{rel}","templated":true}]}}