{"id":88630,"date":"2025-12-29T11:32:07","date_gmt":"2025-12-29T11:32:07","guid":{"rendered":"https:\/\/www.europesays.com\/lv\/88630\/"},"modified":"2025-12-29T11:32:07","modified_gmt":"2025-12-29T11:32:07","slug":"zelenskis-atbildejis-vai-ir-gatavs-tikties-ar-putinu-jauns-lv","status":"publish","type":"post","link":"https:\/\/www.europesays.com\/lv\/88630\/","title":{"rendered":"Zelenskis atbild\u0113jis, vai ir gatavs tikties ar Putinu &#8211; Jauns.lv"},"content":{"rendered":"<ol>\n<li><a href=\"https:\/\/news.google.com\/rss\/articles\/CBMilgFBVV95cUxOWWxnclppSmlXTFkzMGE0S3VnZTcyZHVzWHdWOWFDRVFpTnIzTjhiaFNzaU5kTjVoMDcxU2pCVjFLdWVld01XT1YtS0dCa0Qtdmx1MjlEZWlNU3hKVHFlWkJzVDBHLV94bmVNMmVueDM3dEozOFFfdUw4eGNGUzRraTNsdWpTclBXb3RpODVQWF9EMWZfMGc?oc=5\" target=\"_blank\" rel=\"nofollow noopener\">Zelenskis atbild\u0113jis, vai ir gatavs tikties ar Putinu<\/a>&nbsp;&nbsp;Jauns.lv<\/li>\n<li><a href=\"https:\/\/news.google.com\/rss\/articles\/CBMiswFBVV95cUxQeGE3eE56Zkx6RnV0VFl1TlhBZ05KUWJ6X1RWdU9pNzBhTFB4dld2MjZIQ2RmY1cyb041dXhZVjFycXp4clRZXzRXN0k5ZlgtaVRUZWFOQ3JIc0lycXRtSXZKYlphbzFPaGMwbWZKR2ZXQ0c0RU9GTDhzNHZ2b2JOd0VXSFU5Q1lDYkxnU1pVTm0xRU01Wm9jbVIta2s0SWpEdkJNUU5mQmZqNVdObFhzRnp4NA?oc=5\" target=\"_blank\" rel=\"nofollow noopener\">Tramps p\u0113c tik\u0161an\u0101s ar Zelenski: Esam \u013coti tuvu mieram \/ Raksts<\/a>&nbsp;&nbsp;LSM<\/li>\n<li><a href=\"https:\/\/news.google.com\/rss\/articles\/CBMiogFBVV95cUxQSkI4VXlIQkhLNlgtMzkxejV6eDV6cGFWa1ViYjFPX1VOX1ZOb3ZtaFN6NmZtYUIyQkdsRlJIM3F6UEJZWThDbFpTNU5oUFpIYTZrQWZyMzFUOV9SLURuQUxEbkxaUlI5QTZVaXU2R2M4VURMX1hpZ29SVDRBcHJENWRmRlF5aHFvZ2l2SmQ5Vk9sbEFBNWtlZWxlWVNCSFNlZWc?oc=5\" target=\"_blank\" rel=\"nofollow noopener\">Zelenskis atzina, ka ir gatavs izvest karasp\u0113ku, bet ar vienu nosac\u012bjumu<\/a>&nbsp;&nbsp;Apollo.lv<\/li>\n<li><a href=\"https:\/\/news.google.com\/rss\/articles\/CBMingFBVV95cUxNX2hxQjN4c3drVGRjWUJLV3drWmFVZGxxaUdSWlhWc044VzFLRHlnV0QxU1lQT2ppTUhRc1FDVDBRb2dMaEpHNkRDWUdidXNsWTFpcDk2N05sQ1BjaVBLY1hJcnhPcW5DQUNvcGFlcmFMMDZweU9VLXRpTEJFd184N0x5MEhKcWxyOFpkZ2o0cWVHOHMtMDJIWUhTSnpRdw?oc=5\" target=\"_blank\" rel=\"nofollow noopener\">P\u0113c telefonsarunas ar Trampu Kremlis nosauc nosac\u012bjumu kara izbeig\u0161anai Ukrain\u0101<\/a>&nbsp;&nbsp;LA.LV<\/li>\n<li><a href=\"https:\/\/news.google.com\/rss\/articles\/CBMiywFBVV95cUxQRjBORjFhNnR4b0ZxRFpnY2EycVJSQmhoVjgwYUZJTXdtRWNaLThlWVBQT2hKaEJxZjRaQlVsaHNQemFVQU9QTjZpNXlHOXdGWFpTNlBWSzJfMTVrdEFSLWtzR1dPYjI2SDRqWHNRNFVXNnpDN3htM2FObXZqekpLN2xFMmdlczZnSXhCRG85RlhBY0hYTDB6U3F3UXBBRTRiVjNiNWlOV0NFbVZ4bXNZUWxYMjczZUJLazhmSS11Q3BRRFpieDNBVUVrWQ?oc=5\" target=\"_blank\" rel=\"nofollow noopener\">FT: Zelenskis negaida no Putina piek\u0101p\u0161anos un cer p\u0101rliecin\u0101t Trampu pastiprin\u0101t spiedienu uz Krieviju<\/a>&nbsp;&nbsp;TVNET<\/li>\n<\/ol>\n","protected":false},"excerpt":{"rendered":"Zelenskis atbild\u0113jis, vai ir gatavs tikties ar Putinu&nbsp;&nbsp;Jauns.lv Tramps p\u0113c tik\u0161an\u0101s ar Zelenski: Esam \u013coti tuvu mieram \/&hellip;\n","protected":false},"author":2,"featured_media":88631,"comment_status":"","ping_status":"","sticky":false,"template":"","format":"standard","meta":{"footnotes":""},"categories":[14],"tags":[23,57,28,29,32,33,22,30,31,35,39,38,36,37,34,40,20,26,27,24,25,54,55,56,21,58],"class_list":{"0":"post-88630","1":"post","2":"type-post","3":"status-publish","4":"format-standard","5":"has-post-thumbnail","7":"category-zinas-no-arvalstim","8":"tag-aktualitates","9":"tag-arvalstim","10":"tag-breaking-news","11":"tag-breakingnews","12":"tag-featured-news","13":"tag-featurednews","14":"tag-headlines","15":"tag-latest-news","16":"tag-latestnews","17":"tag-latvia","18":"tag-latvian","19":"tag-latviesu","20":"tag-latviesu-valoda","21":"tag-latviesuvaloda","22":"tag-latvija","23":"tag-lv","24":"tag-news","25":"tag-popularakas-zinas","26":"tag-popularakaszinas","27":"tag-top-stories","28":"tag-topstories","29":"tag-world","30":"tag-world-news","31":"tag-worldnews","32":"tag-zinas","33":"tag-zinas-no-arvalstim"},"share_on_mastodon":{"url":"https:\/\/pubeurope.com\/@lv\/115802639136401780","error":""},"_links":{"self":[{"href":"https:\/\/www.europesays.com\/lv\/wp-json\/wp\/v2\/posts\/88630","targetHints":{"allow":["GET"]}}],"collection":[{"href":"https:\/\/www.europesays.com\/lv\/wp-json\/wp\/v2\/posts"}],"about":[{"href":"https:\/\/www.europesays.com\/lv\/wp-json\/wp\/v2\/types\/post"}],"author":[{"embeddable":true,"href":"https:\/\/www.europesays.com\/lv\/wp-json\/wp\/v2\/users\/2"}],"replies":[{"embeddable":true,"href":"https:\/\/www.europesays.com\/lv\/wp-json\/wp\/v2\/comments?post=88630"}],"version-history":[{"count":0,"href":"https:\/\/www.europesays.com\/lv\/wp-json\/wp\/v2\/posts\/88630\/revisions"}],"wp:featuredmedia":[{"embeddable":true,"href":"https:\/\/www.europesays.com\/lv\/wp-json\/wp\/v2\/media\/88631"}],"wp:attachment":[{"href":"https:\/\/www.europesays.com\/lv\/wp-json\/wp\/v2\/media?parent=88630"}],"wp:term":[{"taxonomy":"category","embeddable":true,"href":"https:\/\/www.europesays.com\/lv\/wp-json\/wp\/v2\/categories?post=88630"},{"taxonomy":"post_tag","embeddable":true,"href":"https:\/\/www.europesays.com\/lv\/wp-json\/wp\/v2\/tags?post=88630"}],"curies":[{"name":"wp","href":"https:\/\/api.w.org\/{rel}","templated":true}]}}