{"id":88642,"date":"2025-12-29T11:39:09","date_gmt":"2025-12-29T11:39:09","guid":{"rendered":"https:\/\/www.europesays.com\/lv\/88642\/"},"modified":"2025-12-29T11:39:09","modified_gmt":"2025-12-29T11:39:09","slug":"video-%e2%9f%a9-uznemums-atklaj-jaunu-informaciju-par-veja-nogazto-sakaru-torni-lapmezciema","status":"publish","type":"post","link":"https:\/\/www.europesays.com\/lv\/88642\/","title":{"rendered":"VIDEO \u27e9 Uz\u0146\u0113mums atkl\u0101j jaunu inform\u0101ciju par v\u0113ja nog\u0101zto sakaru torni Lapme\u017eciem\u0101"},"content":{"rendered":"<p>&#8220;Tele2&#8221; nor\u0101da, ka pirmdienas r\u012bt\u0101 ir s\u0101kti darbi divos mobilo sakaru tor\u0146os, lai, izmantojot tajos uzst\u0101d\u012bt\u0101s b\u0101zes stacijas, nodro\u0161in\u0101tu mobilo sakaru pieejam\u012bbu Ragaciema apk\u0101rtn\u0113. Uz\u0146\u0113mum\u0101 atz\u012bm\u0113, ka darbus pl\u0101nots pirmdien pabeigt.<\/p>\n<p>&#8220;Tele2&#8221; iepriek\u0161 soci\u0101lajos medijos inform\u0113ja, ka v\u0113tras laik\u0101 Lapme\u017eciem\u0101 ir nog\u0101zies sadarb\u012bbas partnera tornis, uz kura bija izvietotas mobilo sakaru b\u0101zes stacijas, t\u0101d\u0113j\u0101di apk\u0101rtn\u0113 iesp\u0113jami mobilo sakaru trauc\u0113jumi.<\/p>\n<p>Vienlaikus &#8220;Tele2&#8221; nor\u0101da, ka nog\u0101zu\u0161ais tornis nepieder uz\u0146\u0113mumam, un uz t\u0101 bija izvietotas ar\u012b citu mobilo sakaru operatoru b\u0101zes stacijas.<\/p>\n<p>Zaud\u0113jumu un ar situ\u0101cijas nov\u0113r\u0161anu saist\u012bto izmaksu apm\u0113rs patlaban v\u0113l tiek v\u0113rt\u0113ts, ta\u010du tas var\u0113tu sasniegt vair\u0101kus desmitus t\u016bksto\u0161u eiro, pauda &#8220;Tele2&#8221;.<\/p>\n<p>Jau zi\u0146ots, ka &#8220;Tele2&#8221; pag\u0101ju\u0161aj\u0101 gad\u0101 str\u0101d\u0101ja ar 179,991 miljona eiro apgroz\u012bjumu, kas ir par 1,5% vair\u0101k nek\u0101 gadu iepriek\u0161, bet komp\u0101nijas pe\u013c\u0146a pieauga par 13,5% un bija 52,923 miljoni eiro.<\/p>\n<p>&#8220;Tele2&#8221; re\u0123istr\u0113ts 1995. gada novembr\u012b, un t\u0101 pamatkapit\u0101ls ir 3,486 miljoni eiro. &#8220;Tele2&#8221; vien\u012bgais \u012bpa\u0161nieks ir Zviedrijas &#8220;Tele2 Sverige&#8221;.<\/p>\n","protected":false},"excerpt":{"rendered":"&#8220;Tele2&#8221; nor\u0101da, ka pirmdienas r\u012bt\u0101 ir s\u0101kti darbi divos mobilo sakaru tor\u0146os, lai, izmantojot tajos uzst\u0101d\u012bt\u0101s b\u0101zes stacijas,&hellip;\n","protected":false},"author":2,"featured_media":88643,"comment_status":"","ping_status":"","sticky":false,"template":"","format":"standard","meta":{"footnotes":""},"categories":[12],"tags":[23,28,29,32,33,22,30,31,35,39,38,36,37,34,40,20,26,27,10203,24,25,153,21],"class_list":{"0":"post-88642","1":"post","2":"type-post","3":"status-publish","4":"format-standard","5":"has-post-thumbnail","7":"category-latvija","8":"tag-aktualitates","9":"tag-breaking-news","10":"tag-breakingnews","11":"tag-featured-news","12":"tag-featurednews","13":"tag-headlines","14":"tag-latest-news","15":"tag-latestnews","16":"tag-latvia","17":"tag-latvian","18":"tag-latviesu","19":"tag-latviesu-valoda","20":"tag-latviesuvaloda","21":"tag-latvija","22":"tag-lv","23":"tag-news","24":"tag-popularakas-zinas","25":"tag-popularakaszinas","26":"tag-tele2","27":"tag-top-stories","28":"tag-topstories","29":"tag-vejs","30":"tag-zinas"},"share_on_mastodon":{"url":"https:\/\/pubeurope.com\/@lv\/115802666736552415","error":""},"_links":{"self":[{"href":"https:\/\/www.europesays.com\/lv\/wp-json\/wp\/v2\/posts\/88642","targetHints":{"allow":["GET"]}}],"collection":[{"href":"https:\/\/www.europesays.com\/lv\/wp-json\/wp\/v2\/posts"}],"about":[{"href":"https:\/\/www.europesays.com\/lv\/wp-json\/wp\/v2\/types\/post"}],"author":[{"embeddable":true,"href":"https:\/\/www.europesays.com\/lv\/wp-json\/wp\/v2\/users\/2"}],"replies":[{"embeddable":true,"href":"https:\/\/www.europesays.com\/lv\/wp-json\/wp\/v2\/comments?post=88642"}],"version-history":[{"count":0,"href":"https:\/\/www.europesays.com\/lv\/wp-json\/wp\/v2\/posts\/88642\/revisions"}],"wp:featuredmedia":[{"embeddable":true,"href":"https:\/\/www.europesays.com\/lv\/wp-json\/wp\/v2\/media\/88643"}],"wp:attachment":[{"href":"https:\/\/www.europesays.com\/lv\/wp-json\/wp\/v2\/media?parent=88642"}],"wp:term":[{"taxonomy":"category","embeddable":true,"href":"https:\/\/www.europesays.com\/lv\/wp-json\/wp\/v2\/categories?post=88642"},{"taxonomy":"post_tag","embeddable":true,"href":"https:\/\/www.europesays.com\/lv\/wp-json\/wp\/v2\/tags?post=88642"}],"curies":[{"name":"wp","href":"https:\/\/api.w.org\/{rel}","templated":true}]}}