{"id":88644,"date":"2025-12-29T11:40:13","date_gmt":"2025-12-29T11:40:13","guid":{"rendered":"https:\/\/www.europesays.com\/lv\/88644\/"},"modified":"2025-12-29T11:40:13","modified_gmt":"2025-12-29T11:40:13","slug":"atrod-vansu-tilta-buvnieku-sak-rail-baltica-pamattrasi-butiskakie-gada-notikumi-transporta-joma-raksts","status":"publish","type":"post","link":"https:\/\/www.europesays.com\/lv\/88644\/","title":{"rendered":"Atrod Van\u0161u tilta b\u016bvnieku, s\u0101k \u00abRail Baltica\u00bb pamattrasi. B\u016btisk\u0101kie gada notikumi transporta jom\u0101 \/ Raksts"},"content":{"rendered":"<p>2025. gads transporta nozar\u0113 bijis sen gaid\u012btiem notikumiem, protestiem un lieliem darbiem bag\u0101ts \u2013 beidzot s\u0101ka b\u016bv\u0113t dzelzce\u013ca projekta &#8220;Rail Baltica&#8221; pamattrasi, R\u012bg\u0101 pirmo reizi 40 gadu laik\u0101 s\u0101ka likt jaunas tramvaja sliedes, pazi\u0146oja ar\u012b par gaid\u0101mo Van\u0161u tilta remontu, bet pasa\u017eieru p\u0101rvad\u0101t\u0101ji protest\u0113ja.<\/p>\n<p>Atrod Van\u0161u tilta b\u016bvnieku, s\u0101k \u00abRail Baltica\u00bb pamattrasi. B\u016btisk\u0101kie gada notikumi transporta jom\u0101<\/p>\n<p><a id=\"1\" name=\"1\">B\u016bs jauni elektrovilcieni; moderniz\u0113 l\u012bnijas<\/a><\/p>\n<p style=\"margin-left:0cm; margin-right:0cm\">Pavisam nesen uzzin\u0101j\u0101m, ka jau 2029. gad\u0101 Latvij\u0101 par\u0101d\u012bsies akumulatoru bateriju elektrovilcieni. Par gandr\u012bz 90 miljoniem eiro Autotransporta direkcija nosl\u0113gusi l\u012bgumu ar \u010cehijas ra\u017eot\u0101ju &#8220;\u0160koda Group&#8221; par devi\u0146u sast\u0101vu izgatavo\u0161anu. Ar tiem aizvietos da\u013cu veco d\u012bze\u013cvilcienu. Jaunie vilcieni b\u016bs l\u012bdz\u012bgi eso\u0161ajiem elektrovilcieniem, bet divreiz maz\u0101ki. Zem\u0101s gr\u012bdas sp\u0113krati pasa\u017eierus p\u0101rvad\u0101s l\u012bdz Valmierai un Daugavpilij, kuru l\u012bnij\u0101s paredz izb\u016bv\u0113t uzl\u0101des stacijas.<\/p>\n<p style=\"margin-left:0cm; margin-right:0cm\">Lai vilcienos var\u0113tu \u0113rt\u0101k iek\u0101pt, &#8220;Latvijas dzelzce\u013c\u0161&#8221; 2025. gad\u0101 daudzviet izveidoja ar\u012b pagaidu platformas no koka. R\u012bg\u0101 s\u0101kta ar\u012b Bolder\u0101jas dzelzce\u013ca l\u012bnijas elektrifik\u0101cija. Darbus pl\u0101nots pabeigt n\u0101kamaj\u0101 gad\u0101. Savuk\u0101rt l\u012bdz apr\u012blim iecer\u0113ts pabeigt moderniz\u0101ciju novecojo\u0161\u0101s Tukuma l\u012bnijas elektrifik\u0101cij\u0101.\u00a0<\/p>\n<p><a name=\"2\">P\u0101rvad\u0101t\u0101ji pras\u012bja papildu naudu\u00a0<\/a><\/p>\n<p style=\"margin-left:0cm; margin-right:0cm\">2025. gads iez\u012bm\u0113jies ar\u012b ar ska\u013c\u0101m nesaska\u0146\u0101m.\u00a0<\/p>\n<p style=\"margin-left:0cm; margin-right:0cm\">&#8220;M\u0113s negribam non\u0101kt l\u012bdz tiesved\u012bbai, un ar\u012b p\u0101rvad\u0101t\u0101ji negrib non\u0101kt l\u012bdz maks\u0101tnesp\u0113jai&#8221;, t\u0101 august\u0101 protest\u0101 pie Ministru kabineta satiksmes ministram Atim \u0160vinkam no &#8220;Progres\u012bvajiem&#8221; teica Latvijas Pasa\u017eieru p\u0101rvad\u0101t\u0101ju asoci\u0101cijas prezidents Ivo O\u0161enieks.<\/p>\n<p style=\"margin-left:0cm; margin-right:0cm\">Komersanti pras\u012bja papildu finans\u0113jumu, lai nodro\u0161in\u0101tu autobusu p\u0101rvad\u0101jumus. Ta\u010du Satiksmes ministrija komersantu pras\u012bbu neapmierin\u0101ja ar\u012b p\u0113c protesta akcijas septembr\u012b, kad darbadien\u0101 vienu stundu liel\u0101k\u0101 da\u013ca p\u0101rvad\u0101t\u0101ju pasa\u017eierus neapkalpoja.<\/p>\n<p style=\"margin-left:0cm; margin-right:0cm\">Lai nosegtu zaud\u0113jumus, decembr\u012b vald\u012bba tom\u0113r pie\u0161\u0137\u012bra 3,9 miljonus eiro. Tiesa, re\u0123ion\u0101lie p\u0101rvad\u0101t\u0101ji dab\u016bja vien aptuveni 900 t\u016bksto\u0161us eiro, bet tr\u012bs miljonus sa\u0146\u0113ma &#8220;Pasa\u017eieru vilciens&#8221;. Latvijas Pasa\u017eieru p\u0101rvad\u0101t\u0101ju asoci\u0101cija uzskata, ka 2026. gad\u0101 situ\u0101cija b\u016bs v\u0113l saspringt\u0101ka.\u00a0<\/p>\n<p><a name=\"3\">Liek jaun\u0101s tramvaja sliedes\u00a0<\/a><\/p>\n<p style=\"margin-left:0cm; margin-right:0cm\">P\u0113c 40 gadu p\u0101rtraukuma 2025. gad\u0101 R\u012bg\u0101, \u0136engarag\u0101, s\u0101ka likt pirm\u0101s jaun\u0101s tramvaja sliedes. 7. tramvaja l\u012bniju paredz pagarin\u0101t par diviem kilometriem. Projekt\u0101 jau ir izb\u016bv\u0113ta liel\u0101k\u0101 da\u013ca slie\u017eu, veloce\u013ca un brauktuves.<\/p>\n<p style=\"margin-left:0cm; margin-right:0cm\">&#8220;Liels progress ir ar\u012b citos darbos, piem\u0113ram, bru\u0123\u0113\u0161anas darbi pieturvietu un transportmijas punkta zon\u0101s ir paveikti par 70\u00a0%. Ar\u012b pamata trases pieturvietu platformu izb\u016bves progress ir 75%. Viss norit atbilsto\u0161i pl\u0101notajam. Nek\u0101das aizkav\u0113\u0161an\u0101s nav, un tie\u0161\u0101m atsevi\u0161\u0137os posmos pat apsteidzam pl\u0101nu. Un joproj\u0101m paliekam pie t\u0101, ka maija beig\u0101s \u0161aj\u0101 l\u012bnij\u0101 tramvajam ir j\u0101kurs\u0113,&#8221; st\u0101sta uz\u0146\u0113muma &#8220;R\u012bgas satiksme&#8221; p\u0101rst\u0101ve Baiba Barta\u0161evi\u010da-Feldmane.\u00a0<\/p>\n<p style=\"margin-left:0cm; margin-right:0cm\">L\u012bdz Vi\u0161\u0137u ielai paredz pagarin\u0101t ar\u012b 15. trolejbusa l\u012bniju. Tur pl\u0101no izveidot mobilit\u0101tes punktu, kur var\u0113s \u0113rti p\u0101rs\u0113sties no viena transporta veida otr\u0101.\u00a0<\/p>\n<p><a name=\"4\">Atrod b\u016bvnieku Van\u0161u tilta remontam\u00a0<\/a><\/p>\n<p style=\"margin-left:0cm; margin-right:0cm\">Beidzot ar\u012b remont\u0113s dr\u016bpo\u0161o Van\u0161u tiltu R\u012bg\u0101. Tam atv\u0113l\u0113ti teju 70 miljoni eiro. Par to pa\u0161vald\u012bba pazi\u0146oja decembr\u012b. Konkurss notika ar\u012b 2024.\u00a0gad\u0101, kad pieteic\u0101s tikai viens pretendents, pied\u0101v\u0101jot tiltu salabot par krietni liel\u0101ku summu \u2013 97 miljoniem eiro.\u00a0<\/p>\n<p style=\"margin-left:0cm; margin-right:0cm\">P\u0113d\u0113j\u0101 konkurs\u0101 no diviem pretendentiem izv\u0113l\u0113ta apvien\u012bba, kur\u0101 ir uz\u0146\u0113mumi &#8220;Hanza Construction Group&#8221;, &#8220;Tilts&#8221;, Baltijas m\u0101ksl\u012bgo b\u016bvju projekt\u0113\u0161anas birojs\u00a0&#8220;Vektors T&#8221;. Tiltu paredz salabot tr\u012bs gadu laik\u0101.\u00a0<\/p>\n<p style=\"margin-left:0cm; margin-right:0cm\">&#8220;Es dom\u0101ju, ka b\u016bv\u0113s noteikti tie\u0161i to pa\u0161u, ko b\u016btu b\u016bv\u0113ju\u0161i ar\u012b iepriek\u0161\u0113j\u0101 risin\u0101jum\u0101. Vienk\u0101r\u0161i \u0161eit iepirkuma proced\u016bra tika veikta cit\u0101d\u0101k\u0101 veid\u0101. Ir paredz\u0113ts,\u00a0ka m\u0113s\u00a0nevis autom\u0101tiski paredzam finans\u0113jumu, ka it k\u0101 b\u016btu j\u0101nomaina piln\u012bgi visas vantis, bet main\u012bs t\u0101s, kuras ir boj\u0101tas, un ar\u012b darbi ir atrun\u0101ti prec\u012bz\u0101k. Viennoz\u012bm\u012bgi b\u016bs \u0113rt\u0101ka nok\u013c\u016b\u0161ana p\u0101ri Van\u0161u tiltam gan g\u0101j\u0113jiem, gan velobrauc\u0113jiem. Noteikti ar\u012b uzlabosies sabiedrisk\u0101 transporta un viegl\u0101 transporta\u00a0satiksme,&#8221; skaidro R\u012bgas m\u0113rs Viesturs Kleinbergs (&#8220;Progres\u012bvie&#8221;) .\u00a0<\/p>\n<p style=\"margin-left:0cm; margin-right:0cm\">Par iepirkumu gan ir iesniegta s\u016bdz\u012bba, un l\u012bguma parakst\u012b\u0161ana v\u0113l j\u0101pagaida.<\/p>\n<p style=\"margin-left:0cm; margin-right:0cm\">B\u016btisks notikums \u0161ogad bija ar\u012b Salacgr\u012bv\u0101 uz Tallinas \u0161osejas, kur atkl\u0101ja jaunuzb\u016bv\u0113to tiltu p\u0101r Salacu.\u00a0<\/p>\n<p><a name=\"5\">S\u0101k b\u016bv\u0113t &#8220;Rail Baltica&#8221; pamattrasi\u00a0<\/a><\/p>\n<p style=\"margin-left:0cm; margin-right:0cm\">Savuk\u0101rt miljardiem eiro v\u0113rtaj\u0101 &#8220;Rail Baltica&#8221; projekt\u0101 b\u016bvdarbus beidzot s\u0101ka ar\u012b pamattras\u0113 pie Iecavas. Tur jau ir pabeigta b\u016bvniec\u012bbas b\u0101ze. T\u0101 b\u016bs galven\u0101 vieta t\u0101l\u0101kiem darbiem pamattras\u0113. No kopum\u0101 45 kilometru gar\u0101 dienvidposma 2026. gad\u0101 b\u016bvdarbi notiks 30 kilometru garum\u0101.<\/p>\n<p style=\"margin-left:0cm; margin-right:0cm\">&#8220;2026. gad\u0101 sliedes nes\u0101ksim likt, jo sliedes ir t\u0101 saucam\u0101 virsstrukt\u016bra. To parasti liek tad, kad jau ir liela da\u013ca no uzb\u0113ruma gatava. Ma\u0161\u012bnas, kas liek sliedes, tiek s\u016bt\u012btas tad, kad jau ir gatavi gari posmi slie\u017eu lik\u0161anai. Tas process tad ir sal\u012bdzino\u0161i \u0101tr\u0101ks. Liel\u0101kie b\u016bvdarbi 2026. gad\u0101 ir pl\u0101noti tie\u0161i ar zemes darbiem un uzb\u0113ruma sagatavo\u0161anu,&#8221; st\u0101sta uz\u0146\u0113muma &#8220;Eiropas Dzelzce\u013ca l\u012bnijas&#8221; valdes loceklis J\u0101nis Naglis.\u00a0<\/p>\n<p style=\"margin-left:0cm; margin-right:0cm\">2026. gad\u0101 paredz pabeigt da\u013cu darbu Centr\u0101laj\u0101 stacij\u0101, savuk\u0101rt lidostas apk\u0101rtn\u0113 &#8220;Rail baltica&#8221; b\u016bvdarbi paredz\u0113ti Imantas virzien\u0101.<\/p>\n<p>                    Valodas k\u013c\u016bda rakst\u0101?<\/p>\n<p class=\"d-none d-md-block\">Iez\u012bm\u0113jiet tekstu un spiediet Ctrl+Enter, lai nos\u016bt\u012btu labojamo teksta fragmentu redaktoram! Par faktu k\u013c\u016bd\u0101m l\u016bdzam zi\u0146ot e-past\u0101 <a href=\"https:\/\/www.lsm.lv\/cdn-cgi\/l\/email-protection\" class=\"__cf_email__\" data-cfemail=\"384a5d5c59535b51525978544b5516544e\" rel=\"nofollow noopener\" target=\"_blank\">[email\u00a0protected]<\/a>.<\/p>\n<p class=\"d-md-none\">Iez\u012bm\u0113jiet tekstu un spiediet uz Zi\u0146ot par k\u013c\u016bdu pogas, lai nos\u016bt\u012btu labojamo teksta fragmentu redaktoram!<\/p>\n<p>\n                    Zi\u0146ot par k\u013c\u016bdu\n                <\/p>\n","protected":false},"excerpt":{"rendered":"2025. gads transporta nozar\u0113 bijis sen gaid\u012btiem notikumiem, protestiem un lieliem darbiem bag\u0101ts \u2013 beidzot s\u0101ka b\u016bv\u0113t dzelzce\u013ca&hellip;\n","protected":false},"author":2,"featured_media":63830,"comment_status":"","ping_status":"","sticky":false,"template":"","format":"standard","meta":{"footnotes":""},"categories":[5],"tags":[23,28,29,32,33,22,30,31,35,39,38,36,37,34,40,20,26,27,24,25,21],"class_list":{"0":"post-88644","1":"post","2":"type-post","3":"status-publish","4":"format-standard","5":"has-post-thumbnail","7":"category-aktualitates","8":"tag-aktualitates","9":"tag-breaking-news","10":"tag-breakingnews","11":"tag-featured-news","12":"tag-featurednews","13":"tag-headlines","14":"tag-latest-news","15":"tag-latestnews","16":"tag-latvia","17":"tag-latvian","18":"tag-latviesu","19":"tag-latviesu-valoda","20":"tag-latviesuvaloda","21":"tag-latvija","22":"tag-lv","23":"tag-news","24":"tag-popularakas-zinas","25":"tag-popularakaszinas","26":"tag-top-stories","27":"tag-topstories","28":"tag-zinas"},"share_on_mastodon":{"url":"https:\/\/pubeurope.com\/@lv\/115802670587261624","error":""},"_links":{"self":[{"href":"https:\/\/www.europesays.com\/lv\/wp-json\/wp\/v2\/posts\/88644","targetHints":{"allow":["GET"]}}],"collection":[{"href":"https:\/\/www.europesays.com\/lv\/wp-json\/wp\/v2\/posts"}],"about":[{"href":"https:\/\/www.europesays.com\/lv\/wp-json\/wp\/v2\/types\/post"}],"author":[{"embeddable":true,"href":"https:\/\/www.europesays.com\/lv\/wp-json\/wp\/v2\/users\/2"}],"replies":[{"embeddable":true,"href":"https:\/\/www.europesays.com\/lv\/wp-json\/wp\/v2\/comments?post=88644"}],"version-history":[{"count":0,"href":"https:\/\/www.europesays.com\/lv\/wp-json\/wp\/v2\/posts\/88644\/revisions"}],"wp:featuredmedia":[{"embeddable":true,"href":"https:\/\/www.europesays.com\/lv\/wp-json\/wp\/v2\/media\/63830"}],"wp:attachment":[{"href":"https:\/\/www.europesays.com\/lv\/wp-json\/wp\/v2\/media?parent=88644"}],"wp:term":[{"taxonomy":"category","embeddable":true,"href":"https:\/\/www.europesays.com\/lv\/wp-json\/wp\/v2\/categories?post=88644"},{"taxonomy":"post_tag","embeddable":true,"href":"https:\/\/www.europesays.com\/lv\/wp-json\/wp\/v2\/tags?post=88644"}],"curies":[{"name":"wp","href":"https:\/\/api.w.org\/{rel}","templated":true}]}}