{"id":88649,"date":"2025-12-29T11:43:07","date_gmt":"2025-12-29T11:43:07","guid":{"rendered":"https:\/\/www.europesays.com\/lv\/88649\/"},"modified":"2025-12-29T11:43:07","modified_gmt":"2025-12-29T11:43:07","slug":"lg-demonstre-novatoriskus-5k-monitorus-ar-mi-tehnologijam-un-oled-paneli-lente-lv","status":"publish","type":"post","link":"https:\/\/www.europesays.com\/lv\/88649\/","title":{"rendered":"LG demonstr\u0113 novatoriskus 5K monitorus ar MI tehnolo\u0123ij\u0101m un OLED paneli\u00a0\u2014\u00a0Lente.lv"},"content":{"rendered":"<p>LG izzi\u0146o jaunu premium sp\u0113\u013cu monitoru s\u0113riju UltraGear evo<\/p>\n<p>P\u0113c veiksm\u012bg\u0101 32 collu 4K monitora ar ieb\u016bv\u0113tu riten\u012b\u0161iem apr\u012bkotu stat\u012bvu izzi\u0146o\u0161anas, LG gatavo jaunu premium klases sp\u0113\u013cu monitoru z\u012bmolu \u201cUltraGear evo\u201d, kas ofici\u0101li debit\u0113s CES 2026. Uz\u0146\u0113mums likmes liek uz 5K un augst\u0101kas iz\u0161\u0137irtsp\u0113jas displejiem, apvienojot \u012bpa\u0161i augstu iz\u0161\u0137irtsp\u0113ju, \u0101trumu un ieskaujo\u0161u pieredzi. Galven\u0101 jaunumu s\u0113rijas inov\u0101cija ir 39 collu 5K2K OLED monitors ar viet\u0113jo att\u0113la apstr\u0101di, izmantojot m\u0101ksl\u012bgo intelektu (MI).<\/p>\n<p>&#8220;Jaunais UltraGear evo iez\u012bm\u0113 kompromisu beigas sp\u0113\u013cu displejos. Pateicoties t\u0101d\u0101m inov\u0101cij\u0101m k\u0101 pirm\u0101 pasaul\u0113 5K MI aug\u0161upskal\u0113\u0161anas tehnolo\u0123ija, lietot\u0101ji g\u016bst vienl\u012bdz\u012bgi augstu att\u0113la asuma, veiktsp\u0113jas un ieskaujo\u0161\u0101s pieredzes l\u012bmeni,&#8221; nor\u0101da LG Display Business noda\u013cas vad\u012bt\u0101js L\u012b \u010cun Hvans.<\/p>\n<p>39 collu UltraGear evo GX9: pla\u0161ums un MI priek\u0161roc\u012bbas<\/p>\n<p>Modelis 39GX950B ir \u012bpa\u0161i plats 21:9 malu attiec\u012bbas OLED monitors ar 1500R izliekumu un 5K2K iz\u0161\u0137irtsp\u0113ju. LG apgalvo, ka tiek izmantota viet\u0113j\u0101 5K MI aug\u0161upskal\u0113\u0161anas tehnolo\u0123ija, kas analiz\u0113 un uzlabo saturu pirms att\u0113la par\u0101d\u012b\u0161anas, nodro\u0161inot 5K l\u012bme\u0146a asumu bez papildu slodzes uz GPU. Viet\u0113j\u0101 MI sist\u0113m\u0101 ietilpst ar\u012b MI ainu optimiz\u0101cija un MI ska\u0146as uzlabo\u0161ana. Monitors atbalsta Dual Mode: 165 Hz pie 5K2K iz\u0161\u0137irtsp\u0113jas un 330 Hz pie WFHD iz\u0161\u0137irtsp\u0113jas. Rea\u0123\u0113\u0161anas laiks ir 0,03 ms (GtG). Pikse\u013cu bl\u012bvums ir 142 PPI, un ir VESA DisplayHDR True Black 500 sertifik\u0101cija. Ekr\u0101na panelis ir veidots p\u0113c Primary RGB Tandem OLED tehnolo\u0123ijas, kas uzlabo spilgtumu, kr\u0101su precizit\u0101ti un displeja ilgm\u016b\u017e\u012bbu. Ekr\u0101na vertik\u0101lais augstums atbilst 32 collu monitoram, ta\u010du ar iev\u0113rojami pla\u0161\u0101ku redzes lauku sp\u0113l\u0113m un daudzuzdevumu veik\u0161anai.<\/p>\n<p>27 collu UltraGear evo GM9: MiniLED ar MI un Zero Optical Distance<\/p>\n<p>Jaunais 27GM950B ir pirmais pasaul\u0113 27 collu 5K New MiniLED monitors, kas izstr\u0101d\u0101ts, lai nov\u0113rstu \u201cblooming\u201d efektu (spilgtu objektu gaismas oreolu uz tum\u0161a fona). Panelis apr\u012bkots ar 2304 lok\u0101l\u0101s aptum\u0161o\u0161anas zon\u0101m un Zero Optical Distance tehnolo\u0123iju, kas minimiz\u0113 att\u0101lumu starp LED fona apgaismojumu un paneli. Monitors atbalsta t\u0101das pa\u0161as MI funkcijas k\u0101 39 collu modelis, k\u0101 ar\u012b Dual Mode: 165 Hz pie 5K un 330 Hz pie QHD iz\u0161\u0137irtsp\u0113jas. Pane\u013ca rea\u0123\u0113\u0161anas laiks ir 1 ms (GtG). Tam ir VESA DisplayHDR 1000 sertifik\u0101cija un maksim\u0101lais spilgtums sasniedz 1250 nitus.<\/p>\n<p>52 collu UltraGear evo G9: liel\u0101kais 5K2K sp\u0113\u013cu monitors<\/p>\n<p>Modelis 52G930B ir pasaul\u0113 liel\u0101kais 5K2K sp\u0113\u013cu monitors ar 240 Hz atjauno\u0161anas bie\u017eumu un 1000R izliekumu. Tam ir standarta 42 collu 16:9 displeja vertik\u0101lais augstums, ta\u010du tas nodro\u0161ina \u012bpa\u0161i platu 12:9 malu attiec\u012bbu, radot par 33% pla\u0161\u0101ku darba telpu nek\u0101 UHD monitoriem. Ier\u012bcei ir VESA DisplayHDR 600 sertifik\u0101cija, ta\u010du \u0161im modelim MI funkcijas nav pieteiktas.<\/p>\n<p>N\u0101kotnes izst\u0101des un glob\u0101l\u0101 p\u0101rdo\u0161ana<\/p>\n<p>LG demonstr\u0113s UltraGear evo s\u0113riju CES 2026, \u012bpa\u0161i \u201cDream Setup\u201d zon\u0101 un \u201cSimCraft\u201d sac\u012bk\u0161u simulator\u0101, kas darbin\u0101ts ar 39GX950B. Izst\u0101des atkl\u0101\u0161anas dien\u0101 s\u0101ksies ar\u012b glob\u0101l\u0101 27 collu QHD OLED monitora ar 540 Hz (un 720 Hz HD re\u017e\u012bm\u0101) UltraGear GX7 (27GX790B) p\u0101rdo\u0161ana.<\/p>\n","protected":false},"excerpt":{"rendered":"LG izzi\u0146o jaunu premium sp\u0113\u013cu monitoru s\u0113riju UltraGear evo P\u0113c veiksm\u012bg\u0101 32 collu 4K monitora ar ieb\u016bv\u0113tu riten\u012b\u0161iem&hellip;\n","protected":false},"author":2,"featured_media":88650,"comment_status":"","ping_status":"","sticky":false,"template":"","format":"standard","meta":{"footnotes":""},"categories":[16],"tags":[77,76,17962,35,39,38,36,37,34,13250,40,22532,22531,22530],"class_list":{"0":"post-88649","1":"post","2":"type-post","3":"status-publish","4":"format-standard","5":"has-post-thumbnail","7":"category-bizness","8":"tag-bizness","9":"tag-business","10":"tag-ces-2026","11":"tag-latvia","12":"tag-latvian","13":"tag-latviesu","14":"tag-latviesu-valoda","15":"tag-latviesuvaloda","16":"tag-latvija","17":"tag-lg","18":"tag-lv","19":"tag-miniled","20":"tag-oled-monitori","21":"tag-ultragear-evo"},"share_on_mastodon":{"url":"https:\/\/pubeurope.com\/@lv\/115802682455166769","error":""},"_links":{"self":[{"href":"https:\/\/www.europesays.com\/lv\/wp-json\/wp\/v2\/posts\/88649","targetHints":{"allow":["GET"]}}],"collection":[{"href":"https:\/\/www.europesays.com\/lv\/wp-json\/wp\/v2\/posts"}],"about":[{"href":"https:\/\/www.europesays.com\/lv\/wp-json\/wp\/v2\/types\/post"}],"author":[{"embeddable":true,"href":"https:\/\/www.europesays.com\/lv\/wp-json\/wp\/v2\/users\/2"}],"replies":[{"embeddable":true,"href":"https:\/\/www.europesays.com\/lv\/wp-json\/wp\/v2\/comments?post=88649"}],"version-history":[{"count":0,"href":"https:\/\/www.europesays.com\/lv\/wp-json\/wp\/v2\/posts\/88649\/revisions"}],"wp:featuredmedia":[{"embeddable":true,"href":"https:\/\/www.europesays.com\/lv\/wp-json\/wp\/v2\/media\/88650"}],"wp:attachment":[{"href":"https:\/\/www.europesays.com\/lv\/wp-json\/wp\/v2\/media?parent=88649"}],"wp:term":[{"taxonomy":"category","embeddable":true,"href":"https:\/\/www.europesays.com\/lv\/wp-json\/wp\/v2\/categories?post=88649"},{"taxonomy":"post_tag","embeddable":true,"href":"https:\/\/www.europesays.com\/lv\/wp-json\/wp\/v2\/tags?post=88649"}],"curies":[{"name":"wp","href":"https:\/\/api.w.org\/{rel}","templated":true}]}}