{"id":88651,"date":"2025-12-29T11:44:07","date_gmt":"2025-12-29T11:44:07","guid":{"rendered":"https:\/\/www.europesays.com\/lv\/88651\/"},"modified":"2025-12-29T11:44:07","modified_gmt":"2025-12-29T11:44:07","slug":"kina-sak-plasas-militaras-macibas-ap-taivanu-diena","status":"publish","type":"post","link":"https:\/\/www.europesays.com\/lv\/88651\/","title":{"rendered":"\u0136\u012bna s\u0101k pla\u0161as milit\u0101r\u0101s m\u0101c\u012bbas ap Taiv\u0101nu \/ Diena"},"content":{"rendered":"<p>M\u0101c\u012bbas &#8220;Taisn\u012bguma misija 2025&#8221; notiek j\u016br\u0101 un gaisa telp\u0101 ap Taiv\u0101nu. T\u0101s ir kop\u0161 apr\u012b\u013ca pirm\u0101s pla\u0161\u0101s milit\u0101r\u0101s m\u0101c\u012bbas pie Taiv\u0101nas.<\/p>\n<p>&#13;<br \/>\n&#13;<\/p>\n<p>K\u0101 zi\u0146o valsts mediji, Pekina \u0161aj\u0101s m\u0101c\u012bb\u0101s galveno uzman\u012bbu piev\u0113r\u0161 kaujas gatav\u012bbas patru\u013c\u0101m, visaptvero\u0161a p\u0101r\u0101kuma pan\u0101k\u0161anai un galveno ostu un teritoriju blo\u0137\u0113\u0161anai.<\/p>\n<p>&#13;<br \/>\n&#13;<\/p>\n<p>Armijas preses p\u0101rst\u0101vis \u0160i Ji nor\u0101d\u012bjis, ka m\u0101c\u012bbas esot br\u012bdin\u0101jums &#8220;Taiv\u0101nas neatkar\u012bbas separ\u0101tistu sp\u0113kiem&#8221; un \u0101r\u0113jas iejauk\u0161an\u0101s m\u0113\u0123in\u0101jumiem.<\/p>\n<p>&#13;<br \/>\n&#13;<\/p>\n<p>\u0160i apgalvojis, ka m\u0101c\u012bbas esot likum\u012bgs un nepiecie\u0161ams pas\u0101kums, lai aizsarg\u0101tu \u0136\u012bnas suverenit\u0101ti un valsts nedal\u0101m\u012bbu.<\/p>\n<p>&#13;<br \/>\n&#13;<\/p>\n<p>Atsevi\u0161\u0137\u0101 pazi\u0146ojum\u0101 \u0136\u012bnas armija inform\u0113jusi, ka no otrdienas t\u0101 r\u012bkos kaujas uguns m\u0101c\u012bbas piec\u0101s noteikt\u0101s zon\u0101s ap Taiv\u0101nu, iesakot neiesaist\u012btiem ku\u0123iem un lidma\u0161\u012bn\u0101m izvair\u012bties no \u0161\u012bm zon\u0101m.<\/p>\n<p>&#13;<br \/>\n&#13;<\/p>\n<p>M\u0101c\u012bbas sar\u012bkotas p\u0113c tam, kad atjaunoj\u0101s spriedze \u0136\u012bnas un ASV attiec\u012bb\u0101s saist\u012bb\u0101 ar Va\u0161ingtonas pazi\u0146ojumu par rekordlielu iero\u010du paketi Taiv\u0101nai 11,1 miljarda ASV dol\u0101ru (9,5 miljardi eiro) apm\u0113r\u0101.<\/p>\n<p>&#13;<br \/>\n&#13;<\/p>\n<p>\u0136\u012bnas armija gandr\u012bz katru dienu re\u0123ion\u0101 r\u012bko m\u0101c\u012bbas ar karaku\u0123iem un kara lidma\u0161\u012bn\u0101m.<\/p>\n<p>&#13;<br \/>\n&#13;<\/p>\n<p>Taiv\u0101na stingri nosod\u012bjusi atjaunot\u0101s \u0136\u012bnas milit\u0101r\u0101s darb\u012bbas.<\/p>\n<p>&#13;<br \/>\n&#13;<\/p>\n<p>&#8220;\u0136\u012bnas darb\u012bbas ne tikai brut\u0101li grauj past\u0101vo\u0161o dro\u0161\u012bbu un stabilit\u0101ti Taiv\u0101nas \u0161aurum\u0101, k\u0101 ar\u012b Indijas un Klus\u0101 oke\u0101na re\u0123ion\u0101, bet ar\u012b atkl\u0101ti izaicina starptautisk\u0101s ties\u012bbas un starptautisko k\u0101rt\u012bbu,&#8221; uzsv\u0113rusi Taiv\u0101nas prezidenta kancelejas preses sekret\u0101re Karena Kuo.<\/p>\n<p>&#13;<br \/>\n&#13;<\/p>\n<p>Kuo piebildusi, ka Taiv\u0101nas bru\u0146otie sp\u0113ki un dro\u0161\u012bbas iest\u0101des ir r\u016bp\u012bgi sagatavoju\u0161\u0101s situ\u0101cijai un ir piln\u012bgas gatav\u012bbas st\u0101vokl\u012b.<\/p>\n<p>&#13;<br \/>\n&#13;<\/p>\n<p>1949. gad\u0101, kad \u0136\u012bnas Republikas vald\u012bba zaud\u0113ja komunistiem pilso\u0146kar\u0101 un aizb\u0113ga uz Taiv\u0101nas salu, &#8220;de facto&#8221; rad\u0101s divas \u0137\u012bnie\u0161u valstis. Komunistisk\u0101 \u0136\u012bna nosauca sevi par \u0136\u012bnas Tautas Republiku, bet \u0137\u012bnie\u0161u nacion\u0101listu vald\u012bba Taiv\u0101n\u0101 turpin\u0101ja d\u0113v\u0113t sevi par \u0136\u012bnas Republiku. \u0136\u012bna joproj\u0101m uzskata Taiv\u0101nu par savas teritorijas sast\u0101vda\u013cu un pasludin\u0101jusi m\u0113r\u0137i atg\u016bt zaud\u0113to salu, nepiecie\u0161am\u012bbas gad\u012bjum\u0101 izmantojot ar\u012b milit\u0101rus l\u012bdzek\u013cus.<\/p>\n<p>&#13;<\/p>\n","protected":false},"excerpt":{"rendered":"M\u0101c\u012bbas &#8220;Taisn\u012bguma misija 2025&#8221; notiek j\u016br\u0101 un gaisa telp\u0101 ap Taiv\u0101nu. T\u0101s ir kop\u0161 apr\u012b\u013ca pirm\u0101s pla\u0161\u0101s milit\u0101r\u0101s&hellip;\n","protected":false},"author":2,"featured_media":88652,"comment_status":"","ping_status":"","sticky":false,"template":"","format":"standard","meta":{"footnotes":""},"categories":[14],"tags":[23,57,28,29,32,33,22,30,31,35,39,38,36,37,34,40,20,26,27,24,25,54,55,56,21,58],"class_list":{"0":"post-88651","1":"post","2":"type-post","3":"status-publish","4":"format-standard","5":"has-post-thumbnail","7":"category-zinas-no-arvalstim","8":"tag-aktualitates","9":"tag-arvalstim","10":"tag-breaking-news","11":"tag-breakingnews","12":"tag-featured-news","13":"tag-featurednews","14":"tag-headlines","15":"tag-latest-news","16":"tag-latestnews","17":"tag-latvia","18":"tag-latvian","19":"tag-latviesu","20":"tag-latviesu-valoda","21":"tag-latviesuvaloda","22":"tag-latvija","23":"tag-lv","24":"tag-news","25":"tag-popularakas-zinas","26":"tag-popularakaszinas","27":"tag-top-stories","28":"tag-topstories","29":"tag-world","30":"tag-world-news","31":"tag-worldnews","32":"tag-zinas","33":"tag-zinas-no-arvalstim"},"share_on_mastodon":{"url":"https:\/\/pubeurope.com\/@lv\/115802686352854356","error":""},"_links":{"self":[{"href":"https:\/\/www.europesays.com\/lv\/wp-json\/wp\/v2\/posts\/88651","targetHints":{"allow":["GET"]}}],"collection":[{"href":"https:\/\/www.europesays.com\/lv\/wp-json\/wp\/v2\/posts"}],"about":[{"href":"https:\/\/www.europesays.com\/lv\/wp-json\/wp\/v2\/types\/post"}],"author":[{"embeddable":true,"href":"https:\/\/www.europesays.com\/lv\/wp-json\/wp\/v2\/users\/2"}],"replies":[{"embeddable":true,"href":"https:\/\/www.europesays.com\/lv\/wp-json\/wp\/v2\/comments?post=88651"}],"version-history":[{"count":0,"href":"https:\/\/www.europesays.com\/lv\/wp-json\/wp\/v2\/posts\/88651\/revisions"}],"wp:featuredmedia":[{"embeddable":true,"href":"https:\/\/www.europesays.com\/lv\/wp-json\/wp\/v2\/media\/88652"}],"wp:attachment":[{"href":"https:\/\/www.europesays.com\/lv\/wp-json\/wp\/v2\/media?parent=88651"}],"wp:term":[{"taxonomy":"category","embeddable":true,"href":"https:\/\/www.europesays.com\/lv\/wp-json\/wp\/v2\/categories?post=88651"},{"taxonomy":"post_tag","embeddable":true,"href":"https:\/\/www.europesays.com\/lv\/wp-json\/wp\/v2\/tags?post=88651"}],"curies":[{"name":"wp","href":"https:\/\/api.w.org\/{rel}","templated":true}]}}