{"id":88663,"date":"2025-12-29T11:50:07","date_gmt":"2025-12-29T11:50:07","guid":{"rendered":"https:\/\/www.europesays.com\/lv\/88663\/"},"modified":"2025-12-29T11:50:07","modified_gmt":"2025-12-29T11:50:07","slug":"izraelas-augstaka-tiesa-aptur-valdibas-lemumu-slegt-armijas-radio","status":"publish","type":"post","link":"https:\/\/www.europesays.com\/lv\/88663\/","title":{"rendered":"Izra\u0113las Augst\u0101k\u0101 tiesa aptur vald\u012bbas l\u0113mumu sl\u0113gt armijas radio"},"content":{"rendered":"<p>Augst\u0101k\u0101s tiesas priek\u0161s\u0113d\u0113t\u0101js \u012az\u0101ks Amits nor\u0101d\u012bja, ka l\u0113muma aptur\u0113\u0161ana da\u013c\u0113ji saist\u0101ma ar to, ka vald\u012bba &#8220;skaidri nav izpild\u012bjusi ap\u0146\u0113m\u0161anos neveikt neatgriezeniskus pas\u0101kumus, kam\u0113r tiesa nav pie\u0146\u0113musi gal\u012bgo l\u0113mumu&#8221;.<\/p>\n<p>Vi\u0146\u0161 piebilda, ka tiesas l\u0113mumu atbalsta ar\u012b \u0123ener\u0101lprokurore Gali Baharava-Miara.<\/p>\n<p>Pag\u0101ju\u0161aj\u0101 ned\u0113\u013c\u0101 vald\u012bba apstiprin\u0101ja l\u0113mumu &#8220;Galei Cahal&#8221; sl\u0113gt no 1. marta.<\/p>\n<p>1950. gad\u0101 dibin\u0101t\u0101 radiostacija ir pla\u0161i paz\u012bstama ar sav\u0101m zi\u0146u programm\u0101m, un tai seko gan viet\u0113jie, gan \u0101rvalstu korespondenti.<\/p>\n<p>Vald\u012bbas veikt\u0101 auditorijas aptauja liecina, ka t\u0101 ir tre\u0161\u0101 klaus\u012bt\u0101k\u0101 Izra\u0113las radiostacija ar 17,7% tirgus da\u013cu.<\/p>\n<p>Premjerministrs Benjamins Netanjahu mudin\u0101ja ministrus atbalst\u012bt sl\u0113g\u0161anu, nor\u0101dot, ka gadu gait\u0101 jau vair\u0101kk\u0101rt izskan\u0113ju\u0161i priek\u0161likumi izbeigt radiostacijas pak\u013caut\u012bbu armijai, to likvid\u0113t vai privatiz\u0113t.<\/p>\n<p>Ta\u010du \u0123ener\u0101lprokurore, kas ir ar\u012b vald\u012bbas juridisk\u0101 padomniece un pret ko premjerministrs ir ierosin\u0101jis atlai\u0161anas proced\u016bru, br\u012bdin\u0101ja, ka stacijas sl\u0113g\u0161ana rada &#8220;ba\u017eas par iesp\u0113jamu politisku iejauk\u0161anos sabiedriskaj\u0101 apraid\u0113&#8221;.<\/p>\n","protected":false},"excerpt":{"rendered":"Augst\u0101k\u0101s tiesas priek\u0161s\u0113d\u0113t\u0101js \u012az\u0101ks Amits nor\u0101d\u012bja, ka l\u0113muma aptur\u0113\u0161ana da\u013c\u0113ji saist\u0101ma ar to, ka vald\u012bba &#8220;skaidri nav izpild\u012bjusi&hellip;\n","protected":false},"author":2,"featured_media":88664,"comment_status":"","ping_status":"","sticky":false,"template":"","format":"standard","meta":{"footnotes":""},"categories":[14],"tags":[23,57,28,29,32,33,22,493,503,30,31,35,39,38,36,37,34,40,20,26,27,24,25,54,55,56,21,58],"class_list":{"0":"post-88663","1":"post","2":"type-post","3":"status-publish","4":"format-standard","5":"has-post-thumbnail","7":"category-zinas-no-arvalstim","8":"tag-aktualitates","9":"tag-arvalstim","10":"tag-breaking-news","11":"tag-breakingnews","12":"tag-featured-news","13":"tag-featurednews","14":"tag-headlines","15":"tag-izraela","16":"tag-izraelas-palestiniesu-konflikts","17":"tag-latest-news","18":"tag-latestnews","19":"tag-latvia","20":"tag-latvian","21":"tag-latviesu","22":"tag-latviesu-valoda","23":"tag-latviesuvaloda","24":"tag-latvija","25":"tag-lv","26":"tag-news","27":"tag-popularakas-zinas","28":"tag-popularakaszinas","29":"tag-top-stories","30":"tag-topstories","31":"tag-world","32":"tag-world-news","33":"tag-worldnews","34":"tag-zinas","35":"tag-zinas-no-arvalstim"},"share_on_mastodon":{"url":"https:\/\/pubeurope.com\/@lv\/115802709916224070","error":""},"_links":{"self":[{"href":"https:\/\/www.europesays.com\/lv\/wp-json\/wp\/v2\/posts\/88663","targetHints":{"allow":["GET"]}}],"collection":[{"href":"https:\/\/www.europesays.com\/lv\/wp-json\/wp\/v2\/posts"}],"about":[{"href":"https:\/\/www.europesays.com\/lv\/wp-json\/wp\/v2\/types\/post"}],"author":[{"embeddable":true,"href":"https:\/\/www.europesays.com\/lv\/wp-json\/wp\/v2\/users\/2"}],"replies":[{"embeddable":true,"href":"https:\/\/www.europesays.com\/lv\/wp-json\/wp\/v2\/comments?post=88663"}],"version-history":[{"count":0,"href":"https:\/\/www.europesays.com\/lv\/wp-json\/wp\/v2\/posts\/88663\/revisions"}],"wp:featuredmedia":[{"embeddable":true,"href":"https:\/\/www.europesays.com\/lv\/wp-json\/wp\/v2\/media\/88664"}],"wp:attachment":[{"href":"https:\/\/www.europesays.com\/lv\/wp-json\/wp\/v2\/media?parent=88663"}],"wp:term":[{"taxonomy":"category","embeddable":true,"href":"https:\/\/www.europesays.com\/lv\/wp-json\/wp\/v2\/categories?post=88663"},{"taxonomy":"post_tag","embeddable":true,"href":"https:\/\/www.europesays.com\/lv\/wp-json\/wp\/v2\/tags?post=88663"}],"curies":[{"name":"wp","href":"https:\/\/api.w.org\/{rel}","templated":true}]}}