{"id":88675,"date":"2025-12-29T11:57:07","date_gmt":"2025-12-29T11:57:07","guid":{"rendered":"https:\/\/www.europesays.com\/lv\/88675\/"},"modified":"2025-12-29T11:57:07","modified_gmt":"2025-12-29T11:57:07","slug":"zunda-towers-atradisies-pieczvaigznu-eurostars-viesnica-dienas-bizness","status":"publish","type":"post","link":"https:\/\/www.europesays.com\/lv\/88675\/","title":{"rendered":"Zunda Towers atrad\u012bsies pieczvaig\u017e\u0146u Eurostars viesn\u012bca :: Dienas Bizness"},"content":{"rendered":"<p class=\"text-font font-size--text-xlarge margin-3--bottom font-weight--bold padding-1--top\">Alkoholisko dz\u0113rienu ra\u017eot\u0101jiem Baltijas re\u0123ion\u0101 \u201cAmber Beverage Group\u201d (ABG) atk\u0101rtoti apliecina savu ap\u0146em\u0161anos izpild\u012bt visas saist\u012bbas pret Valsts ie\u0146\u0113mumu dienestu (VID), tai skait\u0101 \u2013 segt visus atliku\u0161os nodok\u013cu maks\u0101jumus.<\/p>\n<p class=\"text-font font-size--text-xlarge margin-3--bottom\">Uz\u0146\u0113mums uzsver, ka \u012bslaic\u012bgas maks\u0101jumu kav\u0113\u0161an\u0101s tie\u0161i izriet no sek\u0101m, ar kur\u0101m n\u0101c\u0101s saskarties p\u0113c publiska atbalsta pau\u0161anai Ukrainai p\u0113c Krievijas pilna m\u0113roga iebrukuma 2022. gad\u0101.<\/p>\n<p class=\"text-font font-size--text-xlarge margin-3--bottom\">Uz\u0146\u0113mumam ir divas ra\u017eotnes R\u012bg\u0101, un tas nodarbina 450\u2013550 cilv\u0113kus. ABG p\u0101rvalda vair\u0101k nek\u0101 15 starptautiski atz\u012btus z\u012bmolus un jau gadu desmitiem ie\u0146em noz\u012bm\u012bgu vietu Latvijas r\u016bpniec\u012bbas un pat\u0113r\u0113t\u0101ju produktu ra\u017eo\u0161anas nozar\u0113.2022. gad\u0101, karam saasinoties, \u201cAmber Beverage Group\u201d publiski pauda solidarit\u0101ti Ukrainai.<\/p>\n<p class=\"text-font font-size--text-xlarge margin-3--bottom\">Atbildot uz to, Krievijas varas iest\u0101des atzina uz\u0146\u0113mumu par \u201cekstr\u0113mistisku\u201d. 2024. gada j\u016blij\u0101 ABG spirta r\u016bpn\u012bca Krievij\u0101 tika piespiedu k\u0101rt\u0101 un nelikum\u012bgi nacionaliz\u0113ta. N\u0101kamaj\u0101 m\u0113nes\u012b uz\u0146\u0113mums cieta koordin\u0113t\u0101 kiberuzbrukum\u0101, kura rezult\u0101t\u0101 tika \u0161ifr\u0113tas iek\u0161\u0113j\u0101s sist\u0113mas un uz laiku aptur\u0113ta uz\u0146\u0113muma darb\u012bba.<\/p>\n<p class=\"text-font font-size--text-xlarge margin-3--bottom\">Neskatoties uz \u0161iem izaicin\u0101jumiem, ABG joproj\u0101m ir viens no Latvijas liel\u0101kajiem nodok\u013cu maks\u0101t\u0101jiem.<\/p>\n<p class=\"text-font font-size--text-xlarge margin-3--bottom\">Laik\u0101 no 2002. l\u012bdz 2024. gadam (ieskaitot) uz\u0146\u0113mumu grupa Latvijas valsts bud\u017eet\u0101 ir samaks\u0101jusi gandr\u012bz 2 miljardus eiro nodok\u013cos.2024. gad\u0101 VID apstiprin\u0101ja pak\u0101penisku maks\u0101jumu grafiku par kop\u0113jo nodok\u013cu summu 17,7 miljoni eiro, saska\u0146\u0101 ar Likuma par nodok\u013ciem un nodev\u0101m 24. panta pirm\u0101s da\u013cas 1. punktu.<\/p>\n<p class=\"text-font font-size--text-xlarge margin-3--bottom\">ABG ir veikusi visaptvero\u0161us pas\u0101kumus \u0161o saist\u012bbu izpildei. K\u0101 da\u013cu no struktur\u0113t\u0101 uz\u0146\u0113muma biznesa stabiliz\u0101cijas pl\u0101na, uz\u0146\u0113mums ir p\u0101rdevis ar pamatdarb\u012bbu nesaist\u012btus akt\u012bvus, tostarp noliktavu Lietuv\u0101, k\u0101 ar\u012b konsolid\u0113ju\u0161i galveno biroju no Zunda Towers uz \u201cLatvijas balzama\u201d ra\u017eotni R\u012bg\u0101.<\/p>\n<p class=\"text-font font-size--text-xlarge margin-3--bottom\">\u201c\u201dAmber Beverage Group\u201d jau gadu desmitiem ir viens no Latvijas vado\u0161ajiem r\u016bpniec\u012bbas uz\u0146\u0113mumiem un nodok\u013cu maks\u0101t\u0101jiem. M\u0113s piln\u012bb\u0101 apzin\u0101mies savu atbild\u012bbu valsts un sabiedr\u012bbas priek\u0161\u0101. M\u016bsu bizness saglab\u0101 stabilit\u0101ti, neskatoties uz satricin\u0101jumiem, ar kuriem sask\u0101r\u0101mies \u2014 satricin\u0101jumiem, kas tie\u0161i saist\u012bti ar m\u016bsu l\u0113mumu r\u012bkoties saska\u0146\u0101 ar sav\u0101m v\u0113rt\u012bb\u0101m un atbalst\u012bt Ukrainu. M\u0113s paliekam uztic\u012bgi \u0161im l\u0113mumam. Ar augsti kvalific\u0113tu un motiv\u0113tu komandu R\u012bg\u0101 un vis\u0101 pasaul\u0113 m\u0113s esam piln\u012bb\u0101 ap\u0146\u0113mu\u0161ies izpild\u012bt visas nodok\u013cu saist\u012bbas piln\u0101 apm\u0113r\u0101,\u201d t\u0101 st\u0101sta Normunds Sta\u0146\u0113vi\u010ds, \u201cAmber Beverage Group\u201d izpilddirektors.<\/p>\n<p class=\"text-font font-size--text-xlarge margin-3--bottom\">\u201cAmber Beverage Group\u201d turpina cie\u0161i un caurskat\u0101mi sadarboties ar VID un nov\u0113rt\u0113 sadarb\u012bbu, kas saglab\u0101ta \u0161aj\u0101 sare\u017e\u0123\u012btaj\u0101 period\u0101. Uz\u0146\u0113mums saglab\u0101 p\u0101rliec\u012bbu par savu ilgtermi\u0146a strat\u0113\u0123iju un pa\u0161laik \u012bstenotajiem atvese\u013co\u0161an\u0101s pas\u0101kumiem.<\/p>\n","protected":false},"excerpt":{"rendered":"Alkoholisko dz\u0113rienu ra\u017eot\u0101jiem Baltijas re\u0123ion\u0101 \u201cAmber Beverage Group\u201d (ABG) atk\u0101rtoti apliecina savu ap\u0146em\u0161anos izpild\u012bt visas saist\u012bbas pret Valsts&hellip;\n","protected":false},"author":2,"featured_media":88676,"comment_status":"","ping_status":"","sticky":false,"template":"","format":"standard","meta":{"footnotes":""},"categories":[12],"tags":[23,869,77,870,28,29,867,32,33,22,30,31,35,39,38,36,37,34,871,868,40,20,26,27,24,25,21],"class_list":{"0":"post-88675","1":"post","2":"type-post","3":"status-publish","4":"format-standard","5":"has-post-thumbnail","7":"category-latvija","8":"tag-aktualitates","9":"tag-biznesa-zinas","10":"tag-bizness","11":"tag-bizness-latvija","12":"tag-breaking-news","13":"tag-breakingnews","14":"tag-dienas-zinas","15":"tag-featured-news","16":"tag-featurednews","17":"tag-headlines","18":"tag-latest-news","19":"tag-latestnews","20":"tag-latvia","21":"tag-latvian","22":"tag-latviesu","23":"tag-latviesu-valoda","24":"tag-latviesuvaloda","25":"tag-latvija","26":"tag-latvijas-biznesa-zinas","27":"tag-latvijas-zinas","28":"tag-lv","29":"tag-news","30":"tag-popularakas-zinas","31":"tag-popularakaszinas","32":"tag-top-stories","33":"tag-topstories","34":"tag-zinas"},"share_on_mastodon":{"url":"","error":""},"_links":{"self":[{"href":"https:\/\/www.europesays.com\/lv\/wp-json\/wp\/v2\/posts\/88675","targetHints":{"allow":["GET"]}}],"collection":[{"href":"https:\/\/www.europesays.com\/lv\/wp-json\/wp\/v2\/posts"}],"about":[{"href":"https:\/\/www.europesays.com\/lv\/wp-json\/wp\/v2\/types\/post"}],"author":[{"embeddable":true,"href":"https:\/\/www.europesays.com\/lv\/wp-json\/wp\/v2\/users\/2"}],"replies":[{"embeddable":true,"href":"https:\/\/www.europesays.com\/lv\/wp-json\/wp\/v2\/comments?post=88675"}],"version-history":[{"count":0,"href":"https:\/\/www.europesays.com\/lv\/wp-json\/wp\/v2\/posts\/88675\/revisions"}],"wp:featuredmedia":[{"embeddable":true,"href":"https:\/\/www.europesays.com\/lv\/wp-json\/wp\/v2\/media\/88676"}],"wp:attachment":[{"href":"https:\/\/www.europesays.com\/lv\/wp-json\/wp\/v2\/media?parent=88675"}],"wp:term":[{"taxonomy":"category","embeddable":true,"href":"https:\/\/www.europesays.com\/lv\/wp-json\/wp\/v2\/categories?post=88675"},{"taxonomy":"post_tag","embeddable":true,"href":"https:\/\/www.europesays.com\/lv\/wp-json\/wp\/v2\/tags?post=88675"}],"curies":[{"name":"wp","href":"https:\/\/api.w.org\/{rel}","templated":true}]}}