{"id":88681,"date":"2025-12-29T12:00:07","date_gmt":"2025-12-29T12:00:07","guid":{"rendered":"https:\/\/www.europesays.com\/lv\/88681\/"},"modified":"2025-12-29T12:00:07","modified_gmt":"2025-12-29T12:00:07","slug":"ilggadejam-basketbola-trenerim-rimbeniekam-pieskirs-balvu-par-muza-ieguldijumu","status":"publish","type":"post","link":"https:\/\/www.europesays.com\/lv\/88681\/","title":{"rendered":"Ilggad\u0113jam basketbola trenerim Rimbeniekam pie\u0161\u0137irs balvu par m\u016b\u017ea ieguld\u012bjumu"},"content":{"rendered":"<p>Balvas &#8220;R\u012bgas sporta laure\u0101ts 2025&#8221; pasnieg\u0161anas ceremonija notiks 8. janv\u0101r\u012b plkst. 19 VEF Kult\u016bras pil\u012b.<\/p>\n<p>Pas\u0101kuma laik\u0101 sveiks galvaspils\u0113tas lab\u0101kos sportistus, trenerus, komandas un pazi\u0146os gada notikumu sport\u0101.<\/p>\n<p>Laure\u0101tus godin\u0101s desmit nomin\u0101cij\u0101s: &#8220;R\u012bgas Gada sportists&#8221;, &#8220;R\u012bgas Gada sportiste&#8221;, &#8220;R\u012bgas Gada parasportists&#8221;, &#8220;R\u012bgas Gada parasportiste&#8221;, &#8220;R\u012bgas Gada sporta sp\u0113\u013cu komanda&#8221;, &#8220;R\u012bgas Gada komanda individu\u0101lajos sporta veidos&#8221;, &#8220;Uzleco\u0161\u0101 zvaigzne sport\u0101&#8221;, &#8220;R\u012bgas Gada treneris&#8221;, &#8220;Gada notikums sport\u0101&#8221; un &#8220;Par m\u016b\u017ea ieguld\u012bjumu sport\u0101&#8221;.<\/p>\n<p>Apbalvojuma &#8220;R\u012bgas sporta laure\u0101ts 2025&#8221; nomin\u0101cij\u0101m ir izvirz\u012bti paz\u012bstami sportisti un sabiedr\u012bb\u0101 labi zin\u0101mi treneri, popul\u0101ras komandas, k\u0101 ar\u012b skat\u012bt\u0101ju un dal\u012bbnieku pla\u0161i apmekl\u0113ti sporta notikumi.<\/p>\n<p>Nomin\u0101cij\u0101 &#8220;Gada sportists&#8221; ir izvirz\u012bts skeitbordists Gustavs Gail\u012btis, pludmales volejbolists Kristi\u0101ns Fokerots un vieglatl\u0113ts Valters Krei\u0161s.<\/p>\n<p>Nomin\u0101cij\u0101 &#8220;Gada sportiste&#8221; izvirz\u012bta skeitbordiste Dominika Adri\u0101na Ozoli\u0146a, dejot\u0101ja El\u012bza L\u012bne un vieglatl\u0113te Anete Sieti\u0146a.<\/p>\n<p>Visi laure\u0101ti sa\u0146ems stikla m\u0101kslinieces Ilzes D\u016bdi\u0146as veidotas stikla balvas un R\u012bgas pa\u0161vald\u012bbas Atzin\u012bbas un Goda rakstus.<\/p>\n<p>Balvu pasnieg\u0161anas ceremoniju vad\u012bs sporta \u017eurn\u0101lists D\u0101vids Ern\u0161treits un aktrise Agnese Budovska.<\/p>\n<p>Pieteikumus var\u0113ja iesniegt Latvij\u0101 atz\u012btas sporta feder\u0101cijas, R\u012bgas pa\u0161vald\u012bbas administrat\u012bvaj\u0101 teritorij\u0101 re\u0123istr\u0113tas nevalstisk\u0101s sporta organiz\u0101cijas un sporta izgl\u012bt\u012bbas iest\u0101des.<\/p>\n<p>Apbalvojumu &#8220;R\u012bgas sporta laure\u0101ts 2025&#8221; pasniegs jau tr\u012bspadsmito reizi.<\/p>\n","protected":false},"excerpt":{"rendered":"Balvas &#8220;R\u012bgas sporta laure\u0101ts 2025&#8221; pasnieg\u0161anas ceremonija notiks 8. janv\u0101r\u012b plkst. 19 VEF Kult\u016bras pil\u012b. Pas\u0101kuma laik\u0101 sveiks&hellip;\n","protected":false},"author":2,"featured_media":88682,"comment_status":"","ping_status":"","sticky":false,"template":"","format":"standard","meta":{"footnotes":""},"categories":[17],"tags":[145,35,39,38,36,37,34,40,687,67],"class_list":{"0":"post-88681","1":"post","2":"type-post","3":"status-publish","4":"format-standard","5":"has-post-thumbnail","7":"category-sports","8":"tag-basketbols","9":"tag-latvia","10":"tag-latvian","11":"tag-latviesu","12":"tag-latviesu-valoda","13":"tag-latviesuvaloda","14":"tag-latvija","15":"tag-lv","16":"tag-rigas-dome","17":"tag-sports"},"share_on_mastodon":{"url":"https:\/\/pubeurope.com\/@lv\/115802749213686820","error":""},"_links":{"self":[{"href":"https:\/\/www.europesays.com\/lv\/wp-json\/wp\/v2\/posts\/88681","targetHints":{"allow":["GET"]}}],"collection":[{"href":"https:\/\/www.europesays.com\/lv\/wp-json\/wp\/v2\/posts"}],"about":[{"href":"https:\/\/www.europesays.com\/lv\/wp-json\/wp\/v2\/types\/post"}],"author":[{"embeddable":true,"href":"https:\/\/www.europesays.com\/lv\/wp-json\/wp\/v2\/users\/2"}],"replies":[{"embeddable":true,"href":"https:\/\/www.europesays.com\/lv\/wp-json\/wp\/v2\/comments?post=88681"}],"version-history":[{"count":0,"href":"https:\/\/www.europesays.com\/lv\/wp-json\/wp\/v2\/posts\/88681\/revisions"}],"wp:featuredmedia":[{"embeddable":true,"href":"https:\/\/www.europesays.com\/lv\/wp-json\/wp\/v2\/media\/88682"}],"wp:attachment":[{"href":"https:\/\/www.europesays.com\/lv\/wp-json\/wp\/v2\/media?parent=88681"}],"wp:term":[{"taxonomy":"category","embeddable":true,"href":"https:\/\/www.europesays.com\/lv\/wp-json\/wp\/v2\/categories?post=88681"},{"taxonomy":"post_tag","embeddable":true,"href":"https:\/\/www.europesays.com\/lv\/wp-json\/wp\/v2\/tags?post=88681"}],"curies":[{"name":"wp","href":"https:\/\/api.w.org\/{rel}","templated":true}]}}