{"id":88683,"date":"2025-12-29T12:02:09","date_gmt":"2025-12-29T12:02:09","guid":{"rendered":"https:\/\/www.europesays.com\/lv\/88683\/"},"modified":"2025-12-29T12:02:09","modified_gmt":"2025-12-29T12:02:09","slug":"pie-panamas-kanala-nojaukts-piemineklis-kinas-ieguldijumam","status":"publish","type":"post","link":"https:\/\/www.europesays.com\/lv\/88683\/","title":{"rendered":"Pie Panamas kan\u0101la nojaukts piemineklis \u0136\u012bnas ieguld\u012bjumam"},"content":{"rendered":"<p>P\u0113d\u0113jos m\u0113ne\u0161os ASV prezidents Donalds Tramps ir izteicis draudus atg\u016bt kontroli p\u0101r kan\u0101lu, apgalvojot, ka Pekinai ir p\u0101r\u0101k liela ietekme uz t\u0101 darb\u012bbu.<\/p>\n<p>Araihanas pa\u0161vald\u012bbas m\u0113ra r\u012bkojumu nojaukt 2004. gad\u0101 uzcelto pieminekli, kas simboliz\u0113ja draudz\u012bbu starp valst\u012bm, kritiz\u0113ja gan Panamas, gan \u0136\u012bnas l\u012bderi.<\/p>\n<p>M\u0113ra biroj\u0101 nor\u0101d\u012bja, ka piemineklim, no k\u0101 paveras skats uz \u016bdensce\u013cu, kas stiepjas p\u0101ri Ameriku tiltam, ir struktur\u0101li boj\u0101jumi, kas rada risku.<\/p>\n<p>Ta\u010du Panamas prezidents Hos\u0113 Rauls Mulino sv\u0113tdien pazi\u0146oja, ka &#8220;pastr\u0101d\u0101tajam barbarismam nav nek\u0101da attaisnojuma&#8221;, nosaucot to par &#8220;nepiedodamu iracionalit\u0101tes aktu&#8221;.<\/p>\n<p>P\u0113c personiski nov\u0113rot\u0101s pieminek\u013ca demont\u0101\u017eas \u0136\u012bnas v\u0113stniece Panam\u0101 Sju Sjuejua\u0146a pazi\u0146oja, ka t\u0101 esot &#8220;liela s\u0101pe divpus\u0113jai draudz\u012bbai&#8221;, un nor\u0101d\u012bja, ka tas esot apvainojums 300 000 lielajai \u0137\u012bnie\u0161u kopienai Panam\u0101.<\/p>\n<p><img decoding=\"async\" class=\"figure__image\" onclick=\"triggerEvent('articleImageClick', { id: 17363693, focus: 'single-image', focusIndex: '17363693' })\" onkeydown=\"if (event.key === 'Enter') {&#10;        triggerEvent('articleImageClick', { id: 17363693, focus: 'single-image', focusIndex: '17363693' })&#10;        }\" role=\"button\" tabindex=\"0\" data-focus-from=\"single-image\" data-focus-index=\"17363693\" src=\"https:\/\/www.europesays.com\/lv\/wp-content\/uploads\/2025\/12\/17363693t1h8f32.jpg\"  onload=\"this.parentElement.classList.remove('figure__image-loading')\" alt=\".\"\/>. Foto: Patsy Lee @patsyleer<\/p>\n<p>Da\u017ei \u0137\u012bnie\u0161u kopienas locek\u013ci v\u0113roja demont\u0101\u017eu, ta\u010du policija ne\u013c\u0101va vi\u0146iem nok\u013c\u016bt pie skatu laukuma, lai to aptur\u0113tu, liecina viet\u0113jo mediju public\u0113tie videoieraksti.<\/p>\n<p>ASV un <a href=\"https:\/\/www.apollo.lv\/term\/555483\/kina\" class=\"topicLink\" target=\"_blank\" rel=\"nofollow noopener\">\u0136\u012bna<\/a> ir galven\u0101s 80 kilometrus gar\u0101 kan\u0101la lietot\u0101jas. Kan\u0101lu izmanto 5% no pasaules j\u016bras tirdzniec\u012bbas p\u0101rvad\u0101jumiem.<\/p>\n<p><a href=\"https:\/\/www.apollo.lv\/term\/739106\/panamas-kanals\" class=\"topicLink\" target=\"_blank\" rel=\"nofollow noopener\">Panamas kan\u0101ls<\/a> atrad\u0101s ASV kontrol\u0113 no 1914. l\u012bdz 1999. gadam, kad to p\u0101r\u0146\u0113ma <a href=\"https:\/\/www.apollo.lv\/term\/4842\/panama\" class=\"topicLink\" target=\"_blank\" rel=\"nofollow noopener\">Panama<\/a>.<\/p>\n<p>Tramps ir piepras\u012bjis preferenci\u0101lus nosac\u012bjumus t\u0101 izmanto\u0161anai ASV ku\u0123iem.<\/p>\n<p>Honkong\u0101 b\u0101z\u0113t\u0101 &#8220;Hutchison Holdings&#8221; p\u0101rvalda divas ostas Klusaj\u0101 oke\u0101n\u0101 un Atlantijas oke\u0101n\u0101, bet ir piekritusi t\u0101s p\u0101rdot ASV b\u0101z\u0113tajai &#8220;BlackRock&#8221;.<\/p>\n","protected":false},"excerpt":{"rendered":"P\u0113d\u0113jos m\u0113ne\u0161os ASV prezidents Donalds Tramps ir izteicis draudus atg\u016bt kontroli p\u0101r kan\u0101lu, apgalvojot, ka Pekinai ir p\u0101r\u0101k&hellip;\n","protected":false},"author":2,"featured_media":88684,"comment_status":"","ping_status":"","sticky":false,"template":"","format":"standard","meta":{"footnotes":""},"categories":[14],"tags":[23,57,28,29,32,33,22,4213,30,31,35,39,38,36,37,34,40,20,22537,22538,26,27,24,25,54,55,56,21,58],"class_list":{"0":"post-88683","1":"post","2":"type-post","3":"status-publish","4":"format-standard","5":"has-post-thumbnail","7":"category-zinas-no-arvalstim","8":"tag-aktualitates","9":"tag-arvalstim","10":"tag-breaking-news","11":"tag-breakingnews","12":"tag-featured-news","13":"tag-featurednews","14":"tag-headlines","15":"tag-kina","16":"tag-latest-news","17":"tag-latestnews","18":"tag-latvia","19":"tag-latvian","20":"tag-latviesu","21":"tag-latviesu-valoda","22":"tag-latviesuvaloda","23":"tag-latvija","24":"tag-lv","25":"tag-news","26":"tag-panama","27":"tag-panamas-kanals","28":"tag-popularakas-zinas","29":"tag-popularakaszinas","30":"tag-top-stories","31":"tag-topstories","32":"tag-world","33":"tag-world-news","34":"tag-worldnews","35":"tag-zinas","36":"tag-zinas-no-arvalstim"},"share_on_mastodon":{"url":"https:\/\/pubeurope.com\/@lv\/115802757172401517","error":""},"_links":{"self":[{"href":"https:\/\/www.europesays.com\/lv\/wp-json\/wp\/v2\/posts\/88683","targetHints":{"allow":["GET"]}}],"collection":[{"href":"https:\/\/www.europesays.com\/lv\/wp-json\/wp\/v2\/posts"}],"about":[{"href":"https:\/\/www.europesays.com\/lv\/wp-json\/wp\/v2\/types\/post"}],"author":[{"embeddable":true,"href":"https:\/\/www.europesays.com\/lv\/wp-json\/wp\/v2\/users\/2"}],"replies":[{"embeddable":true,"href":"https:\/\/www.europesays.com\/lv\/wp-json\/wp\/v2\/comments?post=88683"}],"version-history":[{"count":0,"href":"https:\/\/www.europesays.com\/lv\/wp-json\/wp\/v2\/posts\/88683\/revisions"}],"wp:featuredmedia":[{"embeddable":true,"href":"https:\/\/www.europesays.com\/lv\/wp-json\/wp\/v2\/media\/88684"}],"wp:attachment":[{"href":"https:\/\/www.europesays.com\/lv\/wp-json\/wp\/v2\/media?parent=88683"}],"wp:term":[{"taxonomy":"category","embeddable":true,"href":"https:\/\/www.europesays.com\/lv\/wp-json\/wp\/v2\/categories?post=88683"},{"taxonomy":"post_tag","embeddable":true,"href":"https:\/\/www.europesays.com\/lv\/wp-json\/wp\/v2\/tags?post=88683"}],"curies":[{"name":"wp","href":"https:\/\/api.w.org\/{rel}","templated":true}]}}