{"id":88696,"date":"2025-12-29T12:10:13","date_gmt":"2025-12-29T12:10:13","guid":{"rendered":"https:\/\/www.europesays.com\/lv\/88696\/"},"modified":"2025-12-29T12:10:13","modified_gmt":"2025-12-29T12:10:13","slug":"latvijas-ekonomika-ir-paradijusies-izaugsmes-asni-lr1-latvijas-radio","status":"publish","type":"post","link":"https:\/\/www.europesays.com\/lv\/88696\/","title":{"rendered":"Latvijas ekonomik\u0101 ir par\u0101d\u012bju\u0161ies izaugsmes asni \/ LR1 \/ \/ Latvijas Radio"},"content":{"rendered":"<p><a href=\"https:\/\/mapp.latvijasradio.lv\/shared-broadcast?b=237&amp;url=http:\/\/latvijasradio.lsm.lv\/lv\/lr1\/raidijumi\/labriit\/\" target=\"_blank\" rel=\"nofollow noopener\"><img decoding=\"async\" alt=\"Latvijas radio lietotnes logo\" src=\"https:\/\/www.europesays.com\/lv\/wp-content\/uploads\/2025\/12\/1767010213_657_LR_pod poga.png\" style=\"width: 140px; height: 38px;\"\/><\/a><\/p>\n<p>&#8220;Latvijas ekonomik\u0101 \u0161is gads k\u013cuvis k\u0101 pagrieziena punkts, ir par\u0101d\u012bju\u0161ies izaugsmes asni,&#8221; t\u0101 Latvijas Radio raid\u012bjum\u0101 Labr\u012bt sac\u012bja Latvijas Bankas P\u0113tniec\u012bbas da\u013cas vad\u012bt\u0101js K\u0101rlis Vilerts. Vi\u0146\u0161 teica, ka augusi iedz\u012bvot\u0101ju interese par kredit\u0113\u0161anu un mazin\u0101jusies glob\u0101l\u0101 nenoteikt\u012bba.<\/p>\n<p>&#8212;<\/p>\n<p>Latvijas ekonomikas aktivit\u0101te 2025. gad\u0101 ir ats\u0101kusi pieaugt, sevi\u0161\u0137i gada beig\u0101s. Statistikas dati r\u0101da stabilu ekonomikas atkop\u0161anos, jo pirmajos tr\u012bs ceturk\u0161\u0146os iek\u0161zemes kopprodukta pieaugums sasniedza 1,7%, bet tre\u0161aj\u0101 ceturksn\u012b 2,5%, p\u0101rsniedzot iepriek\u0161\u0113j\u0101s prognozes. Tas noz\u012bm\u0113, ka ekonomika atgrie\u017eas pie izaugsmes trajektorijas.<\/p>\n<p>Ieteikt<\/p>\n<p>    Latvijas Radio aicina izteikt savu viedokli par raid\u012bjum\u0101 dzird\u0113to un atbalsta diskusijas klaus\u012bt\u0101ju starp\u0101, tom\u0113r patur ties\u012bbas dz\u0113st koment\u0101rus, kas p\u0101rk\u0101pj cie\u0146pilnas attieksmes un \u0113tiskas r\u012bc\u012bbas robe\u017eas.<a name=\"comments\"\/><\/p>\n","protected":false},"excerpt":{"rendered":"&#8220;Latvijas ekonomik\u0101 \u0161is gads k\u013cuvis k\u0101 pagrieziena punkts, ir par\u0101d\u012bju\u0161ies izaugsmes asni,&#8221; t\u0101 Latvijas Radio raid\u012bjum\u0101 Labr\u012bt sac\u012bja&hellip;\n","protected":false},"author":2,"featured_media":88697,"comment_status":"","ping_status":"","sticky":false,"template":"","format":"standard","meta":{"footnotes":""},"categories":[5],"tags":[23,28,29,32,33,22,30,31,35,39,38,36,37,34,40,20,26,27,24,25,21],"class_list":{"0":"post-88696","1":"post","2":"type-post","3":"status-publish","4":"format-standard","5":"has-post-thumbnail","7":"category-aktualitates","8":"tag-aktualitates","9":"tag-breaking-news","10":"tag-breakingnews","11":"tag-featured-news","12":"tag-featurednews","13":"tag-headlines","14":"tag-latest-news","15":"tag-latestnews","16":"tag-latvia","17":"tag-latvian","18":"tag-latviesu","19":"tag-latviesu-valoda","20":"tag-latviesuvaloda","21":"tag-latvija","22":"tag-lv","23":"tag-news","24":"tag-popularakas-zinas","25":"tag-popularakaszinas","26":"tag-top-stories","27":"tag-topstories","28":"tag-zinas"},"share_on_mastodon":{"url":"https:\/\/pubeurope.com\/@lv\/115802788578343505","error":""},"_links":{"self":[{"href":"https:\/\/www.europesays.com\/lv\/wp-json\/wp\/v2\/posts\/88696","targetHints":{"allow":["GET"]}}],"collection":[{"href":"https:\/\/www.europesays.com\/lv\/wp-json\/wp\/v2\/posts"}],"about":[{"href":"https:\/\/www.europesays.com\/lv\/wp-json\/wp\/v2\/types\/post"}],"author":[{"embeddable":true,"href":"https:\/\/www.europesays.com\/lv\/wp-json\/wp\/v2\/users\/2"}],"replies":[{"embeddable":true,"href":"https:\/\/www.europesays.com\/lv\/wp-json\/wp\/v2\/comments?post=88696"}],"version-history":[{"count":0,"href":"https:\/\/www.europesays.com\/lv\/wp-json\/wp\/v2\/posts\/88696\/revisions"}],"wp:featuredmedia":[{"embeddable":true,"href":"https:\/\/www.europesays.com\/lv\/wp-json\/wp\/v2\/media\/88697"}],"wp:attachment":[{"href":"https:\/\/www.europesays.com\/lv\/wp-json\/wp\/v2\/media?parent=88696"}],"wp:term":[{"taxonomy":"category","embeddable":true,"href":"https:\/\/www.europesays.com\/lv\/wp-json\/wp\/v2\/categories?post=88696"},{"taxonomy":"post_tag","embeddable":true,"href":"https:\/\/www.europesays.com\/lv\/wp-json\/wp\/v2\/tags?post=88696"}],"curies":[{"name":"wp","href":"https:\/\/api.w.org\/{rel}","templated":true}]}}