{"id":88701,"date":"2025-12-29T12:14:21","date_gmt":"2025-12-29T12:14:21","guid":{"rendered":"https:\/\/www.europesays.com\/lv\/88701\/"},"modified":"2025-12-29T12:14:21","modified_gmt":"2025-12-29T12:14:21","slug":"vetra-zviedrija-tris-bojagajusie-plasi-postijumi-ari-somija-raksts","status":"publish","type":"post","link":"https:\/\/www.europesays.com\/lv\/88701\/","title":{"rendered":"V\u0113tr\u0101 Zviedrij\u0101 tr\u012bs boj\u0101g\u0101ju\u0161ie; pla\u0161i post\u012bjumi ar\u012b Somij\u0101 \/ Raksts"},"content":{"rendered":"<p>Zviedrij\u0101 v\u0113tr\u0101 aizvad\u012bt\u0101s diennakts laik\u0101 g\u0101ju\u0161i boj\u0101 tr\u012bs cilv\u0113ki, kuru n\u0101ves izrais\u012bja kr\u012bto\u0161i koki. V\u0113tra plos\u012bj\u0101s liel\u0101 da\u013c\u0101 valsts zieme\u013cu, k\u0101 ar\u012b Somijas rietumu da\u013c\u0101. Ab\u0101s valst\u012bs \u0161odien t\u016bksto\u0161iem cilv\u0113ku bija bez elektr\u012bbas.\u00a0<\/p>\n<p style=\"margin-left:0cm; margin-right:0cm\">Sp\u0113c\u012bgas v\u0113ja br\u0101zmas nolauzu\u0161as kokus, izjauku\u0161as satiksmi un izrais\u012bju\u0161as lielus elektr\u012bbas padeves p\u0101rr\u0101vumus gan Zviedrij\u0101, gan Somij\u0101. Energoapg\u0101des uz\u0146\u0113mumi br\u012bdin\u0101ju\u0161i, ka remontdarbi var ilgt vair\u0101kas dienas.<\/p>\n<p style=\"margin-left:0cm; margin-right:0cm\">Vair\u0101ki lidojumi, dzelzce\u013ca un pr\u0101mju satiksme Zieme\u013cvalst\u012bs aptur\u0113ta. Slikto laikapst\u0101k\u013cu d\u0113\u013c trauc\u0113ta ar\u012b auto satiksme. Norv\u0113\u0123ijas Nordlandes re\u0123ion\u0101, kas ir viens no vist\u0101l\u0101k zieme\u013cos eso\u0161ajiem apgabaliem valst\u012b, ugunsdz\u0113s\u012bbas dienests rea\u0123\u0113ja uz vair\u0101k nek\u0101 200 ar laikapst\u0101k\u013ciem saist\u012btiem incidentiem, v\u0113sta mediji.<\/p>\n<p>                    Valodas k\u013c\u016bda rakst\u0101?<\/p>\n<p class=\"d-none d-md-block\">Iez\u012bm\u0113jiet tekstu un spiediet Ctrl+Enter, lai nos\u016bt\u012btu labojamo teksta fragmentu redaktoram! Par faktu k\u013c\u016bd\u0101m l\u016bdzam zi\u0146ot e-past\u0101 <a href=\"https:\/\/www.lsm.lv\/cdn-cgi\/l\/email-protection\" class=\"__cf_email__\" data-cfemail=\"cdbfa8a9aca6aea4a7ac8da1bea0e3a1bb\" rel=\"nofollow noopener\" target=\"_blank\">[email\u00a0protected]<\/a>.<\/p>\n<p class=\"d-md-none\">Iez\u012bm\u0113jiet tekstu un spiediet uz Zi\u0146ot par k\u013c\u016bdu pogas, lai nos\u016bt\u012btu labojamo teksta fragmentu redaktoram!<\/p>\n<p>\n                    Zi\u0146ot par k\u013c\u016bdu\n                <\/p>\n","protected":false},"excerpt":{"rendered":"Zviedrij\u0101 v\u0113tr\u0101 aizvad\u012bt\u0101s diennakts laik\u0101 g\u0101ju\u0161i boj\u0101 tr\u012bs cilv\u0113ki, kuru n\u0101ves izrais\u012bja kr\u012bto\u0161i koki. V\u0113tra plos\u012bj\u0101s liel\u0101 da\u013c\u0101&hellip;\n","protected":false},"author":2,"featured_media":88702,"comment_status":"","ping_status":"","sticky":false,"template":"","format":"standard","meta":{"footnotes":""},"categories":[14],"tags":[23,57,28,29,32,33,22,30,31,35,39,38,36,37,34,40,20,26,27,24,25,54,55,56,21,58],"class_list":{"0":"post-88701","1":"post","2":"type-post","3":"status-publish","4":"format-standard","5":"has-post-thumbnail","7":"category-zinas-no-arvalstim","8":"tag-aktualitates","9":"tag-arvalstim","10":"tag-breaking-news","11":"tag-breakingnews","12":"tag-featured-news","13":"tag-featurednews","14":"tag-headlines","15":"tag-latest-news","16":"tag-latestnews","17":"tag-latvia","18":"tag-latvian","19":"tag-latviesu","20":"tag-latviesu-valoda","21":"tag-latviesuvaloda","22":"tag-latvija","23":"tag-lv","24":"tag-news","25":"tag-popularakas-zinas","26":"tag-popularakaszinas","27":"tag-top-stories","28":"tag-topstories","29":"tag-world","30":"tag-world-news","31":"tag-worldnews","32":"tag-zinas","33":"tag-zinas-no-arvalstim"},"share_on_mastodon":{"url":"https:\/\/pubeurope.com\/@lv\/115802804300339036","error":""},"_links":{"self":[{"href":"https:\/\/www.europesays.com\/lv\/wp-json\/wp\/v2\/posts\/88701","targetHints":{"allow":["GET"]}}],"collection":[{"href":"https:\/\/www.europesays.com\/lv\/wp-json\/wp\/v2\/posts"}],"about":[{"href":"https:\/\/www.europesays.com\/lv\/wp-json\/wp\/v2\/types\/post"}],"author":[{"embeddable":true,"href":"https:\/\/www.europesays.com\/lv\/wp-json\/wp\/v2\/users\/2"}],"replies":[{"embeddable":true,"href":"https:\/\/www.europesays.com\/lv\/wp-json\/wp\/v2\/comments?post=88701"}],"version-history":[{"count":0,"href":"https:\/\/www.europesays.com\/lv\/wp-json\/wp\/v2\/posts\/88701\/revisions"}],"wp:featuredmedia":[{"embeddable":true,"href":"https:\/\/www.europesays.com\/lv\/wp-json\/wp\/v2\/media\/88702"}],"wp:attachment":[{"href":"https:\/\/www.europesays.com\/lv\/wp-json\/wp\/v2\/media?parent=88701"}],"wp:term":[{"taxonomy":"category","embeddable":true,"href":"https:\/\/www.europesays.com\/lv\/wp-json\/wp\/v2\/categories?post=88701"},{"taxonomy":"post_tag","embeddable":true,"href":"https:\/\/www.europesays.com\/lv\/wp-json\/wp\/v2\/tags?post=88701"}],"curies":[{"name":"wp","href":"https:\/\/api.w.org\/{rel}","templated":true}]}}