{"id":88703,"date":"2025-12-29T12:15:07","date_gmt":"2025-12-29T12:15:07","guid":{"rendered":"https:\/\/www.europesays.com\/lv\/88703\/"},"modified":"2025-12-29T12:15:07","modified_gmt":"2025-12-29T12:15:07","slug":"aizsaule-devies-saeimas-deputats-edgars-zelderis","status":"publish","type":"post","link":"https:\/\/www.europesays.com\/lv\/88703\/","title":{"rendered":"Aizsaul\u0113 devies Saeimas deput\u0101ts Edgars Zelderis"},"content":{"rendered":"<p>Zelderis dzimis 1983. gad\u0101. K\u0101 liecina a\u0123ent\u016bras LETA arh\u012bvs, Zelderis 2002. gad\u0101 beidzis Talsu \u0123imn\u0101ziju, Latvijas Universit\u0101t\u0113 ieguvis bakalaura un ma\u0123istra gr\u0101du ties\u012bbu zin\u0101tn\u0113s, str\u0101d\u0101jis k\u0101 zv\u0113rin\u0101ts advok\u0101ts.<\/p>\n<p>Zelderis politik\u0101 iesaist\u012bj\u0101s Talsos, izveidojot partiju &#8220;M\u0113s &#8211; Talsiem un novadam&#8221;, g\u016bstot pan\u0101kumus 2017. gada pa\u0161vald\u012bbu v\u0113l\u0113\u0161an\u0101s un p\u0113c t\u0101m k\u013c\u016bstot par Talsu novada domes priek\u0161s\u0113d\u0113t\u0101ju. Talsu m\u0113ra amat\u0101 Zelderis gan pavad\u012bja tikai aptuveni gadu un 2018. gada vasar\u0101 deput\u0101tu balsojum\u0101 tika g\u0101zts no \u0161\u012b amata, turpm\u0101k str\u0101d\u0101jot opoz\u012bcij\u0101.<\/p>\n<p>Ar\u012b 2021. gada pa\u0161vald\u012bbu v\u0113l\u0113\u0161an\u0101s Zelderis tika iev\u0113l\u0113ts Talsu novada dom\u0113 no saraksta &#8220;M\u0113s &#8211; Talsiem un novadam&#8221;, bet v\u0113l\u0101k piev\u0113rs\u0101s valsts m\u0113roga politikai.<\/p>\n<p>Zeldera ce\u013ci savulaik \u012bsu br\u012bdi krustoju\u0161ies ar Jauno konservat\u012bvo partiju (JKP), kas 2021. gad\u0101 vi\u0146u virz\u012bja ties\u012bbsarga amatam, ta\u010du Saeimas vair\u0101kuma atbalstu vi\u0146\u0161 neguva.<\/p>\n<p>2022. gada oktobr\u012b Zelderis kandid\u0113ja 14. Saeimas v\u0113l\u0113\u0161an\u0101s jau no &#8220;Progres\u012bvo&#8221; saraksta un k\u0101 vien\u012bgais tika iev\u0113l\u0113ts no Kurzemes v\u0113l\u0113\u0161anu apgabala.<\/p>\n","protected":false},"excerpt":{"rendered":"Zelderis dzimis 1983. gad\u0101. K\u0101 liecina a\u0123ent\u016bras LETA arh\u012bvs, Zelderis 2002. gad\u0101 beidzis Talsu \u0123imn\u0101ziju, Latvijas Universit\u0101t\u0113 ieguvis&hellip;\n","protected":false},"author":2,"featured_media":88704,"comment_status":"","ping_status":"","sticky":false,"template":"","format":"standard","meta":{"footnotes":""},"categories":[12],"tags":[23,28,29,32,33,22,30,31,35,39,38,36,37,34,40,20,26,27,141,24,25,21],"class_list":{"0":"post-88703","1":"post","2":"type-post","3":"status-publish","4":"format-standard","5":"has-post-thumbnail","7":"category-latvija","8":"tag-aktualitates","9":"tag-breaking-news","10":"tag-breakingnews","11":"tag-featured-news","12":"tag-featurednews","13":"tag-headlines","14":"tag-latest-news","15":"tag-latestnews","16":"tag-latvia","17":"tag-latvian","18":"tag-latviesu","19":"tag-latviesu-valoda","20":"tag-latviesuvaloda","21":"tag-latvija","22":"tag-lv","23":"tag-news","24":"tag-popularakas-zinas","25":"tag-popularakaszinas","26":"tag-saeima","27":"tag-top-stories","28":"tag-topstories","29":"tag-zinas"},"share_on_mastodon":{"url":"https:\/\/pubeurope.com\/@lv\/115802808335426601","error":""},"_links":{"self":[{"href":"https:\/\/www.europesays.com\/lv\/wp-json\/wp\/v2\/posts\/88703","targetHints":{"allow":["GET"]}}],"collection":[{"href":"https:\/\/www.europesays.com\/lv\/wp-json\/wp\/v2\/posts"}],"about":[{"href":"https:\/\/www.europesays.com\/lv\/wp-json\/wp\/v2\/types\/post"}],"author":[{"embeddable":true,"href":"https:\/\/www.europesays.com\/lv\/wp-json\/wp\/v2\/users\/2"}],"replies":[{"embeddable":true,"href":"https:\/\/www.europesays.com\/lv\/wp-json\/wp\/v2\/comments?post=88703"}],"version-history":[{"count":0,"href":"https:\/\/www.europesays.com\/lv\/wp-json\/wp\/v2\/posts\/88703\/revisions"}],"wp:featuredmedia":[{"embeddable":true,"href":"https:\/\/www.europesays.com\/lv\/wp-json\/wp\/v2\/media\/88704"}],"wp:attachment":[{"href":"https:\/\/www.europesays.com\/lv\/wp-json\/wp\/v2\/media?parent=88703"}],"wp:term":[{"taxonomy":"category","embeddable":true,"href":"https:\/\/www.europesays.com\/lv\/wp-json\/wp\/v2\/categories?post=88703"},{"taxonomy":"post_tag","embeddable":true,"href":"https:\/\/www.europesays.com\/lv\/wp-json\/wp\/v2\/tags?post=88703"}],"curies":[{"name":"wp","href":"https:\/\/api.w.org\/{rel}","templated":true}]}}