{"id":88712,"date":"2025-12-29T12:21:10","date_gmt":"2025-12-29T12:21:10","guid":{"rendered":"https:\/\/www.europesays.com\/lv\/88712\/"},"modified":"2025-12-29T12:21:10","modified_gmt":"2025-12-29T12:21:10","slug":"video-%e2%9f%a9-mangalsala-pargalvigi-jauniesi-nesavalda-auto-un-avare-pec-tam-pamet-notikuma-vietu","status":"publish","type":"post","link":"https:\/\/www.europesays.com\/lv\/88712\/","title":{"rendered":"VIDEO \u27e9 Manga\u013csal\u0101 p\u0101rgalv\u012bgi jaunie\u0161i nesavalda auto un avar\u0113. P\u0113c tam pamet notikuma vietu"},"content":{"rendered":"<p>&#8220;Sadursme&#8221;, kas apkopo aculiecinieku sniegto inform\u0101ciju, zi\u0146o &#8211; &#8220;Volvo&#8221; markas automa\u0161\u012bnas vad\u012bt\u0101js, braucot ar p\u0101r\u0101k lielu \u0101trumu, nesavald\u012bja transportl\u012bdzekli, nobrauca no brauktuves, ielidoja gr\u0101v\u012b un notrieca ielas apgaismes stabu.<\/p>\n<p>P\u0113c aptuveni 20 min\u016bt\u0113m automa\u0161\u012bna un jaunie\u0161i notikuma viet\u0101 vairs nebija sastopami. V\u0113l\u0101k tuv\u0101kaj\u0101 apk\u0101rtn\u0113 paman\u012bta netrafar\u0113ta policijas automa\u0161\u012bna, kas dev\u0101s notikuma virzien\u0101.<\/p>\n<p>Savuk\u0101rt likumsargi nor\u0101da, ka 28. decembr\u012b pulksten 13.50 <a href=\"https:\/\/www.tvnet.lv\/term\/555407\/valsts-policija\" class=\"topicLink\" target=\"_blank\" rel=\"nofollow noopener\">Valsts policija<\/a> sa\u0146\u0113ma inform\u0101ciju par ce\u013cu satiksmes negad\u012bjumu Manga\u013csalas mikrorajon\u0101.<\/p>\n<p>Notikuma viet\u0101 tika konstat\u0113ta &#8220;Volvo&#8221; markas automa\u0161\u012bna, kura uzbraukusi apgaismes stabam. Operat\u012bvi rea\u0123\u0113jot policijas darbiniekiem izdev\u0101s noskaidrot ar\u012b automa\u0161\u012bnas vad\u012bt\u0101ju, kur\u0161 bija pametis notikuma vietu \u2013 2009. gad\u0101 dzimis jaunietis, kur\u0161 bija s\u0113dies pie st\u016bres.<\/p>\n<p>Par notiku\u0161o policij\u0101 uzs\u0101kti tr\u012bs administrat\u012bv\u0101 p\u0101rk\u0101puma procesi \u2013 automa\u0161\u012bnas vad\u012b\u0161anu bez vad\u012b\u0161anas ties\u012bb\u0101m, par uzbrauk\u0161anu apgaismes stabam un ce\u013cu satiksmes negad\u012bjuma vietas pame\u0161anu.<\/p>\n<p>Policija turpina skaidrot notiku\u0161\u0101 apst\u0101k\u013cus.<\/p>\n","protected":false},"excerpt":{"rendered":"&#8220;Sadursme&#8221;, kas apkopo aculiecinieku sniegto inform\u0101ciju, zi\u0146o &#8211; &#8220;Volvo&#8221; markas automa\u0161\u012bnas vad\u012bt\u0101js, braucot ar p\u0101r\u0101k lielu \u0101trumu, nesavald\u012bja&hellip;\n","protected":false},"author":2,"featured_media":88713,"comment_status":"","ping_status":"","sticky":false,"template":"","format":"standard","meta":{"footnotes":""},"categories":[12],"tags":[23,1465,28,29,32,33,22,30,31,35,39,38,36,37,34,40,20,26,27,24,25,138,21],"class_list":{"0":"post-88712","1":"post","2":"type-post","3":"status-publish","4":"format-standard","5":"has-post-thumbnail","7":"category-latvija","8":"tag-aktualitates","9":"tag-autoavarijas","10":"tag-breaking-news","11":"tag-breakingnews","12":"tag-featured-news","13":"tag-featurednews","14":"tag-headlines","15":"tag-latest-news","16":"tag-latestnews","17":"tag-latvia","18":"tag-latvian","19":"tag-latviesu","20":"tag-latviesu-valoda","21":"tag-latviesuvaloda","22":"tag-latvija","23":"tag-lv","24":"tag-news","25":"tag-popularakas-zinas","26":"tag-popularakaszinas","27":"tag-top-stories","28":"tag-topstories","29":"tag-valsts-policija","30":"tag-zinas"},"share_on_mastodon":{"url":"https:\/\/pubeurope.com\/@lv\/115802831824703329","error":""},"_links":{"self":[{"href":"https:\/\/www.europesays.com\/lv\/wp-json\/wp\/v2\/posts\/88712","targetHints":{"allow":["GET"]}}],"collection":[{"href":"https:\/\/www.europesays.com\/lv\/wp-json\/wp\/v2\/posts"}],"about":[{"href":"https:\/\/www.europesays.com\/lv\/wp-json\/wp\/v2\/types\/post"}],"author":[{"embeddable":true,"href":"https:\/\/www.europesays.com\/lv\/wp-json\/wp\/v2\/users\/2"}],"replies":[{"embeddable":true,"href":"https:\/\/www.europesays.com\/lv\/wp-json\/wp\/v2\/comments?post=88712"}],"version-history":[{"count":0,"href":"https:\/\/www.europesays.com\/lv\/wp-json\/wp\/v2\/posts\/88712\/revisions"}],"wp:featuredmedia":[{"embeddable":true,"href":"https:\/\/www.europesays.com\/lv\/wp-json\/wp\/v2\/media\/88713"}],"wp:attachment":[{"href":"https:\/\/www.europesays.com\/lv\/wp-json\/wp\/v2\/media?parent=88712"}],"wp:term":[{"taxonomy":"category","embeddable":true,"href":"https:\/\/www.europesays.com\/lv\/wp-json\/wp\/v2\/categories?post=88712"},{"taxonomy":"post_tag","embeddable":true,"href":"https:\/\/www.europesays.com\/lv\/wp-json\/wp\/v2\/tags?post=88712"}],"curies":[{"name":"wp","href":"https:\/\/api.w.org\/{rel}","templated":true}]}}