{"id":88714,"date":"2025-12-29T12:22:08","date_gmt":"2025-12-29T12:22:08","guid":{"rendered":"https:\/\/www.europesays.com\/lv\/88714\/"},"modified":"2025-12-29T12:22:08","modified_gmt":"2025-12-29T12:22:08","slug":"no-fragmentetiem-risinajumiem-uz-sistemisku-nozares-attistibu-ministres-daces-melbardes-paveiktais-2025-gada","status":"publish","type":"post","link":"https:\/\/www.europesays.com\/lv\/88714\/","title":{"rendered":"No fragment\u0113tiem risin\u0101jumiem uz sist\u0113misku nozares att\u012bst\u012bbu: ministres Daces Melb\u0101rdes paveiktais 2025. gad\u0101"},"content":{"rendered":"<p>2025. gads Izgl\u012bt\u012bbas un zin\u0101tnes ministrijas (IZM) darb\u0101 ir bijis m\u0113r\u0137tiec\u012bgu politikas iniciat\u012bvu, p\u0101rdom\u0101tu invest\u012bciju un produkt\u012bvas starpnozaru sadarb\u012bbas gads. Izgl\u012bt\u012bbas un zin\u0101tnes ministres Daces Melb\u0101rdes vad\u012bb\u0101 2025. gad\u0101 \u012bstenotas b\u016btiskas p\u0101rmai\u0146as ministrijas p\u0101rzi\u0146\u0101 eso\u0161o nozaru att\u012bst\u012bbai \u2013 pan\u0101kts atbalsts un nodro\u0161in\u0101ts finans\u0113jums mode\u013ca \u201cProgramma skol\u0101\u201d ievie\u0161anai, izveidota jauna platforma jaunie\u0161u balss stiprin\u0101\u0161anai, k\u0101 ar\u012b \u012bstenots darbs pie sporta finans\u0113\u0161anas k\u0101rt\u012bbas pilnveides. <\/p>\n<p>\u201c\u0160aj\u0101 gad\u0101 Izgl\u012bt\u012bbas un zin\u0101tnes ministrija cie\u0161\u0101 sadarb\u012bb\u0101 ar partneriem, pa\u0161vald\u012bb\u0101m un atbild\u012bgaj\u0101m instit\u016bcij\u0101m konsekventi \u012bstenoja uz att\u012bst\u012bbu v\u0113rstu politiku izgl\u012bt\u012bbas, zin\u0101tnes, valsts valodas, sporta, jaunatnes un kosmosa jom\u0101s. Izgl\u012bt\u012bb\u0101 m\u0113r\u0137tiec\u012bgi str\u0101d\u0101j\u0101m, lai ikvienam b\u016btu piek\u013cuve zin\u0101\u0161an\u0101m un prasm\u0113m, kas sagatavo darba tirgus vajadz\u012bb\u0101m gan \u0161odien, gan n\u0101kotn\u0113. Turpin\u0101j\u0101m darbu pie m\u016bsu zin\u0101tnieku konkur\u0113tsp\u0113jas stiprin\u0101\u0161anas, ieguld\u012bj\u0101m iniciat\u012bv\u0101s, kas veicina sporta popularit\u0101ti, fizisko att\u012bst\u012bbu un jaunie\u0161u pilsonisko l\u012bdzdal\u012bbu, k\u0101 ar\u012b m\u0113r\u0137tiec\u012bgi stiprin\u0101j\u0101m valsts valodas lomu sabiedr\u012bb\u0101.<\/p>\n<p>\u0160ogad paveikto darbu pamat\u0101 ir kompetents un pa\u0161aizliedz\u012bgs ministrijas kol\u0113\u0123u darbs, k\u0101 ar\u012b m\u016bsu sadarb\u012bbas partneru noz\u012bm\u012bgais ieguld\u012bjums.<\/p>\n<p>Sirsn\u012bgs paldies par paveikto! Lai jaunaj\u0101 gad\u0101 darbi un sadarb\u012bba sokas v\u0113l sekm\u012bg\u0101k!&#8221; pau\u017e izgl\u012bt\u012bbas un zin\u0101tnes ministre Dace Melb\u0101rde.\u00a0<\/p>\n<p>Stabils pamats kvalitat\u012bvai un iek\u013caujo\u0161ai visp\u0101r\u0113jai izgl\u012bt\u012bbai vis\u0101 Latvij\u0101<\/p>\n<p>Visp\u0101r\u0113j\u0101 izgl\u012bt\u012bb\u0101 2025. gads iez\u012bm\u0113ja p\u0101reju uz skaidr\u0101ku, prognoz\u0113jam\u0101ku un uz kvalit\u0101ti v\u0113rstu p\u0101rvald\u012bbu. Ar 1. septembri uzs\u0101kta pedagogu darba samaksas finans\u0113\u0161anas mode\u013ca &#8220;Programma skol\u0101&#8221; ievie\u0161ana, nodro\u0161inot papildu finans\u0113jumu atbalsta person\u0101lam izgl\u012bt\u012bbas iest\u0101d\u0113s. Mode\u013ca ievie\u0161anai 2026. gad\u0101 nodro\u0161in\u0101ts papildu finans\u0113jums 45 miljonu eiro apm\u0113r\u0101, vienlaikus paredzot finans\u0113jumu ar\u012b turpm\u0101kajiem gadiem. T\u0101pat ar vald\u012bbas atbalstu pa\u0161vald\u012bb\u0101m papildu b\u0101zes finans\u0113jumam m\u0101c\u012bbu l\u012bdzek\u013ciem nodro\u0161in\u0101ts papildu finans\u0113jums 8,9 miljonu apm\u0113r\u0101. Pedagogiem b\u016btiska ir sist\u0113misk\u0101s pieejas uzs\u0101k\u0161ana profesion\u0101l\u0101s pilnveides jom\u0101, ko paredz projekts &#8220;Pedagogu profesion\u0101l\u0101 atbalsta sist\u0113mas izveide&#8221;.<\/p>\n<p>Stiprinot profesion\u0101l\u0101s izgl\u012bt\u012bbas lomu n\u0101kotnes darba tirgus prasmju kontekst\u0101, profesion\u0101l\u0101s izgl\u012bt\u012bbas m\u0101c\u012bbu infrastrukt\u016bras moderniz\u0113\u0161anai profesion\u0101l\u0101s izgl\u012bt\u012bbas iest\u0101d\u0113s ar Eiropas Savien\u012bbas fondu atbalstu l\u012bdz 2029. gadam tiek invest\u0113ti 53,3 miljoni eiro. Uzs\u0101kta ar\u012b \u0160veices un Latvijas sadarb\u012bbas programma darba vid\u0113 balst\u012btas izgl\u012bt\u012bbas att\u012bst\u012bbai.<\/p>\n<p>Dro\u0161a un atbalsto\u0161a m\u0101c\u012bbu vide k\u0101 priorit\u0101te<\/p>\n<p>L\u012bdztekus struktur\u0101laj\u0101m politikas iniciat\u012bv\u0101m IZM uzman\u012bbas centr\u0101 alla\u017e bijusi labb\u016bt\u012bba izgl\u012bt\u012bbas iest\u0101d\u0113s. Papildinot jau pieejamos pas\u0101kumus atbalstam, \u0161ogad uzs\u0101kta projekta &#8220;Skola \u2013 kopien\u0101&#8221; \u012bsteno\u0161ana un veikts m\u0113r\u0137tiec\u012bgs darbs vardarb\u012bbas mazin\u0101\u0161anai skol\u0101s, aktualiz\u0113jot vardarb\u012bbas gad\u012bjumu risin\u0101\u0161anas algoritmus un nodro\u0161inot papildu finans\u0113jumu, 600 t\u016bksto\u0161us eiro, vardarb\u012bbas nov\u0113r\u0161anas pas\u0101kumu \u012bsteno\u0161anai.<\/p>\n<p>Augst\u0101k\u0101 izgl\u012bt\u012bba un zin\u0101tne \u2013 uz rezult\u0101tiem balst\u012bta izaugsme<\/p>\n<p>Augst\u0101k\u0101s izgl\u012bt\u012bbas un zin\u0101tnes jom\u0101 2025. gad\u0101 sperti noz\u012bm\u012bgi so\u013ci uz rezult\u0101tos balst\u012btu finans\u0113\u0161anu un konkur\u0113tsp\u0113jas stiprin\u0101\u0161anu. Pilnveidoti augst\u0101k\u0101s izgl\u012bt\u012bbas finans\u0113\u0161anas principi, uzs\u0101kot p\u0101reju uz institucion\u0101lo finans\u0113jumu un ievie\u0161ot jaunu doktorant\u016bras modeli, kas paredz stabilu atbalstu jaunajiem p\u0113tniekiem. Vienlaikus m\u0113r\u0137tiec\u012bgi \u012bstenota augstskolu un zin\u0101tnes digitaliz\u0101cija, mazinot birokr\u0101tiju un nodro\u0161inot Latvijas p\u0113tniekiem piek\u013cuvi Eiropas l\u012bme\u0146a digit\u0101lajai infrastrukt\u016brai.<\/p>\n<p>M\u0101ksl\u012bgais intelekts n\u0101kotnes prasm\u0113m<\/p>\n<p>Latvijas pievieno\u0161an\u0101s Eiropas M\u0101ksl\u012bg\u0101 intelekta r\u016bpn\u012bcu t\u012bklam nostiprin\u0101ja valsts poz\u012bcijas Eiropas digit\u0101laj\u0101 telp\u0101, paverot jaunas iesp\u0113jas inov\u0101cij\u0101m. T\u0101d\u0113j\u0101di tiek \u012bstenots m\u0113r\u0137is veidot zin\u0101\u0161an\u0101s balst\u012btu ekonomiku un stiprin\u0101t sadarb\u012bbu starp zin\u0101tni, augstskol\u0101m un industriju.<\/p>\n<p>Sports \u2013 caursp\u012bd\u012bga p\u0101rvald\u012bba un atbalsts b\u0113rniem un jaunie\u0161iem<\/p>\n<p>Sporta nozar\u0113 2025. gad\u0101 uzsvars likts uz p\u0101rvald\u012bbas kvalit\u0101ti un valsts finans\u0113juma m\u0113r\u0137tiec\u012bgu izmanto\u0161anu. Izstr\u0101d\u0101ts jauns sporta finans\u0113\u0161anas modelis, kas nodro\u0161ina caursp\u012bd\u012bgu l\u012bdzek\u013cu sadali un stiprina b\u0113rnu un jaunie\u0161u sporta att\u012bst\u012bbu un tautas sportu vis\u0101 Latvij\u0101. Vienlaikus ar\u012b 2026. gada bud\u017eet\u0101 nodro\u0161in\u0101ts, ka sporta feder\u0101ciju l\u012bdzek\u013ci sasniegs b\u0113rnus un jaunie\u0161us, jo 50% feder\u0101ciju finans\u0113juma j\u0101novirza tie\u0161i \u0161im m\u0113r\u0137im. T\u0101pat ministrija nosdro\u0161in\u0101jusi atbalstu Latvijas olimpie\u0161u un paraolimpie\u0161u startam 2026. gada Mil\u0101nas \u2013 Kort\u012bnas olimpiskaj\u0101s sp\u0113l\u0113s, k\u0101 ar\u012b atjaunojusi valsts p\u0101rvald\u012bbu sporta centr\u0101 &#8220;Kleisti&#8221;.<\/p>\n<p>Demokr\u0101tijas stiprin\u0101\u0161ana caur jaunatnes l\u012bdzdal\u012bbu<\/p>\n<p>Jaunatnes politikas jom\u0101 2025. gad\u0101 uzs\u0101kts Nacion\u0101lais jaunatnes dialogs, beidzot izveidojot past\u0101v\u012bgu sadarb\u012bbas platformu starp jaunie\u0161iem un l\u0113mumpie\u0146\u0113m\u0113jiem. Demokr\u0101tijas prat\u012bbas stiprin\u0101\u0161anai un valstisko procesu izzin\u0101\u0161anai \u012bpa\u0161i noz\u012bm\u012bgs bija pirmo reizi \u012bstenotais izgl\u012btojo\u0161ais projekts \u201cSign\u0101lv\u0113l\u0113\u0161anas\u201d, kas sniedza 16 gadus veciem jaunie\u0161iem praktisku iesp\u0113ju iepaz\u012bt v\u0113l\u0113\u0161anu procesu.<\/p>\n<p>Latvija izvirza amb\u012bcijas kosmosa nozar\u0113<\/p>\n<p>Kosmosa jom\u0101 2025. gads iez\u012bm\u0113ja Latvijas starptautisk\u0101s iesaistes papla\u0161in\u0101\u0161anu. Sadarb\u012bb\u0101 ar Eiropas Kosmosa a\u0123ent\u016bru atkl\u0101taj\u0101 Biznesa inkub\u0101cijas centr\u0101 tiks stiprin\u0101ts atbalsts nozares jaunuz\u0146\u0113mumiem, nodro\u0161inot 1,2 miljonus eiro ilgtsp\u0113j\u012bgu biznesa ideju \u012bsteno\u0161anai. Savuk\u0101rt pievieno\u0161an\u0101s starptautiskajam sadarb\u012bbas ietvaram &#8220;Artemis Accords&#8221; pav\u0113ra jaunas sadarb\u012bbas iesp\u0113jas ar NASA un citiem glob\u0101liem partneriem.<\/p>\n<p>Valsts valoda \u2013 ilgtsp\u0113j\u012bga politika Latvij\u0101 un diaspor\u0101<\/p>\n<p>Valsts valodas politikas jom\u0101 2025. gad\u0101 sperti noz\u012bm\u012bgi so\u013ci latvie\u0161u valodas k\u0101 vien\u012bg\u0101s valsts valodas lomas nostiprin\u0101\u0161anai sabiedr\u012bb\u0101. \u012astenojot Vienotas skolas pieeju, 2025.\/2026. m\u0101c\u012bbu gads k\u013cuvis par nosl\u0113dzo\u0161o posmu p\u0101rej\u0101 uz m\u0101c\u012bb\u0101m tikai valsts valod\u0101. \u0160ogad nosl\u0113gusies ar\u012b diasporas skolot\u0101ju studiju programma &#8220;Latvie\u0161u valodas k\u0101 sve\u0161valodas skolot\u0101js&#8221;, kuru no 2021. l\u012bdz 2025. gadam absolv\u0113ju\u0161i 89 dal\u012bbnieki no 25 valst\u012bm. Ruden\u012b Saeim\u0101 aizvad\u012bt\u0101s pirm\u0101s debates par valsts valodas politiku veicin\u0101ja kvalitat\u012bvu diskusiju par latvie\u0161u valodas stiprin\u0101\u0161anu vis\u0101s sabiedr\u012bbas jom\u0101s. Savuk\u0101rt darbs pie latvie\u0161u valodas k\u0101 sve\u0161valodas apguves pieaugu\u0161ajiem sist\u0113mas pilnveides un jaunas studiju programmu izstr\u0101des nodro\u0161in\u0101s, ka ilgtermi\u0146\u0101 tiek stiprin\u0101ta profesion\u0101l\u0101 kapacit\u0101te Latvij\u0101 un diaspor\u0101.<\/p>\n<p>          <img decoding=\"async\" src=\"https:\/\/www.europesays.com\/lv\/wp-content\/uploads\/2025\/12\/1765959310_789_logo-lv.png\" alt=\"\"\/><\/p>\n<p>                  \u0160\u012b inform\u0101cija ir publisks pazi\u0146ojums un neatspogu\u013co LV port\u0101la viedokli. Par t\u0101s saturu atbild ies\u016bt\u012bt\u0101js. <a data-popup=\"rules\">Public\u0113\u0161anas noteikumi<\/a><\/p>\n","protected":false},"excerpt":{"rendered":"2025. gads Izgl\u012bt\u012bbas un zin\u0101tnes ministrijas (IZM) darb\u0101 ir bijis m\u0113r\u0137tiec\u012bgu politikas iniciat\u012bvu, p\u0101rdom\u0101tu invest\u012bciju un produkt\u012bvas starpnozaru&hellip;\n","protected":false},"author":2,"featured_media":88715,"comment_status":"","ping_status":"","sticky":false,"template":"","format":"standard","meta":{"footnotes":""},"categories":[5],"tags":[23,28,29,32,33,22,30,31,35,39,38,36,37,34,40,20,26,27,24,25,21],"class_list":{"0":"post-88714","1":"post","2":"type-post","3":"status-publish","4":"format-standard","5":"has-post-thumbnail","7":"category-aktualitates","8":"tag-aktualitates","9":"tag-breaking-news","10":"tag-breakingnews","11":"tag-featured-news","12":"tag-featurednews","13":"tag-headlines","14":"tag-latest-news","15":"tag-latestnews","16":"tag-latvia","17":"tag-latvian","18":"tag-latviesu","19":"tag-latviesu-valoda","20":"tag-latviesuvaloda","21":"tag-latvija","22":"tag-lv","23":"tag-news","24":"tag-popularakas-zinas","25":"tag-popularakaszinas","26":"tag-top-stories","27":"tag-topstories","28":"tag-zinas"},"share_on_mastodon":{"url":"https:\/\/pubeurope.com\/@lv\/115802835757281419","error":""},"_links":{"self":[{"href":"https:\/\/www.europesays.com\/lv\/wp-json\/wp\/v2\/posts\/88714","targetHints":{"allow":["GET"]}}],"collection":[{"href":"https:\/\/www.europesays.com\/lv\/wp-json\/wp\/v2\/posts"}],"about":[{"href":"https:\/\/www.europesays.com\/lv\/wp-json\/wp\/v2\/types\/post"}],"author":[{"embeddable":true,"href":"https:\/\/www.europesays.com\/lv\/wp-json\/wp\/v2\/users\/2"}],"replies":[{"embeddable":true,"href":"https:\/\/www.europesays.com\/lv\/wp-json\/wp\/v2\/comments?post=88714"}],"version-history":[{"count":0,"href":"https:\/\/www.europesays.com\/lv\/wp-json\/wp\/v2\/posts\/88714\/revisions"}],"wp:featuredmedia":[{"embeddable":true,"href":"https:\/\/www.europesays.com\/lv\/wp-json\/wp\/v2\/media\/88715"}],"wp:attachment":[{"href":"https:\/\/www.europesays.com\/lv\/wp-json\/wp\/v2\/media?parent=88714"}],"wp:term":[{"taxonomy":"category","embeddable":true,"href":"https:\/\/www.europesays.com\/lv\/wp-json\/wp\/v2\/categories?post=88714"},{"taxonomy":"post_tag","embeddable":true,"href":"https:\/\/www.europesays.com\/lv\/wp-json\/wp\/v2\/tags?post=88714"}],"curies":[{"name":"wp","href":"https:\/\/api.w.org\/{rel}","templated":true}]}}