{"id":88722,"date":"2025-12-29T12:26:17","date_gmt":"2025-12-29T12:26:17","guid":{"rendered":"https:\/\/www.europesays.com\/lv\/88722\/"},"modified":"2025-12-29T12:26:17","modified_gmt":"2025-12-29T12:26:17","slug":"uznemuma-pardosanas-bridi-visi-540-darbinieki-sanem-simtiem-tukstosu-eiro-lielas-premijas-lente-lv","status":"publish","type":"post","link":"https:\/\/www.europesays.com\/lv\/88722\/","title":{"rendered":"uz\u0146\u0113muma p\u0101rdo\u0161anas br\u012bd\u012b visi 540 darbinieki sa\u0146em simtiem t\u016bksto\u0161u eiro lielas pr\u0113mijas\u00a0\u2014\u00a0Lente.lv"},"content":{"rendered":"<p>Neierasta d\u0101snuma d\u0113\u013c darbinieki sa\u0146em milz\u012bgas pr\u0113mijas<\/p>\n<p>ASV Luizi\u0101nas \u0161tat\u0101 k\u0101ds uz\u0146\u0113m\u0113js izdar\u012bjis \u0101rk\u0101rt\u012bgi d\u0101snu \u017eestu saviem darbiniekiem. P\u0113c r\u016bpniec\u012bbas ra\u017eot\u0101ja \u201cFibrebond\u201d p\u0101rdo\u0161anas, 540 darbinieki sa\u0146\u0113mu\u0161i pr\u0113mijas, kuru kop\u0113j\u0101 summa sasniedz 240 miljonus ASV dol\u0101ru (aptuveni 220 miljoni eiro). Vid\u0113ji katrs darbinieks sa\u0146\u0113mis aptuveni 443 000 ASV dol\u0101ru (vair\u0101k nek\u0101 400 000 eiro). \u0160\u012b summa tiks izmaks\u0101ta piecu gadu laik\u0101, ar nosac\u012bjumu, ka darbinieki paliek uz\u0146\u0113mum\u0101 ar\u012b p\u0113c t\u0101 p\u0101r\u0146em\u0161anas.<\/p>\n<p>Lojalit\u0101te tiek apbalvota<\/p>\n<p>\u201cFibrebond\u201d biju\u0161ais izpilddirektors Grehems Vokers uzst\u0101ja, ka 15% no p\u0101rdo\u0161anas ie\u0146\u0113mumiem j\u0101non\u0101k pie darbiniekiem, kuriem nebija uz\u0146\u0113muma akciju. L\u0113mums ticis pie\u0146emts, lai apbalvotu darbinieku lojalit\u0101ti un uztic\u012bbu, \u012bpa\u0161i \u0146emot v\u0113r\u0101 uz\u0146\u0113muma v\u0113stur\u0113 piedz\u012bvot\u0101s gr\u016bt\u012bbas, tostarp ugunsgr\u0113ku un ekonomisk\u0101s lejupsl\u012bdes. Daudzi darbinieki, kas uz\u0146\u0113mum\u0101 nostr\u0101d\u0101ju\u0161i gadu desmitiem, sa\u0146\u0113mu\u0161i iev\u0113rojami liel\u0101kas summas.<\/p>\n<p>\u0160oks un pateic\u012bba<\/p>\n<p>Zi\u0146a par pr\u0113mij\u0101m daudziem darbiniekiem bijusi negaid\u012bta un pat neticama. S\u0101kotn\u0113ji da\u017ei to uzskat\u012bju\u0161i par joku, bet citi raud\u0101ju\u0161i no prieka un pateic\u012bbas par dz\u012bvi maino\u0161o finansi\u0101lo atbalstu. Sa\u0146emtos l\u012bdzek\u013cus darbinieki pl\u0101no izmantot da\u017e\u0101diem m\u0113r\u0137iem: hipotek\u0101ro kred\u012btu dz\u0113\u0161anai, par\u0101du seg\u0161anai, izgl\u012bt\u012bbas finans\u0113\u0161anai, jaunu automa\u0161\u012bnu ieg\u0101dei vai pensiju uzkr\u0101jumiem. K\u0101da darbiniece, kas \u201cFibrebond\u201d str\u0101d\u0101 kop\u0161 1995. gada, izmantojusi da\u013cu pr\u0113mijas, lai dz\u0113stu savu hipotek\u0101ro kred\u012btu un atv\u0113rtu sap\u0146u ap\u0123\u0113rbu veikalu.<\/p>\n<p>\u201cFibrebond\u201d v\u0113sture un v\u0113rt\u012bbas<\/p>\n<p>Uz\u0146\u0113mums \u201cFibrebond\u201d, ko 1982. gad\u0101 dibin\u0101jis Grehems Vokera t\u0113vs Klauds Vokers, s\u0101kotn\u0113ji nodarboj\u0101s ar stikla \u0161\u0137iedras \u0113ku ra\u017eo\u0161anu telekomunik\u0101ciju industrijai. Uz\u0146\u0113mums pieredz\u0113jis gan iev\u0113rojamu izaugsmi, gan nopietnus izaicin\u0101jumus, piem\u0113ram, 1998. gad\u0101 notiku\u0161o r\u016bpn\u012bcas ugunsgr\u0113ku, p\u0113c kura uz\u0146\u0113mums sp\u0113ja atjaunoties un pat papla\u0161in\u0101ties, izmantojot jaunas ra\u017eo\u0161anas tehnolo\u0123ijas. Grehems Vokers, p\u0101r\u0146emot vad\u012bbu, turpin\u0101ja att\u012bst\u012bt uz\u0146\u0113mumu, piev\u0113r\u0161oties ar\u012b ener\u0123\u0113tikas un saules ener\u0123ijas tirgiem. Uz\u0146\u0113mums vienm\u0113r \u012bpa\u0161u uzman\u012bbu piev\u0113rsis darbinieku v\u0113rt\u012bbai, ko apliecina ar\u012b \u0161is neparastais dar\u012bjums.<\/p>\n<p>Dar\u012bjuma deta\u013cas un n\u0101kotne<\/p>\n<p>\u0160\u012b gada mart\u0101 tika pazi\u0146ots par \u201cFibrebond\u201d p\u0101rdo\u0161anas vieno\u0161anos ar ener\u0123\u0113tikas gigantu \u201cEaton\u201d par aptuveni 1,7 miljardiem ASV dol\u0101ru. Dar\u012bjums tika pabeigts apr\u012bl\u012b. \u201cEaton\u201d ir pasaul\u0113 vado\u0161ais vied\u0101s ener\u0123ijas p\u0101rvald\u012bbas risin\u0101jumu nodro\u0161in\u0101t\u0101js. \u201cFibrebond\u201d vad\u012bba paliks uz\u0146\u0113mum\u0101 ar\u012b p\u0113c t\u0101 ieg\u0101des, un \u201cFibrebond\u201d turpin\u0101s darboties un att\u012bst\u012bties sav\u0101 eso\u0161aj\u0101 atra\u0161an\u0101s viet\u0101 Luizi\u0101n\u0101. Grehems Vokers uzsv\u0113ris, ka \u0161is \u017eests bijis k\u0101 pateic\u012bba komandai, kas pal\u012bdz\u0113jusi uz\u0146\u0113mumam sasniegt pan\u0101kumus.<\/p>\n","protected":false},"excerpt":{"rendered":"Neierasta d\u0101snuma d\u0113\u013c darbinieki sa\u0146em milz\u012bgas pr\u0113mijas ASV Luizi\u0101nas \u0161tat\u0101 k\u0101ds uz\u0146\u0113m\u0113js izdar\u012bjis \u0101rk\u0101rt\u012bgi d\u0101snu \u017eestu saviem darbiniekiem.&hellip;\n","protected":false},"author":2,"featured_media":88723,"comment_status":"","ping_status":"","sticky":false,"template":"","format":"standard","meta":{"footnotes":""},"categories":[14],"tags":[23,57,292,28,29,22552,32,33,22550,22,30,31,35,39,38,36,37,34,40,20,26,27,22551,24,25,8690,54,55,56,21,58],"class_list":{"0":"post-88722","1":"post","2":"type-post","3":"status-publish","4":"format-standard","5":"has-post-thumbnail","7":"category-zinas-no-arvalstim","8":"tag-aktualitates","9":"tag-arvalstim","10":"tag-asv","11":"tag-breaking-news","12":"tag-breakingnews","13":"tag-darbinieku-lojalitate","14":"tag-featured-news","15":"tag-featurednews","16":"tag-fibrebond","17":"tag-headlines","18":"tag-latest-news","19":"tag-latestnews","20":"tag-latvia","21":"tag-latvian","22":"tag-latviesu","23":"tag-latviesu-valoda","24":"tag-latviesuvaloda","25":"tag-latvija","26":"tag-lv","27":"tag-news","28":"tag-popularakas-zinas","29":"tag-popularakaszinas","30":"tag-premijas","31":"tag-top-stories","32":"tag-topstories","33":"tag-uznemuma-pardosana","34":"tag-world","35":"tag-world-news","36":"tag-worldnews","37":"tag-zinas","38":"tag-zinas-no-arvalstim"},"share_on_mastodon":{"url":"https:\/\/pubeurope.com\/@lv\/115802851557713505","error":""},"_links":{"self":[{"href":"https:\/\/www.europesays.com\/lv\/wp-json\/wp\/v2\/posts\/88722","targetHints":{"allow":["GET"]}}],"collection":[{"href":"https:\/\/www.europesays.com\/lv\/wp-json\/wp\/v2\/posts"}],"about":[{"href":"https:\/\/www.europesays.com\/lv\/wp-json\/wp\/v2\/types\/post"}],"author":[{"embeddable":true,"href":"https:\/\/www.europesays.com\/lv\/wp-json\/wp\/v2\/users\/2"}],"replies":[{"embeddable":true,"href":"https:\/\/www.europesays.com\/lv\/wp-json\/wp\/v2\/comments?post=88722"}],"version-history":[{"count":0,"href":"https:\/\/www.europesays.com\/lv\/wp-json\/wp\/v2\/posts\/88722\/revisions"}],"wp:featuredmedia":[{"embeddable":true,"href":"https:\/\/www.europesays.com\/lv\/wp-json\/wp\/v2\/media\/88723"}],"wp:attachment":[{"href":"https:\/\/www.europesays.com\/lv\/wp-json\/wp\/v2\/media?parent=88722"}],"wp:term":[{"taxonomy":"category","embeddable":true,"href":"https:\/\/www.europesays.com\/lv\/wp-json\/wp\/v2\/categories?post=88722"},{"taxonomy":"post_tag","embeddable":true,"href":"https:\/\/www.europesays.com\/lv\/wp-json\/wp\/v2\/tags?post=88722"}],"curies":[{"name":"wp","href":"https:\/\/api.w.org\/{rel}","templated":true}]}}