{"id":88731,"date":"2025-12-29T12:32:07","date_gmt":"2025-12-29T12:32:07","guid":{"rendered":"https:\/\/www.europesays.com\/lv\/88731\/"},"modified":"2025-12-29T12:32:07","modified_gmt":"2025-12-29T12:32:07","slug":"nojaukts-piemineklis-kinas-ieguldijumam-panamas-kanala-raksts","status":"publish","type":"post","link":"https:\/\/www.europesays.com\/lv\/88731\/","title":{"rendered":"Nojaukts piemineklis \u0136\u012bnas ieguld\u012bjumam Panamas kan\u0101l\u0101 \/ Raksts"},"content":{"rendered":"<p>P\u0113c viet\u0113jo varasiest\u0101\u017eu r\u012bkojuma pie ieejas Panamas kan\u0101l\u0101 demont\u0113ts piemineklis \u0136\u012bnas ieguld\u012bjumam noz\u012bm\u012bgaj\u0101 ku\u0123o\u0161anas ce\u013c\u0101 starp Kluso un Atlantijas oke\u0101nu.\u00a0<\/p>\n<p>P\u0113d\u0113jos m\u0113ne\u0161os ASV prezidents Donalds Tramps ir izteicis draudus atg\u016bt kontroli p\u0101r kan\u0101lu, apgalvojot, ka Pekinai ir p\u0101r\u0101k liela ietekme uz t\u0101 darb\u012bbu.\u00a0<\/p>\n<p>Araihanas pa\u0161vald\u012bbas m\u0113ra r\u012bkojumu nojaukt 2004. gad\u0101 uzcelto pieminekli, kas simboliz\u0113ja draudz\u012bbu starp valst\u012bm, kritiz\u0113ja gan Panamas, gan \u0136\u012bnas l\u012bderi.\u00a0<\/p>\n<blockquote>\n<p>M\u0113ra biroj\u0101 nor\u0101d\u012bja, ka piemineklim, no k\u0101 paveras skats uz \u016bdensce\u013cu, kas stiepjas p\u0101ri Ameriku tiltam, ir struktur\u0101li boj\u0101jumi, kas rada risku.\u00a0<\/p>\n<\/blockquote>\n<p>Ta\u010du Panamas prezidents Hos\u0113 Rauls Mulino sv\u0113tdien pazi\u0146oja, ka &#8220;pastr\u0101d\u0101tajam barbarismam nav nek\u0101da attaisnojuma&#8221;, nosaucot to par &#8220;nepiedodamu iracionalit\u0101tes aktu&#8221;.\u00a0<\/p>\n<p>P\u0113c personiski nov\u0113rot\u0101s pieminek\u013ca demont\u0101\u017eas \u0136\u012bnas v\u0113stniece Panam\u0101 Sju Sjuejua\u0146a pazi\u0146oja, ka notiku\u0161ais ir s\u0101p\u012bgs trieciens valstu divpus\u0113jai draudz\u012bbai, un nor\u0101d\u012bja, ka tas esot apvainojums 300 000 lielajai \u0137\u012bnie\u0161u kopienai Panam\u0101.\u00a0<\/p>\n<p>Da\u017ei \u0137\u012bnie\u0161u kopienas locek\u013ci v\u0113roja demont\u0101\u017eu, ta\u010du policija ne\u013c\u0101va vi\u0146iem nok\u013c\u016bt pie skatu laukuma, lai to aptur\u0113tu, liecina viet\u0113jo mediju public\u0113tie videoieraksti.\u00a0<\/p>\n<blockquote>\n<p>ASV un \u0136\u012bna ir galven\u0101s 80 kilometrus gar\u0101 kan\u0101la lietot\u0101jas. Kan\u0101lu izmanto 5\u00a0% no pasaules j\u016bras tirdzniec\u012bbas p\u0101rvad\u0101jumiem.\u00a0<\/p>\n<\/blockquote>\n<p>Panamas kan\u0101ls atrad\u0101s ASV kontrol\u0113 no 1914. l\u012bdz 1999. gadam, kad to p\u0101r\u0146\u0113ma Panama.\u00a0<\/p>\n<p>Tramps ir piepras\u012bjis preferenci\u0101lus nosac\u012bjumus t\u0101 izmanto\u0161anai ASV ku\u0123iem.<\/p>\n<p>Honkong\u0101 b\u0101z\u0113t\u0101 &#8220;Hutchison Holdings&#8221; p\u0101rvalda divas ostas Klusaj\u0101 oke\u0101n\u0101 un Atlantijas oke\u0101n\u0101, bet ir piekritusi t\u0101s p\u0101rdot ASV b\u0101z\u0113tajai &#8220;BlackRock&#8221;.<\/p>\n<p>                    Valodas k\u013c\u016bda rakst\u0101?<\/p>\n<p class=\"d-none d-md-block\">Iez\u012bm\u0113jiet tekstu un spiediet Ctrl+Enter, lai nos\u016bt\u012btu labojamo teksta fragmentu redaktoram! Par faktu k\u013c\u016bd\u0101m l\u016bdzam zi\u0146ot e-past\u0101 <a href=\"https:\/\/www.lsm.lv\/cdn-cgi\/l\/email-protection\" class=\"__cf_email__\" data-cfemail=\"daa8bfbebbb1b9b3b0bb9ab6a9b7f4b6ac\" rel=\"nofollow noopener\" target=\"_blank\">[email\u00a0protected]<\/a>.<\/p>\n<p class=\"d-md-none\">Iez\u012bm\u0113jiet tekstu un spiediet uz Zi\u0146ot par k\u013c\u016bdu pogas, lai nos\u016bt\u012btu labojamo teksta fragmentu redaktoram!<\/p>\n<p>\n                    Zi\u0146ot par k\u013c\u016bdu\n                <\/p>\n","protected":false},"excerpt":{"rendered":"P\u0113c viet\u0113jo varasiest\u0101\u017eu r\u012bkojuma pie ieejas Panamas kan\u0101l\u0101 demont\u0113ts piemineklis \u0136\u012bnas ieguld\u012bjumam noz\u012bm\u012bgaj\u0101 ku\u0123o\u0161anas ce\u013c\u0101 starp Kluso un&hellip;\n","protected":false},"author":2,"featured_media":88732,"comment_status":"","ping_status":"","sticky":false,"template":"","format":"standard","meta":{"footnotes":""},"categories":[14],"tags":[23,57,28,29,32,33,22,30,31,35,39,38,36,37,34,40,20,26,27,24,25,54,55,56,21,58],"class_list":{"0":"post-88731","1":"post","2":"type-post","3":"status-publish","4":"format-standard","5":"has-post-thumbnail","7":"category-zinas-no-arvalstim","8":"tag-aktualitates","9":"tag-arvalstim","10":"tag-breaking-news","11":"tag-breakingnews","12":"tag-featured-news","13":"tag-featurednews","14":"tag-headlines","15":"tag-latest-news","16":"tag-latestnews","17":"tag-latvia","18":"tag-latvian","19":"tag-latviesu","20":"tag-latviesu-valoda","21":"tag-latviesuvaloda","22":"tag-latvija","23":"tag-lv","24":"tag-news","25":"tag-popularakas-zinas","26":"tag-popularakaszinas","27":"tag-top-stories","28":"tag-topstories","29":"tag-world","30":"tag-world-news","31":"tag-worldnews","32":"tag-zinas","33":"tag-zinas-no-arvalstim"},"share_on_mastodon":{"url":"https:\/\/pubeurope.com\/@lv\/115802875212829693","error":""},"_links":{"self":[{"href":"https:\/\/www.europesays.com\/lv\/wp-json\/wp\/v2\/posts\/88731","targetHints":{"allow":["GET"]}}],"collection":[{"href":"https:\/\/www.europesays.com\/lv\/wp-json\/wp\/v2\/posts"}],"about":[{"href":"https:\/\/www.europesays.com\/lv\/wp-json\/wp\/v2\/types\/post"}],"author":[{"embeddable":true,"href":"https:\/\/www.europesays.com\/lv\/wp-json\/wp\/v2\/users\/2"}],"replies":[{"embeddable":true,"href":"https:\/\/www.europesays.com\/lv\/wp-json\/wp\/v2\/comments?post=88731"}],"version-history":[{"count":0,"href":"https:\/\/www.europesays.com\/lv\/wp-json\/wp\/v2\/posts\/88731\/revisions"}],"wp:featuredmedia":[{"embeddable":true,"href":"https:\/\/www.europesays.com\/lv\/wp-json\/wp\/v2\/media\/88732"}],"wp:attachment":[{"href":"https:\/\/www.europesays.com\/lv\/wp-json\/wp\/v2\/media?parent=88731"}],"wp:term":[{"taxonomy":"category","embeddable":true,"href":"https:\/\/www.europesays.com\/lv\/wp-json\/wp\/v2\/categories?post=88731"},{"taxonomy":"post_tag","embeddable":true,"href":"https:\/\/www.europesays.com\/lv\/wp-json\/wp\/v2\/tags?post=88731"}],"curies":[{"name":"wp","href":"https:\/\/api.w.org\/{rel}","templated":true}]}}