{"id":88748,"date":"2025-12-29T12:44:10","date_gmt":"2025-12-29T12:44:10","guid":{"rendered":"https:\/\/www.europesays.com\/lv\/88748\/"},"modified":"2025-12-29T12:44:10","modified_gmt":"2025-12-29T12:44:10","slug":"keita-midltone-britu-vogue-topa-atzita-par-muzigo-ietekmetaju","status":"publish","type":"post","link":"https:\/\/www.europesays.com\/lv\/88748\/","title":{"rendered":"Keita Midltone britu \u201cVogue\u201d top\u0101 atz\u012bta par \u201cm\u016b\u017e\u012bgo ietekm\u0113t\u0101ju\u201d"},"content":{"rendered":"<p>            <img loading=\"lazy\" decoding=\"async\" class=\"size-thumbnail wp-image-3573506 skaties-content-image\" title=\"20250713_zaa_ap2_246.jpg\" src=\"https:\/\/www.europesays.com\/lv\/wp-content\/uploads\/2025\/12\/23f2-6893183080102-672x1008.jpg\" alt=\"20250713_zaa_ap2_246.jpg\" width=\"672\" height=\"1008\"  \/><\/p>\n<p>                FOTO: Stephen Lock \/ i-Images, ZUMAPRESS.com<\/p>\n<p>Starp vi\u0146iem bija ar\u012b 43 gadus vec\u0101 Velsas princese kategorij\u0101 \u201cM\u016b\u017e\u012bg\u0101s ietekm\u0113t\u0101jas\u201d l\u012bdz\u0101s Aleksai \u010cungai, Sjennai Millerei, Keitai Mosai, Naomi Kempbelai un Viktorijai Bekhemai.<\/p>\n<p>\u201cJebkura saruna par britu stilu b\u016btu nepiln\u012bga, ja nemin\u0113tu \u0161\u012bs sievietes, kuras visas ir atbild\u012bgas par vismaz vienu, da\u017ereiz vair\u0101kiem, noz\u012bm\u012bgiem mirk\u013ciem n\u0101cijas attiec\u012bb\u0101s ar modi,\u201d nor\u0101da izdevums un piebilst: \u201d \u2026Vi\u0146u garderobes ir piln\u012bgi at\u0161\u0137ir\u012bgas, bet t\u0101m ir kaut kas kop\u012bgs: visas t\u0101s izraisa tikpat ilgsto\u0161u, cik atpaz\u012bstamu ietekmi.\u201d<\/p>\n<p>Ar\u012b britu \u017eurn\u0101ls \u201cVogue\u201d uzsver, k\u0101 \u201cVelsas princeses klusais atbalsts var main\u012bt z\u012bmolu.\u201d<\/p>\n<p>Avots nesen \u201cPeople\u201d past\u0101st\u012bja, ka Keita Midltone nepl\u0101no nol\u012bgt stilistu, neskatoties uz to, ka vi\u0146as ilggad\u0113j\u0101 person\u012bg\u0101 asistente un stiliste Nata\u0161a \u0100r\u010dere \u0161\u0101 gada s\u0101kum\u0101 pameta pili.<\/p>\n<p class=\"ad-desc ad-desc-main\">Saturs turpin\u0101s p\u0113c rekl\u0101mas<\/p>\n<p class=\"ad-desc ad-desc-sec\">Rekl\u0101ma<\/p>\n<p>\u201cKeita vienm\u0113r ir bijusi \u013coti iesaist\u012bta savu t\u0113rpu izv\u0113l\u0113 karaliskajiem pas\u0101kumiem, bet tagad vi\u0146a ir tik p\u0101rliecin\u0101ta, ka prec\u012bzi zina, kas vi\u0146ai piest\u0101v un kas ne,\u201d atkl\u0101ja inform\u0101cijas avots.<\/p>\n<p>Saska\u0146\u0101 ar vair\u0101kiem avotiem, Velsas princese ir \u013coti praktiska, kad runa ir par vi\u0146as stilu, un liel\u0101ko da\u013cu no t\u0101 veic pati, ar lo\u0123istikas pal\u012bdz\u012bbu no saviem darbiniekiem, kuri koordin\u0113 vi\u0146as izv\u0113l\u0113tos t\u0113rpus.<\/p>\n<p>            <img loading=\"lazy\" decoding=\"async\" class=\"size-thumbnail wp-image-3689313 skaties-content-image\" title=\"20251203_zaa_ap2_266.jpg\" src=\"https:\/\/www.europesays.com\/lv\/wp-content\/uploads\/2025\/12\/e64b-6931368409536-672x1007.jpg\" alt=\"20251203_zaa_ap2_266.jpg\" width=\"672\" height=\"1007\"  \/><\/p>\n<p>                FOTO: Picture by  i-Images \/ Pool, ZUMAPRESS.com<\/p>\n<p>J\u016blij\u0101 \u017eurn\u0101ls \u201cPeople\u201d ekskluz\u012bvi atkl\u0101ja, ka \u0100r\u010dere ir atst\u0101jusi savu amatu, lai dibin\u0101tu savu modes konsult\u0101ciju uz\u0146\u0113mumu. Neskatoties uz neofici\u0101l\u0101s stilistes aizie\u0161anu, \u0100r\u010dere regul\u0101ri darboj\u0101s k\u0101 sava veida starpniece starp karalisko \u0123imeni un dizaineriem, princeses Keitas stils liel\u0101 m\u0113r\u0101 ir palicis nemain\u012bgs.<\/p>\n<p>            <img loading=\"lazy\" decoding=\"async\" class=\"size-thumbnail wp-image-3614796 skaties-content-image\" title=\"20250917_zaa_ap2_322.jpg\" src=\"https:\/\/www.europesays.com\/lv\/wp-content\/uploads\/2025\/10\/17b0-68cbebc52d614-672x448.jpg\" alt=\"20250917_zaa_ap2_322.jpg\" width=\"672\" height=\"448\"  \/><\/p>\n<p>                Princis Viljams un Keita Midltone sv\u0113tku vakari\u0146\u0101s Vindzoras pil\u012b FOTO: i-Images \/ Pool, ZUMAPRESS.com<\/p>\n<p>\u201cEs dom\u0101ju, ka m\u0113s redzam robe\u017eu starp ikdienas t\u0113rpiem un \u0161iem lielajiem p\u0101rsteiguma br\u012b\u017eiem \u2014 piem\u0113ram, zelta kr\u0101sas Phillipa Lepley kleita, ko vi\u0146a valk\u0101ja valsts vakari\u0146\u0101s ar Trampu,\u201d iepriek\u0161 \u201cPeople\u201d past\u0101st\u012bja modes direktore no \u201cThe Telegraph\u201d Betana Holta.<\/p>\n<p>\u201cEs dom\u0101ju, ka vi\u0146a cen\u0161as sabalans\u0113t abus \u0161os savas darba aspektus. Neap\u0161aub\u0101mi par\u0101d\u012bsies jaunas ietekmes, un b\u016bs \u013coti interesanti redz\u0113t, k\u0101 tas main\u012bsies laika gait\u0101, tagad, kad Nata\u0161a ir aizg\u0101jusi,\u201d vi\u0146a piebilda.<\/p>\n<p class=\"tv3-fw-500\">Zi\u0146o par k\u013c\u016bdu rakst\u0101<\/p>\n<p class=\"d-md-block d-none\">Iez\u012bm\u0113 k\u013c\u016bdaino tekstu un spied Ctrl+Enter.<\/p>\n<p class=\"d-md-none d-block\">Iez\u012bm\u0113 k\u013c\u016bdaino tekstu un zi\u0146o par to!<\/p>\n","protected":false},"excerpt":{"rendered":"FOTO: Stephen Lock \/ i-Images, ZUMAPRESS.com Starp vi\u0146iem bija ar\u012b 43 gadus vec\u0101 Velsas princese kategorij\u0101 \u201cM\u016b\u017e\u012bg\u0101s ietekm\u0113t\u0101jas\u201d&hellip;\n","protected":false},"author":2,"featured_media":88749,"comment_status":"","ping_status":"","sticky":false,"template":"","format":"standard","meta":{"footnotes":""},"categories":[14],"tags":[23,57,28,29,32,33,22,22553,30,31,35,39,38,36,37,34,40,20,26,27,24,25,54,55,56,21,58],"class_list":{"0":"post-88748","1":"post","2":"type-post","3":"status-publish","4":"format-standard","5":"has-post-thumbnail","7":"category-zinas-no-arvalstim","8":"tag-aktualitates","9":"tag-arvalstim","10":"tag-breaking-news","11":"tag-breakingnews","12":"tag-featured-news","13":"tag-featurednews","14":"tag-headlines","15":"tag-keita-midltonevogue","16":"tag-latest-news","17":"tag-latestnews","18":"tag-latvia","19":"tag-latvian","20":"tag-latviesu","21":"tag-latviesu-valoda","22":"tag-latviesuvaloda","23":"tag-latvija","24":"tag-lv","25":"tag-news","26":"tag-popularakas-zinas","27":"tag-popularakaszinas","28":"tag-top-stories","29":"tag-topstories","30":"tag-world","31":"tag-world-news","32":"tag-worldnews","33":"tag-zinas","34":"tag-zinas-no-arvalstim"},"share_on_mastodon":{"url":"https:\/\/pubeurope.com\/@lv\/115802922246673035","error":""},"_links":{"self":[{"href":"https:\/\/www.europesays.com\/lv\/wp-json\/wp\/v2\/posts\/88748","targetHints":{"allow":["GET"]}}],"collection":[{"href":"https:\/\/www.europesays.com\/lv\/wp-json\/wp\/v2\/posts"}],"about":[{"href":"https:\/\/www.europesays.com\/lv\/wp-json\/wp\/v2\/types\/post"}],"author":[{"embeddable":true,"href":"https:\/\/www.europesays.com\/lv\/wp-json\/wp\/v2\/users\/2"}],"replies":[{"embeddable":true,"href":"https:\/\/www.europesays.com\/lv\/wp-json\/wp\/v2\/comments?post=88748"}],"version-history":[{"count":0,"href":"https:\/\/www.europesays.com\/lv\/wp-json\/wp\/v2\/posts\/88748\/revisions"}],"wp:featuredmedia":[{"embeddable":true,"href":"https:\/\/www.europesays.com\/lv\/wp-json\/wp\/v2\/media\/88749"}],"wp:attachment":[{"href":"https:\/\/www.europesays.com\/lv\/wp-json\/wp\/v2\/media?parent=88748"}],"wp:term":[{"taxonomy":"category","embeddable":true,"href":"https:\/\/www.europesays.com\/lv\/wp-json\/wp\/v2\/categories?post=88748"},{"taxonomy":"post_tag","embeddable":true,"href":"https:\/\/www.europesays.com\/lv\/wp-json\/wp\/v2\/tags?post=88748"}],"curies":[{"name":"wp","href":"https:\/\/api.w.org\/{rel}","templated":true}]}}