{"id":88766,"date":"2025-12-29T12:56:17","date_gmt":"2025-12-29T12:56:17","guid":{"rendered":"https:\/\/www.europesays.com\/lv\/88766\/"},"modified":"2025-12-29T12:56:17","modified_gmt":"2025-12-29T12:56:17","slug":"sirija-izcelas-sadursmes-tvnet","status":"publish","type":"post","link":"https:\/\/www.europesays.com\/lv\/88766\/","title":{"rendered":"S\u012brij\u0101 izce\u013cas sadursmes &#8211; TVNET"},"content":{"rendered":"<ol>\n<li><a href=\"https:\/\/news.google.com\/rss\/articles\/CBMiY0FVX3lxTE5feW1NZzFodzZBbURHb0F0SHF4eWFNRUZzZUkyVy0yd1ZnaUlvcjZLYktNaTRRMGZmN1UzYzQzMG1tZHV2cU1FbGlRRWc1T3ZON3VKM2VHTkZuQnBpUXk0QlNIRQ?oc=5\" target=\"_blank\" rel=\"nofollow noopener\">S\u012brij\u0101 izce\u013cas sadursmes<\/a>&nbsp;&nbsp;TVNET<\/li>\n<li><a href=\"https:\/\/news.google.com\/rss\/articles\/CBMixgFBVV95cUxPVmF6VUdRWmpjSk1tVDBDN2t0MHV0UVJLazVPaUNfUDQ1bDAyYXZSSmo2UGdoVllvMTR0VGpjQkFja0dUTDNLTlBEa0lqcDlaM2FfZzJYRFVaNG5BSHkxb0RHU1N6dVpwTGgtcGlucjFYLTVDRDJ3Z2o5STBqTm9TQTZQekkzV1UtMzJSN3lpXzIxR29WNXVFLVFYWWNpLW9xSzRkZm5hZTJudW1IWUNNUkhGdGs1a0M5TXNMSmlwNzNiZTVLd2c?oc=5\" target=\"_blank\" rel=\"nofollow noopener\">S\u012brij\u0101 p\u0113c spr\u0101dziena mo\u0161ej\u0101 izce\u013cas sadursmes starp protest\u0113t\u0101jiem \/ Raksts<\/a>&nbsp;&nbsp;LSM<\/li>\n<li><a href=\"https:\/\/news.google.com\/rss\/articles\/CBMirgFBVV95cUxOQ3FNeHZfbWtMZUVmWG5qU095aDRmV0RwYWszLXY0THhFS0xJQmI3c0JUZzRfVy1TZFktcUxza25MbDREOHU4SlhiYWZBNUtwdW42bkJMM0JIeFNLQl9XVTgzNC1vQVp4c1RtMEhwSjczNEl4MHVZeXBldF8xX1NxNmRnd1Z4VmNQZmEtV0d1ZDdTSzhvNkxhWU12R09UVzVnZVNuSDQtbWRMQzk5YlE?oc=5\" target=\"_blank\" rel=\"nofollow noopener\">S\u012brij\u0101 mo\u0161ej\u0101 nogrand spr\u0101dziens, ir ievainotie un boj\u0101g\u0101ju\u0161ie<\/a>&nbsp;&nbsp;Delfi<\/li>\n<li><a href=\"https:\/\/news.google.com\/rss\/articles\/CBMiugFBVV95cUxOeldvbzZUSVNsVzk5TUI5TUN6Z3ViZ1VIOXZ4cUwtMVlOYUFHUk4wUGVPaXMzMzRpVUwwaEUyRHdwUDNQOEJ1ZExES3hPY2VuZTJJTGNTbWs2dURtNUYwQzNDV1lkcTZKcC14YVozQ1Zka2d0alBic3RsMFZpcEx2Sk8zQWFJdTM2MEs1OHRVSE00eFdMMHlDa0E0ZUdQbVBGNjNOSGEtSkJVcndPNGpJV0pCRXR3RFoyUWc?oc=5\" target=\"_blank\" rel=\"nofollow noopener\">Spr\u0101dziens Alav\u012btu mo\u0161ej\u0101 Homs\u0101 piektdienas l\u016bg\u0161anu laik\u0101: vismaz se\u0161i miru\u0161i<\/a>&nbsp;&nbsp;Lente.lv<\/li>\n<li><a href=\"https:\/\/news.google.com\/rss\/articles\/CBMiogFBVV95cUxPZXBTRkNTbzIyODZGVXRjVFdVa2x2bFQyZU5WWDFHSTJtUlVPcTMyWlpWSVRVRHBWV3dURFB5SnlCSmFBNGVFeTZXNm9NYWhoa0dVRFFteFJlWThEeXgtMFJXQUJEOGl2TkxoYTl4Nm1IdnFrb21nY2tqSV9STHN5WUpyTkl1YkNwN1VtMmVmWmtFMzg4NF80WjhWX05IT2ZmbGc?oc=5\" target=\"_blank\" rel=\"nofollow noopener\">Spr\u0101dzien\u0101 mo\u0161ej\u0101 S\u012brij\u0101 boj\u0101 g\u0101ju\u0161i un ievainoti cilv\u0113ki<\/a>&nbsp;&nbsp;Lente.lv<\/li>\n<\/ol>\n","protected":false},"excerpt":{"rendered":"S\u012brij\u0101 izce\u013cas sadursmes&nbsp;&nbsp;TVNET S\u012brij\u0101 p\u0113c spr\u0101dziena mo\u0161ej\u0101 izce\u013cas sadursmes starp protest\u0113t\u0101jiem \/ Raksts&nbsp;&nbsp;LSM S\u012brij\u0101 mo\u0161ej\u0101 nogrand spr\u0101dziens, ir&hellip;\n","protected":false},"author":2,"featured_media":88767,"comment_status":"","ping_status":"","sticky":false,"template":"","format":"standard","meta":{"footnotes":""},"categories":[14],"tags":[23,57,28,29,32,33,22,30,31,35,39,38,36,37,34,40,20,26,27,6923,24,25,54,55,56,21,58],"class_list":{"0":"post-88766","1":"post","2":"type-post","3":"status-publish","4":"format-standard","5":"has-post-thumbnail","7":"category-zinas-no-arvalstim","8":"tag-aktualitates","9":"tag-arvalstim","10":"tag-breaking-news","11":"tag-breakingnews","12":"tag-featured-news","13":"tag-featurednews","14":"tag-headlines","15":"tag-latest-news","16":"tag-latestnews","17":"tag-latvia","18":"tag-latvian","19":"tag-latviesu","20":"tag-latviesu-valoda","21":"tag-latviesuvaloda","22":"tag-latvija","23":"tag-lv","24":"tag-news","25":"tag-popularakas-zinas","26":"tag-popularakaszinas","27":"tag-sirija","28":"tag-top-stories","29":"tag-topstories","30":"tag-world","31":"tag-world-news","32":"tag-worldnews","33":"tag-zinas","34":"tag-zinas-no-arvalstim"},"share_on_mastodon":{"url":"https:\/\/pubeurope.com\/@lv\/115802969458277430","error":""},"_links":{"self":[{"href":"https:\/\/www.europesays.com\/lv\/wp-json\/wp\/v2\/posts\/88766","targetHints":{"allow":["GET"]}}],"collection":[{"href":"https:\/\/www.europesays.com\/lv\/wp-json\/wp\/v2\/posts"}],"about":[{"href":"https:\/\/www.europesays.com\/lv\/wp-json\/wp\/v2\/types\/post"}],"author":[{"embeddable":true,"href":"https:\/\/www.europesays.com\/lv\/wp-json\/wp\/v2\/users\/2"}],"replies":[{"embeddable":true,"href":"https:\/\/www.europesays.com\/lv\/wp-json\/wp\/v2\/comments?post=88766"}],"version-history":[{"count":0,"href":"https:\/\/www.europesays.com\/lv\/wp-json\/wp\/v2\/posts\/88766\/revisions"}],"wp:featuredmedia":[{"embeddable":true,"href":"https:\/\/www.europesays.com\/lv\/wp-json\/wp\/v2\/media\/88767"}],"wp:attachment":[{"href":"https:\/\/www.europesays.com\/lv\/wp-json\/wp\/v2\/media?parent=88766"}],"wp:term":[{"taxonomy":"category","embeddable":true,"href":"https:\/\/www.europesays.com\/lv\/wp-json\/wp\/v2\/categories?post=88766"},{"taxonomy":"post_tag","embeddable":true,"href":"https:\/\/www.europesays.com\/lv\/wp-json\/wp\/v2\/tags?post=88766"}],"curies":[{"name":"wp","href":"https:\/\/api.w.org\/{rel}","templated":true}]}}