{"id":88768,"date":"2025-12-29T12:57:18","date_gmt":"2025-12-29T12:57:18","guid":{"rendered":"https:\/\/www.europesays.com\/lv\/88768\/"},"modified":"2025-12-29T12:57:18","modified_gmt":"2025-12-29T12:57:18","slug":"sogad-migranti-radijusi-ipasi-saspringtu-situaciju-uz-latvijas-robezas-1188-lv","status":"publish","type":"post","link":"https:\/\/www.europesays.com\/lv\/88768\/","title":{"rendered":"\u0160ogad migranti rad\u012bju\u0161i \u012bpa\u0161i saspringtu situ\u0101ciju uz Latvijas robe\u017eas &#8211; 1188.lv"},"content":{"rendered":"<ol>\n<li><a href=\"https:\/\/news.google.com\/rss\/articles\/CBMipAFBVV95cUxPa2QxTUNRNTBWeGxTRzRBbi1wOGV6YTE1NnBZSUFZRllBNE5LZUVnd1JhemZQeXdNNEdCTXgtemxUQWEtQXZiNkptWHV0OXZ1VDdkU2I0cks1RVhPdlpCUjhDQ1VGbmJ4V0Vady02N0JfVlVBUkJScGwzbldndjVDSl93ZVBVTGpCY3FnTlNkZDFEYTQwOGp1Tkg2TWUxV3o4SHE5OQ?oc=5\" target=\"_blank\" rel=\"nofollow noopener\">\u0160ogad migranti rad\u012bju\u0161i \u012bpa\u0161i saspringtu situ\u0101ciju uz Latvijas robe\u017eas<\/a>&nbsp;&nbsp;1188.lv<\/li>\n<li><a href=\"https:\/\/news.google.com\/rss\/articles\/CBMi4AFBVV95cUxOOEt5eVh0MXhWVHh1SE9NNnNUVDF4c1dnYUF0bU42ZnB6V0FabFVEUURieFB3SHNYd21yQThMZlhiWGpCNndMX2hKaVY2VGpBbS1yVV90RzREQkVWemdIQjBXbFNDOWVLUmZPVzZWaEdIM2d1d1E4MjhDazM4eFBBR0pTZkpkSl9Kd1hsQklxZ3dFbElCdENsYlp2NU53YUE4RHZfRGthT28tQ3I3YkI3UXp5NnJFYVpkUXd2NnJMR1BSSDJPemNpMV9IUnZaUzJDa2p3RDc1cXN5eDZsU1c3SA?oc=5\" target=\"_blank\" rel=\"nofollow noopener\">Robe\u017esardzes priek\u0161nieks: Aizvad\u012bts saspringts gads robe\u017ep\u0101rk\u0101p\u0113ju rad\u012bt\u0101 spiediena zi\u0146\u0101 \/ Raksts<\/a>&nbsp;&nbsp;LSM<\/li>\n<li><a href=\"https:\/\/news.google.com\/rss\/articles\/CBMipwFBVV95cUxQSHJzQ3RZUEs1R3F3S01HVkZWX3hiaGpESlVtaDVITGhQOXFaSHJQV3ZhVWlzdTNLSkNVNVZfb2EweWV2dkpYUDNVSmNSbVBGNVNLem9rdWc1eEpZOERSUW8wUXpUZkRRZzJPYlBiZmVDWjlVS1I2SHF2Ujk0WFRIcUhVVHhQaFQtSXZPdTFYWjlITmYzOVBzLUNxZG9HWHVZbHBfeTFZaw?oc=5\" target=\"_blank\" rel=\"nofollow noopener\">&#8220;Atsl\u0101bt nevar!&#8221; Robe\u017esargi turpina c\u012bn\u012bties ar neleg\u0101l\u0101s migr\u0101cijas spiedienu<\/a>&nbsp;&nbsp;TVNET<\/li>\n<li><a href=\"https:\/\/news.google.com\/rss\/articles\/CBMimwFBVV95cUxON051clp6aThON0ctZXhuOEVRVUdSc19KQ3dIY2VNRlcwQzhwWHJMSmpxUnZIb1E1UmpEZWJYeXcwaG4wTjZGNDRsYTFNTWMwT3h6aGFHcE9ycTY3TEd2eXdobThLRnVzaDBNTkZIM0ctTXNzVXBxSEZ4LW11Q0g2dVQ0U18zQ2xUOXp5ZjFoTHBQVmQ1Rl96VF9uQQ?oc=5\" target=\"_blank\" rel=\"nofollow noopener\">Robe\u017eu pastiprin\u0101ti apsarg\u0101s l\u012bdz n\u0101kam\u0101 gada vidum<\/a>&nbsp;&nbsp;Delfi<\/li>\n<li><a href=\"https:\/\/news.google.com\/rss\/articles\/CBMiuwFBVV95cUxOZnZCbktmaElTVDg3VHJvdGFmRVgyUnk1Njh4NXlsblRfWFVaUTJ5d3ZxbkVZc2N2azBGTVB3M1Fnb0dyc3FaaURZblFFV0UyV3kxZzAxS0dTdnloWmVhVFdNYmRVR0JraVJfeTNOWHN2OExKeFFmZGpZcXZmbEJuQTNTdUIwQnBNX1hLNFcxNW9xLWRNX0tCNkZNSC0xT0EzaWJsRzlGdkJQLVRIa0VwdHBCZ3g3aWdnd0dN?oc=5\" target=\"_blank\" rel=\"nofollow noopener\">Intervija ar Valsts robe\u017esardzes priek\u0161nieku, \u0123ener\u0101li Gunti Puj\u0101tu \/ 29.12.2025<\/a>&nbsp;&nbsp;REplay.lv<\/li>\n<\/ol>\n","protected":false},"excerpt":{"rendered":"\u0160ogad migranti rad\u012bju\u0161i \u012bpa\u0161i saspringtu situ\u0101ciju uz Latvijas robe\u017eas&nbsp;&nbsp;1188.lv Robe\u017esardzes priek\u0161nieks: Aizvad\u012bts saspringts gads robe\u017ep\u0101rk\u0101p\u0113ju rad\u012bt\u0101 spiediena zi\u0146\u0101&hellip;\n","protected":false},"author":2,"featured_media":88769,"comment_status":"","ping_status":"","sticky":false,"template":"","format":"standard","meta":{"footnotes":""},"categories":[12],"tags":[129,3781,2901,23,28,29,32,33,22,30,31,35,39,38,36,37,34,40,20,26,27,2902,3782,2903,3783,24,25,21],"class_list":{"0":"post-88768","1":"post","2":"type-post","3":"status-publish","4":"format-standard","5":"has-post-thumbnail","7":"category-latvija","8":"tag-__typenameadvicekeyword","9":"tag-id1059","10":"tag-id1115","11":"tag-aktualitates","12":"tag-breaking-news","13":"tag-breakingnews","14":"tag-featured-news","15":"tag-featurednews","16":"tag-headlines","17":"tag-latest-news","18":"tag-latestnews","19":"tag-latvia","20":"tag-latvian","21":"tag-latviesu","22":"tag-latviesu-valoda","23":"tag-latviesuvaloda","24":"tag-latvija","25":"tag-lv","26":"tag-news","27":"tag-popularakas-zinas","28":"tag-popularakaszinas","29":"tag-slugimigranti","30":"tag-slugvalsts-robezsardze","31":"tag-titleimigranti","32":"tag-titlevalsts-robezsardze","33":"tag-top-stories","34":"tag-topstories","35":"tag-zinas"},"share_on_mastodon":{"url":"https:\/\/pubeurope.com\/@lv\/115802973423055333","error":""},"_links":{"self":[{"href":"https:\/\/www.europesays.com\/lv\/wp-json\/wp\/v2\/posts\/88768","targetHints":{"allow":["GET"]}}],"collection":[{"href":"https:\/\/www.europesays.com\/lv\/wp-json\/wp\/v2\/posts"}],"about":[{"href":"https:\/\/www.europesays.com\/lv\/wp-json\/wp\/v2\/types\/post"}],"author":[{"embeddable":true,"href":"https:\/\/www.europesays.com\/lv\/wp-json\/wp\/v2\/users\/2"}],"replies":[{"embeddable":true,"href":"https:\/\/www.europesays.com\/lv\/wp-json\/wp\/v2\/comments?post=88768"}],"version-history":[{"count":0,"href":"https:\/\/www.europesays.com\/lv\/wp-json\/wp\/v2\/posts\/88768\/revisions"}],"wp:featuredmedia":[{"embeddable":true,"href":"https:\/\/www.europesays.com\/lv\/wp-json\/wp\/v2\/media\/88769"}],"wp:attachment":[{"href":"https:\/\/www.europesays.com\/lv\/wp-json\/wp\/v2\/media?parent=88768"}],"wp:term":[{"taxonomy":"category","embeddable":true,"href":"https:\/\/www.europesays.com\/lv\/wp-json\/wp\/v2\/categories?post=88768"},{"taxonomy":"post_tag","embeddable":true,"href":"https:\/\/www.europesays.com\/lv\/wp-json\/wp\/v2\/tags?post=88768"}],"curies":[{"name":"wp","href":"https:\/\/api.w.org\/{rel}","templated":true}]}}