{"id":88774,"date":"2025-12-29T13:00:06","date_gmt":"2025-12-29T13:00:06","guid":{"rendered":"https:\/\/www.europesays.com\/lv\/88774\/"},"modified":"2025-12-29T13:00:06","modified_gmt":"2025-12-29T13:00:06","slug":"patricija-eiduka-iesak-tour-de-ski-ar-parliecinosu-sprinta-kvalifikacijas-rezultatu-lente-lv","status":"publish","type":"post","link":"https:\/\/www.europesays.com\/lv\/88774\/","title":{"rendered":"Patr\u012bcija Eiduka ies\u0101k &#8220;Tour de Ski&#8221; ar p\u0101rliecino\u0161u sprinta kvalifik\u0101cijas rezult\u0101tu\u00a0\u2014\u00a0Lente.lv"},"content":{"rendered":"<p>Eiduka sasniedz ceturtda\u013cfin\u0101lu presti\u017e\u0101 seri\u0101la s\u0101kum\u0101<\/p>\n<p>Latvijas distan\u010du sl\u0113pot\u0101ja Patr\u012bcija Eiduka veiksm\u012bgi ies\u0101kusi presti\u017eo &#8220;Tour de Ski&#8221; seri\u0101lu, br\u012bv\u0101 stila sprint\u0101 It\u0101lij\u0101 aizvad\u012btaj\u0101 sv\u0113tdien, 28. decembr\u012b, sasniedzot ceturtda\u013cfin\u0101lu un izc\u012bnot 16. vietu. \u0160is rezult\u0101ts ir l\u012bdz \u0161im lab\u0101kais Eidukas sniegums Pasaules kausa sezon\u0101 sprint\u0101. Vi\u0146a starp 90 dal\u012bbniec\u0113m kvalifik\u0101cij\u0101 uzr\u0101d\u012bja 12. rezult\u0101tu, nodro\u0161inot vietu izsl\u0113g\u0161anas sacens\u012bb\u0101s, kur\u0101s start\u0113 tr\u012bsdesmit \u0101tr\u0101k\u0101s sportistes. Eidukas atstatums no kvalifik\u0101cijas uzvar\u0113t\u0101jas, zviedrietes Johannas Hagstr\u0113mas, bija 5,14 sekundes.<\/p>\n<p>P\u0101rliecino\u0161a kvalifik\u0101cija un s\u012bva c\u012b\u0146a ceturtda\u013cfin\u0101l\u0101<\/p>\n<p>Eiduka, start\u0113jot ceturtda\u013cfin\u0101la braucien, cent\u0101s konkur\u0113t ar l\u012bder\u0113m, tom\u0113r fini\u0161\u0113ja ceturt\u0101 sav\u0101 braucien, atpaliekot no brauciena uzvar\u0113t\u0101jas Moas Ilaras no Zviedrijas. Diem\u017e\u0113l vi\u0146as rezult\u0101ts nebija pietiekami \u0101trs, lai kvalific\u0113tos pusfin\u0101lam k\u0101 &#8220;laim\u012bg\u0101 zaud\u0113t\u0101ja&#8221;, t\u0101d\u0113j\u0101di Eiduka nosl\u0113dza lab\u0101ko divdesmitnieku. Vi\u0146as ceturtda\u013cfin\u0101la brauciens bija spraigs, kur\u0101 vi\u0146a l\u012bdz pusdistancei tur\u0113j\u0101s l\u012bdzi l\u012bder\u0113m, ta\u010du p\u0113c nobrauciena zaud\u0113ja poz\u012bciju, lai gan ar neatlaid\u012bgu fini\u0161a spurtu sp\u0113ja apsteigt v\u0101cieti Kr\u0113lu un fini\u0161\u0113t ceturtajai.<\/p>\n<p>Sezonas lab\u0101kais sniegums sprint\u0101 un turpm\u0101kie m\u0113r\u0137i<\/p>\n<p>\u0160is 16. vietas rezult\u0101ts sprint\u0101 &#8220;Tour de Ski&#8221; pirmaj\u0101 posm\u0101 ir Eidukas sezonas lab\u0101kais sasniegums \u0161aj\u0101 discipl\u012bn\u0101. Iepriek\u0161 decembra vid\u016b Davos\u0101 vi\u0146a bija izc\u012bn\u012bjusi 22. vietu sprint\u0101. &#8220;Tour de Ski&#8221; ir viens no presti\u017e\u0101kajiem distan\u010du sl\u0113po\u0161anas seri\u0101liem, kas sast\u0101v no vair\u0101kiem posmiem da\u017e\u0101d\u0101s viet\u0101s un vienm\u0113r ir noz\u012bm\u012bgs p\u0101rbaud\u012bjums sportistu iztur\u012bbai un meistar\u012bbai. Lai gan Eiduka iepriek\u0161 paudusi ba\u017eas par \u0161\u012b gada &#8220;Tour de Ski&#8221; form\u0101tu, kur\u0101 ir daudz klasisk\u0101 stila posmu, vi\u0146a ir ap\u0146\u0113musies c\u012bn\u012bties un dot visu iesp\u0113jamo katr\u0101 etap\u0101. Vi\u0146as karjeras lab\u0101kie rezult\u0101ti Pasaules kausa posmos ir biju\u0161i 5. vieta 20 km iedz\u012b\u0161anas distanc\u0113 br\u012bvaj\u0101 stil\u0101 Oberstdorf\u0101 2023. gad\u0101 un 8. vieta br\u012bv\u0101 stila 10 km distanc\u0113 Davos\u0101 2020. gad\u0101.<\/p>\n<p>Citu Latvijas sportistu sniegums<\/p>\n<p>V\u012brie\u0161u konkurenc\u0113 sprint\u0101 Latviju p\u0101rst\u0101v\u0113ja Lauris Kaparkal\u0113js un Raimo V\u012bgants, ta\u010du vi\u0146i nekvalific\u0113j\u0101s izsl\u0113g\u0161anas sacens\u012bb\u0101m, attiec\u012bgi ie\u0146emot 66. un 74. vietu starp 121 dal\u012bbnieku.<\/p>\n<p>Par &#8220;Tour de Ski&#8221;<\/p>\n<p>&#8220;Tour de Ski&#8221; ir daudzdienu sacens\u012bbas distan\u010du sl\u0113po\u0161an\u0101, kas ir da\u013ca no FIS Pasaules kausa izc\u012b\u0146as. Seri\u0101ls ir iedvesmojies no slaven\u0101 rite\u0146brauk\u0161anas &#8220;Tour de France&#8221;. Sacens\u012bbas parasti sast\u0101v no 6 l\u012bdz 9 posmiem da\u017e\u0101d\u0101s viet\u0101s Eirop\u0101, un uzvar\u0113t\u0101js tiek noteikts p\u0113c kop\u0113j\u0101 laika un bonusa sekun\u017eu ieskait\u012b\u0161anas. T\u016br\u0113 ir ar\u012b \u012bpa\u0161as ieskaites par sprintu un k\u0101pumu fini\u0161a kaln\u0101.<\/p>\n","protected":false},"excerpt":{"rendered":"Eiduka sasniedz ceturtda\u013cfin\u0101lu presti\u017e\u0101 seri\u0101la s\u0101kum\u0101 Latvijas distan\u010du sl\u0113pot\u0101ja Patr\u012bcija Eiduka veiksm\u012bgi ies\u0101kusi presti\u017eo &#8220;Tour de Ski&#8221; seri\u0101lu,&hellip;\n","protected":false},"author":2,"featured_media":88775,"comment_status":"","ping_status":"","sticky":false,"template":"","format":"standard","meta":{"footnotes":""},"categories":[17],"tags":[8196,35,39,38,36,37,34,40,2560,8094,67,17610,22554],"class_list":{"0":"post-88774","1":"post","2":"type-post","3":"status-publish","4":"format-standard","5":"has-post-thumbnail","7":"category-sports","8":"tag-distancu-sleposana","9":"tag-latvia","10":"tag-latvian","11":"tag-latviesu","12":"tag-latviesu-valoda","13":"tag-latviesuvaloda","14":"tag-latvija","15":"tag-lv","16":"tag-pasaules-kauss","17":"tag-patricija-eiduka","18":"tag-sports","19":"tag-sprints","20":"tag-tour-de-ski"},"share_on_mastodon":{"url":"https:\/\/pubeurope.com\/@lv\/115802985171988658","error":""},"_links":{"self":[{"href":"https:\/\/www.europesays.com\/lv\/wp-json\/wp\/v2\/posts\/88774","targetHints":{"allow":["GET"]}}],"collection":[{"href":"https:\/\/www.europesays.com\/lv\/wp-json\/wp\/v2\/posts"}],"about":[{"href":"https:\/\/www.europesays.com\/lv\/wp-json\/wp\/v2\/types\/post"}],"author":[{"embeddable":true,"href":"https:\/\/www.europesays.com\/lv\/wp-json\/wp\/v2\/users\/2"}],"replies":[{"embeddable":true,"href":"https:\/\/www.europesays.com\/lv\/wp-json\/wp\/v2\/comments?post=88774"}],"version-history":[{"count":0,"href":"https:\/\/www.europesays.com\/lv\/wp-json\/wp\/v2\/posts\/88774\/revisions"}],"wp:featuredmedia":[{"embeddable":true,"href":"https:\/\/www.europesays.com\/lv\/wp-json\/wp\/v2\/media\/88775"}],"wp:attachment":[{"href":"https:\/\/www.europesays.com\/lv\/wp-json\/wp\/v2\/media?parent=88774"}],"wp:term":[{"taxonomy":"category","embeddable":true,"href":"https:\/\/www.europesays.com\/lv\/wp-json\/wp\/v2\/categories?post=88774"},{"taxonomy":"post_tag","embeddable":true,"href":"https:\/\/www.europesays.com\/lv\/wp-json\/wp\/v2\/tags?post=88774"}],"curies":[{"name":"wp","href":"https:\/\/api.w.org\/{rel}","templated":true}]}}