{"id":88789,"date":"2025-12-29T13:08:25","date_gmt":"2025-12-29T13:08:25","guid":{"rendered":"https:\/\/www.europesays.com\/lv\/88789\/"},"modified":"2025-12-29T13:08:25","modified_gmt":"2025-12-29T13:08:25","slug":"kosovas-parlamenta-pirmstermina-velesanas-uzvarejusi-premjera-kurti-partija-raksts","status":"publish","type":"post","link":"https:\/\/www.europesays.com\/lv\/88789\/","title":{"rendered":"Kosovas parlamenta pirmstermi\u0146a v\u0113l\u0113\u0161an\u0101s uzvar\u0113jusi premjera Kurti partija \/ Raksts"},"content":{"rendered":"<p>Kosovas parlamenta pirmstermi\u0146a v\u0113l\u0113\u0161an\u0101s p\u0101rliecino\u0161u uzvar\u0113jusi premjerministra Albina Kurti kreisi centrisk\u0101 Pa\u0161noteik\u0161an\u0101s kust\u012bba (LVV), liecina Centr\u0101l\u0101s v\u0113l\u0113\u0161anu komisijas publiskotie provizoriskie rezult\u0101ti.<\/p>\n<p>P\u0113c gandr\u012bz visu balsu saskait\u012b\u0161anas LVV ir l\u012bdere ar 49,3\u00a0% balsu.<\/p>\n<p>Centriski lab\u0113j\u0101 Kosovas Demokr\u0101tisk\u0101 partija (PDK), kuras galvenos l\u012bderus H\u0101gas tribun\u0101ls ir aps\u016bdz\u0113jis kara noziegumos, ieguvusi 21\u00a0% balsu, savuk\u0101rt konservat\u012bvo Kosovas Demokr\u0101tisko l\u012bgu (LDK) atbalst\u012bju\u0161i 13,6\u00a0% v\u0113l\u0113t\u0101ju.<\/p>\n<p>Lab\u0113j\u0101 alb\u0101\u0146u nacion\u0101listu partija Kosovas Br\u012bv\u012bbas alianse (AAK) ieguvusi 5,7\u00a0% balsu, savuk\u0101rt Serbu saraksts, kas cie\u0161i saist\u012bts ar kaimi\u0146os eso\u0161\u0101s Serbijas varasiest\u0101d\u0113m, 4,7\u00a0% balsu.<\/p>\n<p>Kopum\u0101 v\u0113l\u0113t\u0101jiem izv\u0113le bija j\u0101izdara starp 24 sarakstiem.\u00a0V\u0113l\u0113\u0161an\u0101s balssties\u012bbas bija gandr\u012bz diviem miljoniem cilv\u0113ku, un v\u0113l\u0113t\u0101ju aktivit\u0101te bija 45\u00a0%.<\/p>\n<p>Provizoriskie rezult\u0101ti liecina, ka LVV var\u0113tu ieg\u016bt apm\u0113ram 56 no 120 parlamenta deput\u0101tu mand\u0101tiem, t\u0101d\u0113j\u0101di partija nav ieguvusi vair\u0101kumu.<\/p>\n<p>&#8220;Mums p\u0113c iesp\u0113jas \u0101tr\u0101k j\u0101virz\u0101s uz priek\u0161u, lai izveidotu vald\u012bbu,&#8221; Kurti sac\u012bja p\u0113c provizorisko rezult\u0101tu public\u0113\u0161anas un aicin\u0101ja opoz\u012bcijas partijas sadarboties parlament\u0101 &#8220;pilso\u0146u un tautas interes\u0113s&#8221;.<\/p>\n<p>V\u0113l\u0113\u0161anas tika uzskat\u012btas par veidu, k\u0101 p\u0101rtraukt desmit m\u0113ne\u0161us ilgu\u0161o politisko strupce\u013cu, cerot, ka tas \u013caus atjaunot \u0101rvalstu finans\u0113jumu vienai no Eiropas nabadz\u012bg\u0101kaj\u0101m valst\u012bm.<\/p>\n<p>Sv\u0113tdien notiku\u0161\u0101s Kosovas parlamenta pirmstermi\u0146a v\u0113l\u0113\u0161anas bija otr\u0101s 11 m\u0113ne\u0161u laik\u0101.\u00a0Pirmstermi\u0146a v\u0113l\u0113\u0161anas bija nepiecie\u0161amas, jo, lai gan LVV uzvar\u0113ja 9. febru\u0101r\u012b notiku\u0161aj\u0101s v\u0113l\u0113\u0161an\u0101s, t\u0101 nesp\u0113ja nodro\u0161in\u0101t absol\u016bto vair\u0101kumu.\u00a0Jaunais parlaments nesp\u0113ja vienoties par vald\u012bbu, un l\u012bdz ar to tika izsludin\u0101tas \u0101rk\u0101rtas v\u0113l\u0113\u0161anas.<\/p>\n<p>Kurti pilda premjerministra pien\u0101kumus jau 11 m\u0113ne\u0161us, kam\u0113r sa\u0161\u0137eltais parlaments past\u0101v\u012bgi novilcin\u0101ja balsojumus par jaun\u0101s vald\u012bbas apstiprin\u0101\u0161anu.\u00a0<\/p>\n<p>Kurti p\u0101rvalda Kosovu kop\u0161 2021. gada, \u012bstenojot reformu programmu, kuras rezult\u0101ti l\u012bdz \u0161im ir biju\u0161i da\u017e\u0101di. Tom\u0113r vi\u0146\u0161 \u0161aj\u0101s v\u0113l\u0113\u0161an\u0101s cer\u0113ja uz p\u0101rliecino\u0161u uzvaru, l\u012bdz\u012bgi k\u0101 2021. gad\u0101, kad vi\u0146\u0161 praktiski viens pats sp\u0113ja izveidot vald\u012bbu.\u00a0<\/p>\n<p>Pirms febru\u0101ra v\u0113l\u0113\u0161an\u0101m Kurti sol\u012bja p\u0101rvald\u012bt Kosovu &#8220;no viena gala l\u012bdz otram&#8221;, ar\u012b teritorijas, kuras pla\u0161i apdz\u012bvo serbi.\u00a0Pirms \u0161\u012bm v\u0113l\u0113\u0161an\u0101m vi\u0146\u0161 koncentr\u0113j\u0101s uz ekonomiku, \u012bpa\u0161i nepiev\u0113r\u0161oties attiec\u012bb\u0101m ar Serbiju, kas nav atzinusi biju\u0161\u0101s provinces 2008. gad\u0101 pasludin\u0101to neatkar\u012bbu.<\/p>\n<p>                    Valodas k\u013c\u016bda rakst\u0101?<\/p>\n<p class=\"d-none d-md-block\">Iez\u012bm\u0113jiet tekstu un spiediet Ctrl+Enter, lai nos\u016bt\u012btu labojamo teksta fragmentu redaktoram! Par faktu k\u013c\u016bd\u0101m l\u016bdzam zi\u0146ot e-past\u0101 <a href=\"https:\/\/www.lsm.lv\/cdn-cgi\/l\/email-protection\" class=\"__cf_email__\" data-cfemail=\"91e3f4f5f0faf2f8fbf0d1fde2fcbffde7\" rel=\"nofollow noopener\" target=\"_blank\">[email\u00a0protected]<\/a>.<\/p>\n<p class=\"d-md-none\">Iez\u012bm\u0113jiet tekstu un spiediet uz Zi\u0146ot par k\u013c\u016bdu pogas, lai nos\u016bt\u012btu labojamo teksta fragmentu redaktoram!<\/p>\n<p>\n                    Zi\u0146ot par k\u013c\u016bdu\n                <\/p>\n","protected":false},"excerpt":{"rendered":"Kosovas parlamenta pirmstermi\u0146a v\u0113l\u0113\u0161an\u0101s p\u0101rliecino\u0161u uzvar\u0113jusi premjerministra Albina Kurti kreisi centrisk\u0101 Pa\u0161noteik\u0161an\u0101s kust\u012bba (LVV), liecina Centr\u0101l\u0101s v\u0113l\u0113\u0161anu komisijas&hellip;\n","protected":false},"author":2,"featured_media":88790,"comment_status":"","ping_status":"","sticky":false,"template":"","format":"standard","meta":{"footnotes":""},"categories":[14],"tags":[23,57,28,29,32,33,22,30,31,35,39,38,36,37,34,40,20,26,27,24,25,54,55,56,21,58],"class_list":{"0":"post-88789","1":"post","2":"type-post","3":"status-publish","4":"format-standard","5":"has-post-thumbnail","7":"category-zinas-no-arvalstim","8":"tag-aktualitates","9":"tag-arvalstim","10":"tag-breaking-news","11":"tag-breakingnews","12":"tag-featured-news","13":"tag-featurednews","14":"tag-headlines","15":"tag-latest-news","16":"tag-latestnews","17":"tag-latvia","18":"tag-latvian","19":"tag-latviesu","20":"tag-latviesu-valoda","21":"tag-latviesuvaloda","22":"tag-latvija","23":"tag-lv","24":"tag-news","25":"tag-popularakas-zinas","26":"tag-popularakaszinas","27":"tag-top-stories","28":"tag-topstories","29":"tag-world","30":"tag-world-news","31":"tag-worldnews","32":"tag-zinas","33":"tag-zinas-no-arvalstim"},"share_on_mastodon":{"url":"https:\/\/pubeurope.com\/@lv\/115803016642054914","error":""},"_links":{"self":[{"href":"https:\/\/www.europesays.com\/lv\/wp-json\/wp\/v2\/posts\/88789","targetHints":{"allow":["GET"]}}],"collection":[{"href":"https:\/\/www.europesays.com\/lv\/wp-json\/wp\/v2\/posts"}],"about":[{"href":"https:\/\/www.europesays.com\/lv\/wp-json\/wp\/v2\/types\/post"}],"author":[{"embeddable":true,"href":"https:\/\/www.europesays.com\/lv\/wp-json\/wp\/v2\/users\/2"}],"replies":[{"embeddable":true,"href":"https:\/\/www.europesays.com\/lv\/wp-json\/wp\/v2\/comments?post=88789"}],"version-history":[{"count":0,"href":"https:\/\/www.europesays.com\/lv\/wp-json\/wp\/v2\/posts\/88789\/revisions"}],"wp:featuredmedia":[{"embeddable":true,"href":"https:\/\/www.europesays.com\/lv\/wp-json\/wp\/v2\/media\/88790"}],"wp:attachment":[{"href":"https:\/\/www.europesays.com\/lv\/wp-json\/wp\/v2\/media?parent=88789"}],"wp:term":[{"taxonomy":"category","embeddable":true,"href":"https:\/\/www.europesays.com\/lv\/wp-json\/wp\/v2\/categories?post=88789"},{"taxonomy":"post_tag","embeddable":true,"href":"https:\/\/www.europesays.com\/lv\/wp-json\/wp\/v2\/tags?post=88789"}],"curies":[{"name":"wp","href":"https:\/\/api.w.org\/{rel}","templated":true}]}}