{"id":88798,"date":"2025-12-29T13:14:09","date_gmt":"2025-12-29T13:14:09","guid":{"rendered":"https:\/\/www.europesays.com\/lv\/88798\/"},"modified":"2025-12-29T13:14:09","modified_gmt":"2025-12-29T13:14:09","slug":"video-jus-varetu-doties-ara-tramps-florida-no-savas-rezidences-izraidijis-vairakus-zurnalistus","status":"publish","type":"post","link":"https:\/\/www.europesays.com\/lv\/88798\/","title":{"rendered":"VIDEO. \u201cJ\u016bs var\u0113tu doties \u0101r\u0101!\u201d Tramps Florid\u0101 no savas rezidences izraid\u012bjis vair\u0101kus \u017eurn\u0101listus"},"content":{"rendered":"<p>    <img decoding=\"async\" src=\"https:\/\/www.europesays.com\/lv\/wp-content\/uploads\/2025\/12\/afp_8978668-1024x683.jpg\" alt=\"&#10;\"\/><\/p>\n<p>Foto: AFP\/Scanpix\n<\/p>\n<p>10:00, 29. decembris 2025<\/p>\n<p>Tik\u0161an\u0101s laik\u0101 Florid\u0101, pirms pusdien\u0101m ar Ukrainas prezidentu Volodimiru Zelenski ASV prezidents Donalds Tramps sar\u016bp\u0113jis visai neparastu pieredzi ar\u012b \u017eurn\u0101listiem. K\u0101 v\u0113sta dialog.ua, Florid\u0101, ASV un Ukrainas deleg\u0101ciju tik\u0161an\u0101s laik\u0101, Tramps mediju p\u0101rst\u0101vjus aicin\u0101ja pamest telpu un pusdienot \u0101r\u0101, vienlaikus pajokojot par to, vai pusdieno\u0161ana netiks uzskat\u012bta k\u0101 kuku\u013ca sa\u0146em\u0161ana.<\/p>\n<p>        Las\u012bt\u0101kie<br \/>\n        <a data-imagesrc=\"{&quot;300&quot;:&quot;https:\\\/\\\/lastatic.ams3.cdn.digitaloceanspaces.com\\\/2017\\\/12\\\/jaunais-300x200.jpg&quot;,&quot;768&quot;:&quot;https:\\\/\\\/lastatic.ams3.cdn.digitaloceanspaces.com\\\/2017\\\/12\\\/jaunais-768x512.jpg&quot;,&quot;80&quot;:&quot;https:\\\/\\\/lastatic.ams3.cdn.digitaloceanspaces.com\\\/2017\\\/12\\\/jaunais-80x48.jpg&quot;,&quot;112&quot;:&quot;https:\\\/\\\/lastatic.ams3.cdn.digitaloceanspaces.com\\\/2017\\\/12\\\/jaunais-112x64.jpg&quot;,&quot;664&quot;:&quot;https:\\\/\\\/lastatic.ams3.cdn.digitaloceanspaces.com\\\/2017\\\/12\\\/jaunais-664x443.jpg&quot;,&quot;240&quot;:&quot;https:\\\/\\\/lastatic.ams3.cdn.digitaloceanspaces.com\\\/2017\\\/12\\\/jaunais-240x160.jpg&quot;,&quot;263&quot;:&quot;https:\\\/\\\/lastatic.ams3.cdn.digitaloceanspaces.com\\\/2017\\\/12\\\/jaunais-263x175.jpg&quot;,&quot;507&quot;:&quot;https:\\\/\\\/lastatic.ams3.cdn.digitaloceanspaces.com\\\/2017\\\/12\\\/jaunais-507x338.jpg&quot;,&quot;118&quot;:&quot;https:\\\/\\\/lastatic.ams3.cdn.digitaloceanspaces.com\\\/2017\\\/12\\\/jaunais-118x70.jpg&quot;,&quot;348&quot;:&quot;https:\\\/\\\/lastatic.ams3.cdn.digitaloceanspaces.com\\\/2017\\\/12\\\/jaunais-348x225.jpg&quot;,&quot;640&quot;:&quot;https:\\\/\\\/lastatic.ams3.cdn.digitaloceanspaces.com\\\/2017\\\/12\\\/jaunais-640x640.jpg&quot;,&quot;90&quot;:&quot;https:\\\/\\\/lastatic.ams3.cdn.digitaloceanspaces.com\\\/2017\\\/12\\\/jaunais-90x58.jpg&quot;,&quot;960&quot;:&quot;https:\\\/\\\/lastatic.ams3.cdn.digitaloceanspaces.com\\\/2017\\\/12\\\/jaunais.jpg&quot;}\" data-focuspoint=\"&quot;&quot;\" data-p=\"2477013\" href=\"https:\/\/www.la.lv\/ko-vilkt-mugura-sagaidot-uguniga-zirga-gadu-padomi-katrai-zodiaka-zimei-lai-piesaistitu-veiksmi-un-harmoniju\" class=\"content-item lazy-load\" wp_automatic_readability=\"27.5\" rel=\"nofollow noopener\" target=\"_blank\"><\/p>\n<p>                                <img decoding=\"async\" src=\"\" alt=\"\" style=\"\" data-imageid=\"\"\/><\/p>\n<p>                                Kokteilis<\/p>\n<p>\n                                                Ko vilkt mugur\u0101, sagaidot Ugun\u012bg\u0101 Zirga gadu? Padomi katrai zodiaka z\u012bmei, lai piesaist\u012btu veiksmi un harmoniju\n                            <\/p>\n<p><\/a><a data-imagesrc=\"{&quot;300&quot;:&quot;https:\\\/\\\/lastatic.ams3.cdn.digitaloceanspaces.com\\\/2023\\\/12\\\/LET_24751196-1-300x197.jpg&quot;,&quot;768&quot;:&quot;https:\\\/\\\/lastatic.ams3.cdn.digitaloceanspaces.com\\\/2023\\\/12\\\/LET_24751196-1-768x503.jpg&quot;,&quot;200&quot;:&quot;https:\\\/\\\/lastatic.ams3.cdn.digitaloceanspaces.com\\\/2023\\\/12\\\/LET_24751196-1-200x131.jpg&quot;,&quot;400&quot;:&quot;https:\\\/\\\/lastatic.ams3.cdn.digitaloceanspaces.com\\\/2023\\\/12\\\/LET_24751196-1-400x262.jpg&quot;,&quot;500&quot;:&quot;https:\\\/\\\/lastatic.ams3.cdn.digitaloceanspaces.com\\\/2023\\\/12\\\/LET_24751196-1-500x328.jpg&quot;,&quot;800&quot;:&quot;https:\\\/\\\/lastatic.ams3.cdn.digitaloceanspaces.com\\\/2023\\\/12\\\/LET_24751196-1-800x524.jpg&quot;,&quot;1000&quot;:&quot;https:\\\/\\\/lastatic.ams3.cdn.digitaloceanspaces.com\\\/2023\\\/12\\\/LET_24751196-1.jpg&quot;}\" data-focuspoint=\"&quot;&quot;\" data-p=\"2481553\" href=\"https:\/\/www.la.lv\/silinai-udens-jo-jabut-ar-skaidru-galvu-bet-caksai-konjacins-uz-kuru-ciere-ari-finansu-ministrs-puce-izpeta-kadu-it-ka-nevainigu-foto-no-saeimas\" class=\"content-item lazy-load\" wp_automatic_readability=\"28\" rel=\"nofollow noopener\" target=\"_blank\"><\/p>\n<p>                                <img decoding=\"async\" src=\"\" alt=\"\" style=\"\" data-imageid=\"\"\/><\/p>\n<p>                                TV24<\/p>\n<p>                                            \u201cSili\u0146ai \u016bdens, jo j\u0101b\u016bt ar skaidru galvu, bet \u010cak\u0161ai konjaci\u0146\u0161, uz kuru cier\u0113 ar\u012b finan\u0161u ministrs!\u201d Pu\u010de izp\u0113ta k\u0101du it k\u0101 nevain\u012bgu foto no Saeimas\n                            <\/p>\n<p><\/a><a data-imagesrc=\"{&quot;300&quot;:&quot;https:\\\/\\\/lastatic.ams3.cdn.digitaloceanspaces.com\\\/2025\\\/12\\\/Facebook-300x225.jpg&quot;,&quot;1024&quot;:&quot;https:\\\/\\\/lastatic.ams3.cdn.digitaloceanspaces.com\\\/2025\\\/12\\\/Facebook-1024x768.jpg&quot;,&quot;1536&quot;:&quot;https:\\\/\\\/lastatic.ams3.cdn.digitaloceanspaces.com\\\/2025\\\/12\\\/Facebook-1536x1152.jpg&quot;,&quot;500&quot;:&quot;https:\\\/\\\/lastatic.ams3.cdn.digitaloceanspaces.com\\\/2025\\\/12\\\/Facebook-500x375.jpg&quot;,&quot;800&quot;:&quot;https:\\\/\\\/lastatic.ams3.cdn.digitaloceanspaces.com\\\/2025\\\/12\\\/Facebook-800x600.jpg&quot;,&quot;1600&quot;:&quot;https:\\\/\\\/lastatic.ams3.cdn.digitaloceanspaces.com\\\/2025\\\/12\\\/Facebook.jpg&quot;}\" data-focuspoint=\"&quot;&quot;\" data-p=\"2486385\" href=\"https:\/\/www.la.lv\/novelos-uz-vedera-un-auto-speks-mani-slukus-velk-pa-asfaltu-liesma-piedzivojusi-visai-biedejosu-situaciju-kas-velreiz-atgadina-cik-trausla-ir-dziviba\" class=\"content-item lazy-load\" wp_automatic_readability=\"27.5\" rel=\"nofollow noopener\" target=\"_blank\"><\/p>\n<p>                                <img decoding=\"async\" src=\"\" alt=\"\" style=\"\" data-imageid=\"\"\/><\/p>\n<p>\n                                                \u201cNove\u013cos uz v\u0113dera un auto sp\u0113ks mani \u0161\u013c\u016bkus velk pa asfaltu\u2026\u201d Liesma piedz\u012bvojusi visai bied\u0113jo\u0161u situ\u0101ciju, kas v\u0113lreiz atg\u0101dina, cik trausla ir dz\u012bv\u012bba<\/p>\n<p><\/a><br \/>\n        <a class=\"read-more\" href=\"https:\/\/www.la.lv\/top\" rel=\"nofollow noopener\" target=\"_blank\">Las\u012bt citas zi\u0146as<\/a><\/p>\n<p>K\u0101 redzams Balt\u0101 nama public\u0113taj\u0101 video soci\u0101laj\u0101 t\u012bkl\u0101 \u201cX\u201d, Tramps, uzrun\u0101jot \u017eurn\u0101listus, sac\u012bja, ka vi\u0146i var\u0113tu doties \u0101rpus vi\u0146a \u201cMar-a-Lago\u201d \u012bpa\u0161uma, lai ietur\u0113tu malt\u012bti, ko sag\u0101d\u0101ju\u0161i Trampa \u0161efpav\u0101ri. <\/p>\n<p>\u201cJ\u016bs var\u0113tu doties \u0101r\u0101 un pa\u0113st. Vai v\u0113laties \u0113st, vai ar\u012b uzskat\u0101t to par kukuli un t\u0101p\u0113c vairs nevar\u0113siet rakst\u012bt god\u012bgi? Margo, izvediet vi\u0146us uz ielas un pasakiet \u0161efpav\u0101ram, lai vi\u0146\u0161 pagatavo vi\u0146iem gar\u0161\u012bgas pusdienas,\u201d sac\u012bja Balt\u0101 nama vad\u012bt\u0101js.<\/p>\n<p>    CITI \u0160OBR\u012aD LASA<\/p>\n<p>K\u0101 nor\u0101da izdevums, ASV prezidenta vill\u0101, kur\u0101 dz\u012bvo visa vi\u0146a \u0123imene, viesiem tika pasniegts steiks ar fr\u012b katupe\u013ciem un vistas buljons. Ta\u010du desert\u0101 Tramps cien\u0101ja ar pavisam \u012bpa\u0161u \u201cTrampa k\u016bku\u201d.<\/p>\n<p>Lai gan ar\u012b \u017eurn\u0101listus Tramps cien\u0101ja, vi\u0146iem n\u0101c\u0101s iztikt ar pietic\u012bg\u0101ku pied\u0101v\u0101jumu \u2013 \u016bdeni, cepumiem, hotdogiem, kokosriekstu skaidi\u0146\u0101s apvi\u013c\u0101tiem kalm\u0101riem, steiku un fr\u012b kartupe\u013ciem. <\/p>\n<blockquote class=\"twitter-tweet\" data-media-max-width=\"560\" wp_automatic_readability=\"6.7070063694268\">\n<p lang=\"en\" dir=\"ltr\">President Trump Participates in a Bilateral Meeting with the President of Ukraine <a href=\"https:\/\/t.co\/IczblVCMbc\" rel=\"nofollow\">https:\/\/t.co\/IczblVCMbc<\/a><\/p>\n<p>\u2014 The White House (@WhiteHouse) <a href=\"https:\/\/twitter.com\/WhiteHouse\/status\/2005348216951222604?ref_src=twsrc%5Etfw\" rel=\"nofollow noopener\" target=\"_blank\">December 28, 2025<\/a><\/p>\n<\/blockquote>\n<p>T\u0113mas<\/p>\n<p>    SAIST\u012aTIE RAKSTI<\/p>\n<p>                            <script async src=\"https:\/\/platform.twitter.com\/widgets.js\" charset=\"utf-8\"><\/script><\/p>\n","protected":false},"excerpt":{"rendered":"Foto: AFP\/Scanpix 10:00, 29. decembris 2025 Tik\u0161an\u0101s laik\u0101 Florid\u0101, pirms pusdien\u0101m ar Ukrainas prezidentu Volodimiru Zelenski ASV prezidents&hellip;\n","protected":false},"author":2,"featured_media":88799,"comment_status":"","ping_status":"","sticky":false,"template":"","format":"standard","meta":{"footnotes":""},"categories":[14],"tags":[23,57,28,29,32,33,22,30,31,35,39,38,36,37,34,40,20,26,27,24,25,54,55,56,21,58],"class_list":{"0":"post-88798","1":"post","2":"type-post","3":"status-publish","4":"format-standard","5":"has-post-thumbnail","7":"category-zinas-no-arvalstim","8":"tag-aktualitates","9":"tag-arvalstim","10":"tag-breaking-news","11":"tag-breakingnews","12":"tag-featured-news","13":"tag-featurednews","14":"tag-headlines","15":"tag-latest-news","16":"tag-latestnews","17":"tag-latvia","18":"tag-latvian","19":"tag-latviesu","20":"tag-latviesu-valoda","21":"tag-latviesuvaloda","22":"tag-latvija","23":"tag-lv","24":"tag-news","25":"tag-popularakas-zinas","26":"tag-popularakaszinas","27":"tag-top-stories","28":"tag-topstories","29":"tag-world","30":"tag-world-news","31":"tag-worldnews","32":"tag-zinas","33":"tag-zinas-no-arvalstim"},"share_on_mastodon":{"url":"https:\/\/pubeurope.com\/@lv\/115803040231788603","error":""},"_links":{"self":[{"href":"https:\/\/www.europesays.com\/lv\/wp-json\/wp\/v2\/posts\/88798","targetHints":{"allow":["GET"]}}],"collection":[{"href":"https:\/\/www.europesays.com\/lv\/wp-json\/wp\/v2\/posts"}],"about":[{"href":"https:\/\/www.europesays.com\/lv\/wp-json\/wp\/v2\/types\/post"}],"author":[{"embeddable":true,"href":"https:\/\/www.europesays.com\/lv\/wp-json\/wp\/v2\/users\/2"}],"replies":[{"embeddable":true,"href":"https:\/\/www.europesays.com\/lv\/wp-json\/wp\/v2\/comments?post=88798"}],"version-history":[{"count":0,"href":"https:\/\/www.europesays.com\/lv\/wp-json\/wp\/v2\/posts\/88798\/revisions"}],"wp:featuredmedia":[{"embeddable":true,"href":"https:\/\/www.europesays.com\/lv\/wp-json\/wp\/v2\/media\/88799"}],"wp:attachment":[{"href":"https:\/\/www.europesays.com\/lv\/wp-json\/wp\/v2\/media?parent=88798"}],"wp:term":[{"taxonomy":"category","embeddable":true,"href":"https:\/\/www.europesays.com\/lv\/wp-json\/wp\/v2\/categories?post=88798"},{"taxonomy":"post_tag","embeddable":true,"href":"https:\/\/www.europesays.com\/lv\/wp-json\/wp\/v2\/tags?post=88798"}],"curies":[{"name":"wp","href":"https:\/\/api.w.org\/{rel}","templated":true}]}}